{"id":129912,"date":"2025-09-21T16:30:09","date_gmt":"2025-09-21T16:30:09","guid":{"rendered":"https:\/\/www.europesays.com\/es\/129912\/"},"modified":"2025-09-21T16:30:09","modified_gmt":"2025-09-21T16:30:09","slug":"lo-que-digan-ayuso-y-el-sobre-gaza-me-importa-poco","status":"publish","type":"post","link":"https:\/\/www.europesays.com\/es\/129912\/","title":{"rendered":"Lo que digan Ayuso y \u00e9l sobre Gaza me importa poco"},"content":{"rendered":"<p class=\"article-text\">\n        <strong>Joaqu\u00edn Reyes<\/strong> prefiere no escuchar lo que <strong>Ayuso <\/strong>y <strong>Aznar <\/strong>tengan que decir sobre la masacre que <strong>Israel <\/strong>est\u00e1 cometiendo en <strong>Gaza<\/strong>.\n    <\/p>\n<p>    <a href=\"https:\/\/www.eldiario.es\/series\/la-que-se-avecina-duracion-capitulos-temporada-16-amazon-prime-video-telecinco-laura-caballero_1_12620084.html\" data-mrf-recirculation=\"saber-mas\" data-dl-event=\"saber-mas\" rel=\"nofollow noopener\" target=\"_blank\"><\/p>\n<p class=\"know-more__title\">&#8216;La que se avecina&#8217; reducir\u00e1 la duraci\u00f3n de sus cap\u00edtulos con el estreno de la temporada 16: \u00abEs una bendici\u00f3n\u00bb<\/p>\n<p>            <img decoding=\"async\" class=\"lazy\" loading=\"lazy\" data-src=\"https:\/\/static.eldiario.es\/clip\/b003c3f4-59b1-4d8d-aa52-6b82aa905653_16-9-aspect-ratio_default_0.jpg\" src=\"data:image\/svg+xml,%3Csvg xmlns=\" http:=\"\" viewbox=\"0 0 880 495\" alt=\"'La que se avecina' reducir\u00e1 la duraci\u00f3n de sus cap\u00edtulos con el estreno de la temporada 16: &quot;Es una bendici\u00f3n&quot;\"\/><\/p>\n<p>                        <\/a><\/p>\n<p class=\"article-text\">\n        Entrevistado este s\u00e1bado en <strong>laSexta Xplica<\/strong>, el humorista critic\u00f3 la posici\u00f3n adoptaba por estos dos pol\u00edticos del PP. \u201cDemuestra muy poca humanidad que miren para otro lado cuando se est\u00e1 matando a ni\u00f1os y civiles, cuando se est\u00e1n bombardeando hospitales y colegios\u201d, lament\u00f3.\n    <\/p>\n<p class=\"article-text\">\n        En cualquier caso, Joaqu\u00edn Reyes no da cr\u00e9dito a lo que cualquiera de ellos puedan decir sobre este asunto: <strong>\u201cSi quiero saber lo que est\u00e1 pasando en Gaza, no escucho ni a Isabel D\u00edaz Ayuso ni a Jos\u00e9 Mar\u00eda Aznar\u201d<\/strong>. Entre otras cosas porque, tal y como record\u00f3, el expresidente del Gobierno \u201cnos minti\u00f3 para apoyar la invasi\u00f3n de Irak y ahora sigue con su toletole\u201d.\n    <\/p>\n<p>    <a href=\"https:\/\/www.eldiario.es\/vertele\/noticias\/bailando-con-las-estrellas-primer-eliminado-aless-gibaja-pepe-navarro_1_12619665.html\" data-mrf-recirculation=\"saber-mas-abajo\" data-dl-event=\"saber-mas-abajo\" rel=\"nofollow noopener\" target=\"_blank\"><\/p>\n<p class=\"know-more__title\">&#8216;Bailando con las estrellas&#8217; anunci\u00f3 a su primer eliminado, pero el ganador del duelo sigue en la cuerda floja<\/p>\n<p>            <img decoding=\"async\" class=\"lazy\" loading=\"lazy\" data-src=\"https:\/\/static.eldiario.es\/clip\/dda3eb31-343a-4d0a-bdb2-80efd9d2d6be_16-9-aspect-ratio_default_0.jpg\" src=\"data:image\/svg+xml,%3Csvg xmlns=\" http:=\"\" viewbox=\"0 0 880 495\" alt=\"'Bailando con las estrellas' anunci\u00f3 a su primer eliminado, pero el ganador del duelo sigue en la cuerda floja\"\/><\/p>\n<p>                        <\/a><\/p>\n<p class=\"article-text\">\n        Adem\u00e1s, el popular humorista de El Intermedio se detuvo sobre un detalle de Aznar que, si no es casual, con \u00e9l no ha conseguido el objetivo pretendido: \u201cEs alguien que cree que hablando despacio va a parecer que lo que dice es razonable, y lo que dice son barbaridades\u201d.\n    <\/p>\n","protected":false},"excerpt":{"rendered":"Joaqu\u00edn Reyes prefiere no escuchar lo que Ayuso y Aznar tengan que decir sobre la masacre que Israel&hellip;\n","protected":false},"author":2,"featured_media":129913,"comment_status":"","ping_status":"","sticky":false,"template":"","format":"standard","meta":{"footnotes":""},"categories":[91],"tags":[6984,31596,146,147,25,24,694,79,8488,13425,3051,23],"class_list":{"0":"post-129912","1":"post","2":"type-post","3":"status-publish","4":"format-standard","5":"has-post-thumbnail","7":"category-entretenimiento","8":"tag-ayuso","9":"tag-aznar","10":"tag-entertainment","11":"tag-entretenimiento","12":"tag-es","13":"tag-espana","14":"tag-gaza","15":"tag-genocidio","16":"tag-joaquin","17":"tag-lasexta-xplica","18":"tag-reyes","19":"tag-spain"},"share_on_mastodon":{"url":"","error":""},"_links":{"self":[{"href":"https:\/\/www.europesays.com\/es\/wp-json\/wp\/v2\/posts\/129912","targetHints":{"allow":["GET"]}}],"collection":[{"href":"https:\/\/www.europesays.com\/es\/wp-json\/wp\/v2\/posts"}],"about":[{"href":"https:\/\/www.europesays.com\/es\/wp-json\/wp\/v2\/types\/post"}],"author":[{"embeddable":true,"href":"https:\/\/www.europesays.com\/es\/wp-json\/wp\/v2\/users\/2"}],"replies":[{"embeddable":true,"href":"https:\/\/www.europesays.com\/es\/wp-json\/wp\/v2\/comments?post=129912"}],"version-history":[{"count":0,"href":"https:\/\/www.europesays.com\/es\/wp-json\/wp\/v2\/posts\/129912\/revisions"}],"wp:featuredmedia":[{"embeddable":true,"href":"https:\/\/www.europesays.com\/es\/wp-json\/wp\/v2\/media\/129913"}],"wp:attachment":[{"href":"https:\/\/www.europesays.com\/es\/wp-json\/wp\/v2\/media?parent=129912"}],"wp:term":[{"taxonomy":"category","embeddable":true,"href":"https:\/\/www.europesays.com\/es\/wp-json\/wp\/v2\/categories?post=129912"},{"taxonomy":"post_tag","embeddable":true,"href":"https:\/\/www.europesays.com\/es\/wp-json\/wp\/v2\/tags?post=129912"}],"curies":[{"name":"wp","href":"https:\/\/api.w.org\/{rel}","templated":true}]}}