{"id":129918,"date":"2025-09-21T16:33:08","date_gmt":"2025-09-21T16:33:08","guid":{"rendered":"https:\/\/www.europesays.com\/es\/129918\/"},"modified":"2025-09-21T16:33:08","modified_gmt":"2025-09-21T16:33:08","slug":"el-salto-edicion-general-2","status":"publish","type":"post","link":"https:\/\/www.europesays.com\/es\/129918\/","title":{"rendered":"&#8211; El Salto &#8211; Edici\u00f3n General"},"content":{"rendered":"<p>La responsabilidad del <a href=\"https:\/\/www.elsaltodiario.com\/palestina\" target=\"_blank\" rel=\"nofollow noopener\">genocidio en Gaza<\/a> y del apartheid y la ocupaci\u00f3n israel\u00ed de los territorios palestinos no es una responsabilidad exclusiva del ejecutivo de Benjam\u00edn Netanyahu. Estados, instituciones p\u00fablicas y empresas de todo el mundo \u201cest\u00e1n facilitando con su complicidad, su apoyo o su par\u00e1lisis autoimpuesta\u201d al genocidio y el apartheid.<\/p>\n<p>Un reciente <a href=\"https:\/\/www.es.amnesty.org\/en-que-estamos\/noticias\/noticia\/articulo\/global-confrontar-la-economia-politica-global-que-facilita-el-genocidio-la-ocupacion-y-el-apartheid-de-israel\/\" rel=\"nofollow noopener\" target=\"_blank\">informe <\/a>de Amnist\u00eda Internacional arroja luz sobre la responsabilidad de las empresas que contribuyen a la maquinaria de guerra israel\u00ed y a la colonizaci\u00f3n de los territorios ocupados y la responsabilidad de las administraciones p\u00fablicas, que tienen en sus manos sancionar a aquellas compa\u00f1\u00edas que contribuyen a la violaci\u00f3n de los derechos humanos.<\/p>\n<blockquote><p>En la \u00faltima semana, el Gobierno se ha negado a realizar acciones contra las empresas israel\u00edes Enlight y ICL, con millonarios contratos en Espa\u00f1a pese a las campa\u00f1as del movimiento de BDS<\/p><\/blockquote>\n<p>Entre las 15 empresas a las que dedica el informe, figura la compa\u00f1\u00eda <a href=\"https:\/\/www.elsaltodiario.com\/ocupacion-israeli\/cuatro-empresas-espanolas-construyen-tranvia-del-apartheid-territorio-ocupado-israel\" target=\"_blank\" rel=\"nofollow noopener\">Construcciones y Auxiliar de Ferrocarriles (CAF)<\/a>, empresa participada al 3% por el Gobierno vasco, a la que acusa de \u201ccomplicidad en las violaciones de derechos humanos\u201d cometidas por Israel contra la poblaci\u00f3n palestina. \u201cYa es hora de que los Estados, las instituciones p\u00fablicas, las empresas, las universidades y otros actores no estatales pongan fin a su adicci\u00f3n letal a las ganancias y los beneficios econ\u00f3micos a toda costa\u201d, ha afirmado Agn\u00e8s Callamard, secretaria general de Amnist\u00eda Internacional.<\/p>\n<p>El informe publicado incluye una bater\u00eda de medidas que deben tomar los Estados \u201cpara cumplir sus obligaciones\u201d, unas iniciativas que van mucho m\u00e1s que las nueve medidas que anunci\u00f3 Pedro S\u00e1nchez el pasado 8 de septiembre. La primera de ellas, no contemplada por el ejecutivo de S\u00e1nchez, es \u201cprohibir e inhabilitar a las empresas que contribuyen o est\u00e1n directamente vinculadas a los cr\u00edmenes de Israel\u201d.\u00a0<\/p>\n<p>En la \u00faltima semana, el Gobierno se ha negado a realizar acciones contra las empresas israel\u00edes <a href=\"https:\/\/www.elsaltodiario.com\/ocupacion-israeli\/empresa-enlight-complice-genocidio-consigue-permisos-ampliar-un-parque-eolico-cuenca\" target=\"_blank\" rel=\"nofollow noopener\">Enlight <\/a>y <a href=\"https:\/\/www.elsaltodiario.com\/ocupacion-israeli\/iberpotash-boicot-bds-nuevo-barco-icl-empresa-israeli-extrae-minerales-territorios-ocupados-atracara-cartagena\" target=\"_blank\" rel=\"nofollow noopener\">ICL<\/a>, con millonarios contratos en Espa\u00f1a, pese a las campa\u00f1as del movimiento de Boicot, Sanciones y Desinversiones (BDS) que documentaron su contribuci\u00f3n al genocidio y a la ocupaci\u00f3n ilegal de territorios palestinos.\u00a0<\/p>\n<p>Entre las multinacionales que no deber\u00edan favorecerse de ayudas ni contratos p\u00fablicos por su contribuci\u00f3n al genocidio y el apartheid figuran la estadounidenses Boeing y Lockheed Martin; las empresas armament\u00edsticas israel\u00edes ElbitSystems, Rafael Advanced Defense Systems e Israel Aerospace Industries (IAI); la empresa china Hikvision; el fabricante espa\u00f1ol Construcciones y Auxiliar de Ferrocarriles (CAF); el conglomerado surcoreano HD Hyundai; la empresa de software estadounidense PalantirTechnologies; la empresa tecnol\u00f3gica israel\u00ed Corsight, y la empresa de aguas estatal israel\u00ed Mekorot.<\/p>\n<p><a href=\"https:\/\/www.amnesty.org\/es\/latest\/news\/2019\/01\/israel-opt-tourism-companies-driving-settlement-expansion-profiting-from-war-crimes\/\" target=\"_top\" rel=\"nofollow noopener\">Airbnb, Booking.com, Expedia\u00a0y\u00a0TripAdvisor<\/a>\u00a0se suman a esta primera lista por su contribuci\u00f3n al mantenimiento, la consolidaci\u00f3n y la expansi\u00f3n de asentamientos ilegales israel\u00edes en el territorios palestinos ocupados.<\/p>\n<p>\u201cPero no nos equivoquemos: estas 15 empresas son s\u00f3lo una peque\u00f1a muestra de todas las empresas responsables de sostener un gobierno que est\u00e1 provocando una hambruna artificial y cometiendo un homicidio masivo de civiles\u00bb, dicen desde Amnist\u00eda Internacional.<\/p>\n","protected":false},"excerpt":{"rendered":"La responsabilidad del genocidio en Gaza y del apartheid y la ocupaci\u00f3n israel\u00ed de los territorios palestinos no&hellip;\n","protected":false},"author":2,"featured_media":129919,"comment_status":"","ping_status":"","sticky":false,"template":"","format":"standard","meta":{"footnotes":""},"categories":[42],"tags":[17,18,5282,13,14,4975,11,61,62,63,64,19,20,9,10,15,16,12,21,22,65,66,67],"class_list":{"0":"post-129918","1":"post","2":"type-post","3":"status-publish","4":"format-standard","5":"has-post-thumbnail","7":"category-internacional","8":"tag-breaking-news","9":"tag-breakingnews","10":"tag-derechos-humanos","11":"tag-featured-news","12":"tag-featurednews","13":"tag-global","14":"tag-headlines","15":"tag-internacional","16":"tag-international","17":"tag-international-news","18":"tag-internationalnews","19":"tag-latest-news","20":"tag-latestnews","21":"tag-news","22":"tag-noticias","23":"tag-noticias-destacadas","24":"tag-noticiasdestacadas","25":"tag-titulares","26":"tag-ultimas-noticias","27":"tag-ultimasnoticias","28":"tag-world","29":"tag-world-news","30":"tag-worldnews"},"share_on_mastodon":{"url":"","error":""},"_links":{"self":[{"href":"https:\/\/www.europesays.com\/es\/wp-json\/wp\/v2\/posts\/129918","targetHints":{"allow":["GET"]}}],"collection":[{"href":"https:\/\/www.europesays.com\/es\/wp-json\/wp\/v2\/posts"}],"about":[{"href":"https:\/\/www.europesays.com\/es\/wp-json\/wp\/v2\/types\/post"}],"author":[{"embeddable":true,"href":"https:\/\/www.europesays.com\/es\/wp-json\/wp\/v2\/users\/2"}],"replies":[{"embeddable":true,"href":"https:\/\/www.europesays.com\/es\/wp-json\/wp\/v2\/comments?post=129918"}],"version-history":[{"count":0,"href":"https:\/\/www.europesays.com\/es\/wp-json\/wp\/v2\/posts\/129918\/revisions"}],"wp:featuredmedia":[{"embeddable":true,"href":"https:\/\/www.europesays.com\/es\/wp-json\/wp\/v2\/media\/129919"}],"wp:attachment":[{"href":"https:\/\/www.europesays.com\/es\/wp-json\/wp\/v2\/media?parent=129918"}],"wp:term":[{"taxonomy":"category","embeddable":true,"href":"https:\/\/www.europesays.com\/es\/wp-json\/wp\/v2\/categories?post=129918"},{"taxonomy":"post_tag","embeddable":true,"href":"https:\/\/www.europesays.com\/es\/wp-json\/wp\/v2\/tags?post=129918"}],"curies":[{"name":"wp","href":"https:\/\/api.w.org\/{rel}","templated":true}]}}