{"id":129920,"date":"2025-09-21T16:34:08","date_gmt":"2025-09-21T16:34:08","guid":{"rendered":"https:\/\/www.europesays.com\/es\/129920\/"},"modified":"2025-09-21T16:34:08","modified_gmt":"2025-09-21T16:34:08","slug":"el-ascenso-de-ada-lluch-la-embajadora-del-trumpismo-espanol-que-se-entrena-con-un-coach-de-misses-el-mundo","status":"publish","type":"post","link":"https:\/\/www.europesays.com\/es\/129920\/","title":{"rendered":"El ascenso de Ada Lluch, la embajadora del trumpismo espa\u00f1ol que se entrena con un &#039;coach&#039; de &#039;misses&#039; &#8211; El Mundo"},"content":{"rendered":"<ol>\n<li><a href=\"https:\/\/news.google.com\/rss\/articles\/CBMie0FVX3lxTE9mM0JxOFB2RG5VRGcxSC1UdVNyMzdRaGFwaXJMbFRUUHBCaUNMNV9ZYXJ6UmhqSC1aZnQ1RG9MamJUSzZHSmFGM0VaUUp3N09LNWd4UUJEN183T3p6X3FCR2wxcTRKS3FVZnAtOHMxX1JCbVlsWGpEdVZna9IBe0FVX3lxTE82MmF3Nzh3dkxLdU5LZDdjTFdpQ1JDUVIzN2gtc3NwMUVwNUx3WmZVeWlxMlFONFpNOTA1bENoWnhoUHdpZ2UzS2QxX01iNk1UakJ2QVZmRnd4TEJMVXpxeklkTThCX3c5Z1YzWkxHUERfd3ZPLUpNQzVBdw?oc=5\" target=\"_blank\" rel=\"nofollow noopener\">El ascenso de Ada Lluch, la embajadora del trumpismo espa\u00f1ol que se entrena con un &#8216;coach&#8217; de &#8216;misses&#8217;<\/a>&nbsp;&nbsp;El Mundo<\/li>\n<li><a href=\"https:\/\/news.google.com\/rss\/articles\/CBMiqwFBVV95cUxNalhLbC1xNERzX1RjZFdqVHE3VG1oaldUaTNxUU1qeU03SGdEclFYRWRQVlhaVFhKZFVxZHZwcWtLWUhHRkNGeEJ2b3JjUjlVbjlhbTN5UG5BQTRCUlA1NzgzTkh0OWdOMENrQVNWNzU0b0VvRlJYWG1sckJ0eTMzdTMyOUcxX1I2SHBfS1I4TDJ3TkVfTm9PX3loOFNzNG9OanRIVzJWRzA1NXc?oc=5\" target=\"_blank\" rel=\"nofollow noopener\">Ada Lluch, la influencer catalana de extrema derecha que dej\u00f3 de ser &#8216;woke&#8217; cuando su novio le ense\u00f1\u00f3 \u00abc\u00f3mo funciona la vida<\/a>&nbsp;&nbsp;El Correo<\/li>\n<li><a href=\"https:\/\/news.google.com\/rss\/articles\/CBMi6AFBVV95cUxObzJlcXpjSWgxVE1WQlo1NEdyYWZXVmJNZG90VkNNUEY5ZC14a3pHSkIyRWxPM21XRERoRlYxSTgzS2FNUThsVmdSQ2ZzQWIwcnRVQnZoa1N4OGd5M29tT3pzVkV6NjB5M3lEZmV5dEtwUDloVWhsa2dwd3JfczN0TVpweTAyeUgzYkZJN3BYdDQ2TVhQcWJJdWN3X25lQWhpeVVOMDRXdlFmY3ZkNzdNNklkQzRHclhPOWx3VVdQSW9FNDVYejVmcWRmNWV0S254bXNwVWpiODFZV2ZXMXdHTmZKaUx4ZzBy?oc=5\" target=\"_blank\" rel=\"nofollow noopener\">Qui\u00e9n es Ada Lluch, la &#8216;influencer&#8217; catalana af\u00edn a la ultraderecha que agit\u00f3 las protestas en Londres contra la inmigraci\u00f3n<\/a>&nbsp;&nbsp;20Minutos<\/li>\n<li><a href=\"https:\/\/news.google.com\/rss\/articles\/CBMiwgFBVV95cUxOVXVMc1RHV3BWMFh3YkViZU51cE4xVWRDYWVQbGpTQ2ZxeDlhSVh0MVFRbDJ5SEEwRThMQUNJU0dJUUx1NzF5Yzcwa0t6X0FwUlRSTmRsZlpGejZqR1lTazIwSmZGT3ZfVDZyM19laTNpNGhITkl2RXZYcjdMX3hCTUJPaEZsYVdwdWRUMlExRFREdGpJUWU1UW9zUlVuMXhJM1dFaVoybHJWQThLVnY4RVdpMXZyZ1RfbjQ4RzNsMDN5QdIBxwFBVV95cUxOWTlxSEcyLWFYUVc4eS0xd1NpTDFMMktuZWxwMC00b09KU29UUHRGTzJDQndyMHRTbDhfRVRRSXh0M1hKWHBRbEdnN0paTEFEZ0hCR21VXy1welIxVXFaMVlyaXRGYWR5UmI1NXJxU003bUQwUVdDWXNuQV9NcVdQTmRsejBSQktBaElUeDZ2ZVhWU2Q0WUswaWxPWHRCMXUyS1p6THFDWkFBUkJEUDJ3aHZ6NDJFVEpGWGF1U3FIeExxT0ZFUGtr?oc=5\" target=\"_blank\" rel=\"nofollow noopener\">Ada Lluch, la tortosina de extrema derecha: \u00abTrump convenci\u00f3 a mi marido para casarse conmigo\u00bb<\/a>&nbsp;&nbsp;Diari de Tarragona<\/li>\n<li><a href=\"https:\/\/news.google.com\/rss\/articles\/CBMi0gFBVV95cUxOd1ZBdVdPaG5zVjU4eTRNdjhtX3hPZnBlRnNxQlEyU3pEeG1vb0dRSjUtVUk1QTdUWVp5c3dUel9sdFFVWGVUZWhwVHJNRFJZUmdkN0Q0TXNYY1l4RVRYdFYyN19qcTMtVlJ0N08yS0piUXlFWFZZNlFhV2RXT2RmUS1mdVUwMy1zSTREQk84VGRwaTl6R09qN2VoV05NbFRaRVZabnFzeTY5eWRXMzh4NEQ1dkxzTHlIQXNPLTZrc1paN3c4WC1nMmg1NjNRbHlXbmc?oc=5\" target=\"_blank\" rel=\"nofollow noopener\">As\u00ed es Ada Lluch, la \u2018influencer\u2019 catalana de extrema derecha que habl\u00f3 a una multitud en Londres<\/a>&nbsp;&nbsp;EL PA\u00cdS<\/li>\n<\/ol>\n","protected":false},"excerpt":{"rendered":"El ascenso de Ada Lluch, la embajadora del trumpismo espa\u00f1ol que se entrena con un &#8216;coach&#8217; de &#8216;misses&#8217;&nbsp;&nbsp;El&hellip;\n","protected":false},"author":2,"featured_media":129921,"comment_status":"","ping_status":"","sticky":false,"template":"","format":"standard","meta":{"footnotes":""},"categories":[8],"tags":[17,18,5293,352,11405,25,24,13,14,11,19,20,7228,9,10,15,16,19026,23,12,21,22],"class_list":{"0":"post-129920","1":"post","2":"type-post","3":"status-publish","4":"format-standard","5":"has-post-thumbnail","7":"category-espana","8":"tag-breaking-news","9":"tag-breakingnews","10":"tag-cronica","11":"tag-donald-trump","12":"tag-elon-musk","13":"tag-es","14":"tag-espana","15":"tag-featured-news","16":"tag-featurednews","17":"tag-headlines","18":"tag-latest-news","19":"tag-latestnews","20":"tag-londres","21":"tag-news","22":"tag-noticias","23":"tag-noticias-destacadas","24":"tag-noticiasdestacadas","25":"tag-santiago-abascal-conde","26":"tag-spain","27":"tag-titulares","28":"tag-ultimas-noticias","29":"tag-ultimasnoticias"},"share_on_mastodon":{"url":"","error":""},"_links":{"self":[{"href":"https:\/\/www.europesays.com\/es\/wp-json\/wp\/v2\/posts\/129920","targetHints":{"allow":["GET"]}}],"collection":[{"href":"https:\/\/www.europesays.com\/es\/wp-json\/wp\/v2\/posts"}],"about":[{"href":"https:\/\/www.europesays.com\/es\/wp-json\/wp\/v2\/types\/post"}],"author":[{"embeddable":true,"href":"https:\/\/www.europesays.com\/es\/wp-json\/wp\/v2\/users\/2"}],"replies":[{"embeddable":true,"href":"https:\/\/www.europesays.com\/es\/wp-json\/wp\/v2\/comments?post=129920"}],"version-history":[{"count":0,"href":"https:\/\/www.europesays.com\/es\/wp-json\/wp\/v2\/posts\/129920\/revisions"}],"wp:featuredmedia":[{"embeddable":true,"href":"https:\/\/www.europesays.com\/es\/wp-json\/wp\/v2\/media\/129921"}],"wp:attachment":[{"href":"https:\/\/www.europesays.com\/es\/wp-json\/wp\/v2\/media?parent=129920"}],"wp:term":[{"taxonomy":"category","embeddable":true,"href":"https:\/\/www.europesays.com\/es\/wp-json\/wp\/v2\/categories?post=129920"},{"taxonomy":"post_tag","embeddable":true,"href":"https:\/\/www.europesays.com\/es\/wp-json\/wp\/v2\/tags?post=129920"}],"curies":[{"name":"wp","href":"https:\/\/api.w.org\/{rel}","templated":true}]}}