{"id":129922,"date":"2025-09-21T16:35:28","date_gmt":"2025-09-21T16:35:28","guid":{"rendered":"https:\/\/www.europesays.com\/es\/129922\/"},"modified":"2025-09-21T16:35:28","modified_gmt":"2025-09-21T16:35:28","slug":"diaz-ayuso-participa-en-la-xv-carrera-popular-madrid-corre-por-madrid-y-destaca-su-sabor-a-hispanidad","status":"publish","type":"post","link":"https:\/\/www.europesays.com\/es\/129922\/","title":{"rendered":"D\u00edaz Ayuso participa en la XV carrera popular Madrid corre por Madrid y destaca su \u201csabor a Hispanidad\u201d"},"content":{"rendered":"<p>La presidenta de la Comunidad de Madrid, Isabel D\u00edaz Ayuso, ha participado hoy en la carrera popular Madrid corre por Madrid, y ha destacado que la edici\u00f3n de este a\u00f1o es \u201cuna de las mejores citas, con sabor a Hispanidad\u201d. \u201cEstrenamos hoy el oto\u00f1o y las calles de Madrid llenas de alegr\u00eda y de gente que quiere correr unida\u201d, ha enfatizado la jefa del Ejecutivo auton\u00f3mico antes de tomar la salida.<\/p>\n","protected":false},"excerpt":{"rendered":"La presidenta de la Comunidad de Madrid, Isabel D\u00edaz Ayuso, ha participado hoy en la carrera popular Madrid&hellip;\n","protected":false},"author":2,"featured_media":129923,"comment_status":"","ping_status":"","sticky":false,"template":"","format":"standard","meta":{"footnotes":""},"categories":[5],"tags":[17,18,25,24,13,14,11,19,20,9,10,15,16,23,12,21,22],"class_list":{"0":"post-129922","1":"post","2":"type-post","3":"status-publish","4":"format-standard","5":"has-post-thumbnail","7":"category-titulares","8":"tag-breaking-news","9":"tag-breakingnews","10":"tag-es","11":"tag-espana","12":"tag-featured-news","13":"tag-featurednews","14":"tag-headlines","15":"tag-latest-news","16":"tag-latestnews","17":"tag-news","18":"tag-noticias","19":"tag-noticias-destacadas","20":"tag-noticiasdestacadas","21":"tag-spain","22":"tag-titulares","23":"tag-ultimas-noticias","24":"tag-ultimasnoticias"},"share_on_mastodon":{"url":"","error":""},"_links":{"self":[{"href":"https:\/\/www.europesays.com\/es\/wp-json\/wp\/v2\/posts\/129922","targetHints":{"allow":["GET"]}}],"collection":[{"href":"https:\/\/www.europesays.com\/es\/wp-json\/wp\/v2\/posts"}],"about":[{"href":"https:\/\/www.europesays.com\/es\/wp-json\/wp\/v2\/types\/post"}],"author":[{"embeddable":true,"href":"https:\/\/www.europesays.com\/es\/wp-json\/wp\/v2\/users\/2"}],"replies":[{"embeddable":true,"href":"https:\/\/www.europesays.com\/es\/wp-json\/wp\/v2\/comments?post=129922"}],"version-history":[{"count":0,"href":"https:\/\/www.europesays.com\/es\/wp-json\/wp\/v2\/posts\/129922\/revisions"}],"wp:featuredmedia":[{"embeddable":true,"href":"https:\/\/www.europesays.com\/es\/wp-json\/wp\/v2\/media\/129923"}],"wp:attachment":[{"href":"https:\/\/www.europesays.com\/es\/wp-json\/wp\/v2\/media?parent=129922"}],"wp:term":[{"taxonomy":"category","embeddable":true,"href":"https:\/\/www.europesays.com\/es\/wp-json\/wp\/v2\/categories?post=129922"},{"taxonomy":"post_tag","embeddable":true,"href":"https:\/\/www.europesays.com\/es\/wp-json\/wp\/v2\/tags?post=129922"}],"curies":[{"name":"wp","href":"https:\/\/api.w.org\/{rel}","templated":true}]}}