{"id":129932,"date":"2025-09-21T16:44:11","date_gmt":"2025-09-21T16:44:11","guid":{"rendered":"https:\/\/www.europesays.com\/es\/129932\/"},"modified":"2025-09-21T16:44:11","modified_gmt":"2025-09-21T16:44:11","slug":"el-unicaja-se-coloca-quinto-en-el-palmares-de-la-copa-intercontinental","status":"publish","type":"post","link":"https:\/\/www.europesays.com\/es\/129932\/","title":{"rendered":"El Unicaja se coloca quinto en el palmar\u00e9s de la Copa Intercontinental"},"content":{"rendered":"<p>El Unicaja sum\u00f3 en Singapur el<a href=\"https:\/\/www.diariosur.es\/unicaja\/unicaja-prolonga-reinado-intercontinental-20250921145322-nt.html\" data-voc-vtm-id=\"in-text-traffic\" title=\" und\u00e9cimo t\u00edtulo de su historia\" data-mrf-link=\"www.diariosur.es\" rel=\"nofollow noopener\" target=\"_blank\"> und\u00e9cimo t\u00edtulo de su historia<\/a>. Su segundo triunfo seguido en la Copa Intercontinental hace que el club malague\u00f1o  &#8230; se coloque quinto en el palmar\u00e9s que re\u00fane a los campeones de cada continente, aunque conviene aclarar que no participan los de la NBA ni de la Euroliga. <\/p>\n<p class=\"v-p\">En cualquier caso, los t\u00edtulos est\u00e1n ah\u00ed y el Unicaja agranda su legado en este torneo tan ex\u00f3tico en el que el Real Madrid es el club m\u00e1s laureado con triunfos (1976, 1977, 1978, 1981 y 2015) y dos subcampeonatos. Con tres t\u00edtulos est\u00e1n el Tenerife (2017, 2020 y 2023), que tiene los mismos que el Varese (1966, 1970 y 1973) y el Akron Wingfoots (1967, 1968 y 1969), que es uno de los equipos m\u00e1s antiguos de Estados Unidos, pues fue fundado en 1918 por los trabajadores de la firma de neum\u00e1ticos GoodYear, con el que se les dio una actividad deportiva al tiempo que promocionaban las primeras suelas de goma para las zapatillas.<\/p>\n<p class=\"v-p\">Ah\u00ed aparece ya el Unicaja con sus dos t\u00edtulos (2024 y 2025), los mismos que clubes como el Cant\u00fa (1975 y 1982) y el Flamengo brasile\u00f1o (2014 y 2022), que tambi\u00e9n ha participado este a\u00f1o como campe\u00f3n de la BCL Am\u00e9ricas. El Barcelona, en 1985, y el San Pablo Burgos, en 2021, son los otros equipos espa\u00f1oles que han ganado la Copa Intercontinental, que este a\u00f1o ha cumplido su edici\u00f3n n\u00famero 35.<\/p>\n<p><a href=\"http:\/\/www.diariosur.es\/unicaja\/unicaja-prolonga-reinado-intercontinental-20250921145322-nt.html#vtm_modulosEngag=mod-rel:unicaja:noticia:1:cmp:2-not\" class=\"v-a-link\" title=\"El Unicaja prolonga su reinado intercontinental\" rel=\"nofollow noopener\" target=\"_blank\"><br \/>\n<img decoding=\"async\" loading=\"lazy\" class=\"v-a-img\" src=\"https:\/\/www.europesays.com\/es\/wp-content\/uploads\/2025\/09\/Ariya_FIBAINTERCONTINENTAL_C-54-U62072816610FWM-366x256@Diario Sur.jpg\" alt=\"El Unicaja prolonga su reinado intercontinental\"\/><br \/>\n<\/a><\/p>\n<p><a href=\"http:\/\/www.diariosur.es\/unicaja\/prodigioso-heptatlon-unicaja-20250921145705-nt.html#vtm_modulosEngag=mod-rel:unicaja:noticia:2:cmp:2-not\" class=\"v-a-link\" title=\"El prodigioso heptatl\u00f3n del Unicaja\" rel=\"nofollow noopener\" target=\"_blank\"><br \/>\n<img decoding=\"async\" loading=\"lazy\" class=\"v-a-img\" src=\"https:\/\/www.europesays.com\/es\/wp-content\/uploads\/2025\/09\/segunda-U82466001811dNO-366x256@Diario Sur.PNG\" alt=\"El prodigioso heptatl\u00f3n del Unicaja\"\/><br \/>\n<\/a><\/p>\n<p>Palmar\u00e9s de la Copa Intercontinental de baloncesto<\/p>\n<p class=\"v-p\">Edici\u00f3n | A\u00f1o | Campe\u00f3n | Subcampe\u00f3n <\/p>\n<p class=\"v-p\">-La primera edici\u00f3n fue en 1985, aunque no se considera un torneo oficial. Fue un partido de exhibici\u00f3n entre el Corinthians y el Real Madrid en el que se impuso el equipo brasile\u00f1o.<\/p>\n<p class=\"v-p\"> 1. 1966 | Ignis Varese (Italia) | Real Madrid (Espa\u00f1a) <\/p>\n<p class=\"v-p\">2. 1967 | Akron Goodyear Wingfoots (EE.UU.) | Ignis Varese (Italia) <\/p>\n<p class=\"v-p\">3. 1968 | Akron Goodyear Wingfoots (EE.UU.) | Real Madrid (Espa\u00f1a) <\/p>\n<p class=\"v-p\">4. 1969 | Akron Goodyear Wingfoots (EE.UU.) | Spartak Brno (Rep. Ch.) <\/p>\n<p class=\"v-p\">5. 1970 | Ignis Varese (Italia) | Real Madrid (Espa\u00f1a) |<\/p>\n<p class=\"v-p\">6. 1973 | Ignis Varese (Italia) | S\u00edrio (Brasil) |<\/p>\n<p class=\"v-p\">7. 1974 | Maryland Terrapins (EE.UU.) | Ignis Varese (Italia) |<\/p>\n<p class=\"v-p\">8. 1975 | Birra Forst Cant\u00fa (Italia) | Amazonas Franca (Brasil) |<\/p>\n<p class=\"v-p\">9. 1976 | Real Madrid (Espa\u00f1a) | Mobilgirgi Varese (Italia) |<\/p>\n<p class=\"v-p\">10. 1977 | Real Madrid (Espa\u00f1a) | Mobilgirgi Varese (Italia) |<\/p>\n<p class=\"v-p\">11. 1978 | Real Madrid (Espa\u00f1a) | Obras Sanitarias (Argentina) |<\/p>\n<p class=\"v-p\">12. 1979 | S\u00edrio (Brasil) | Bosna (Yugoslavia) |<\/p>\n<p class=\"v-p\">13. 1980 | Maccabi Elite Tel Aviv (Israel) | Atl\u00e9tica Francana (Brasil) |<\/p>\n<p class=\"v-p\">14. 1981 | Real Madrid (Espa\u00f1a) | S\u00edrio (Brasil) |<\/p>\n<p class=\"v-p\">15. 1982 | Ford Cant\u00f9 (Italia) | Nashua EBBC (Pa\u00edses Bajos) |<\/p>\n<p class=\"v-p\">16. 1983 | Obras Sanitarias (Argentina) | Cant\u00f9 (Italia) |<\/p>\n<p class=\"v-p\">17. 1984 | Monte L\u00edbano (Brasil) | Banco di Roma (Italia) |<\/p>\n<p class=\"v-p\">18. 1985 | FC Barcelona (Espa\u00f1a) | Monte L\u00edbano (Brasil) |<\/p>\n<p class=\"v-p\">19. 1986 | Zalgiris (URSS) | Ferro Carril Oeste (Argentina) |<\/p>\n<p class=\"v-p\">20. 1987 | Tracer Milano (Italia) | FC Barcelona (Espa\u00f1a) |<\/p>\n<p class=\"v-p\">21. 1996 | Panathinaikos (Grecia) | Olimpia (Argentina) |<\/p>\n<p class=\"v-p\">22. 2013 | Olympiacos (Grecia) | Pinheiros Sky (Brasil) |<\/p>\n<p class=\"v-p\">23. 2014 | Flamengo (Brasil) | Maccabi Tel Aviv (Israel) |<\/p>\n<p class=\"v-p\">| 24 | 2015 | Real Madrid (Espa\u00f1a) | Bauru (Brasil) |<\/p>\n<p class=\"v-p\">25. 2016 | Guaros de Lara (Venezuela) | Fraport Skyliners (Alemania) |<\/p>\n<p class=\"v-p\">26. 2017 | Iberostar Tenerife (Espa\u00f1a) | Guaros de Lara (Venezuela) |<\/p>\n<p class=\"v-p\">27. 2019 | AEK (Grecia) | Flamengo (Brasil) |<\/p>\n<p class=\"v-p\">28. 2020 | Iberostar Tenerife (Espa\u00f1a) | Virtus Bologna (Italia) |<\/p>\n<p class=\"v-p\">29. 2021 | San Pablo Burgos (Espa\u00f1a) | Quimsa (Argentina) |<\/p>\n<p class=\"v-p\">30. 2022 | Flamengo (Brasil) | San Pablo Burgos (Espa\u00f1a) |<\/p>\n<p class=\"v-p\">31. 2023 (Feb.) | Lenovo Tenerife (Espa\u00f1a) | S\u00e3o Paulo (Brasil) |<\/p>\n<p class=\"v-p\">32. 2023 (Sept.) | Sesi Franca (Brasil) | Bonn (Alemania) |<\/p>\n<p class=\"v-p\">33. 2024 | Unicaja M\u00e1laga (Espa\u00f1a) | NBA G League United (EE.UU.) <\/p>\n<p class=\"v-p\">34. 2025 | Unicaja M\u00e1laga (Espa\u00f1a) | NBA G League United (EE.UU.)<\/p>\n","protected":false},"excerpt":{"rendered":"El Unicaja sum\u00f3 en Singapur el und\u00e9cimo t\u00edtulo de su historia. Su segundo triunfo seguido en la Copa&hellip;\n","protected":false},"author":2,"featured_media":129933,"comment_status":"","ping_status":"","sticky":false,"template":"","format":"standard","meta":{"footnotes":""},"categories":[269],"tags":[299,298,14179,2493,168,25,24,35076,41737,6076,23,167,2246],"class_list":{"0":"post-129932","1":"post","2":"type-post","3":"status-publish","4":"format-standard","5":"has-post-thumbnail","7":"category-baloncesto","8":"tag-baloncesto","9":"tag-basketball","10":"tag-coloca","11":"tag-copa","12":"tag-deportes","13":"tag-es","14":"tag-espana","15":"tag-intercontinental","16":"tag-palmares","17":"tag-quinto","18":"tag-spain","19":"tag-sports","20":"tag-unicaja"},"share_on_mastodon":{"url":"","error":""},"_links":{"self":[{"href":"https:\/\/www.europesays.com\/es\/wp-json\/wp\/v2\/posts\/129932","targetHints":{"allow":["GET"]}}],"collection":[{"href":"https:\/\/www.europesays.com\/es\/wp-json\/wp\/v2\/posts"}],"about":[{"href":"https:\/\/www.europesays.com\/es\/wp-json\/wp\/v2\/types\/post"}],"author":[{"embeddable":true,"href":"https:\/\/www.europesays.com\/es\/wp-json\/wp\/v2\/users\/2"}],"replies":[{"embeddable":true,"href":"https:\/\/www.europesays.com\/es\/wp-json\/wp\/v2\/comments?post=129932"}],"version-history":[{"count":0,"href":"https:\/\/www.europesays.com\/es\/wp-json\/wp\/v2\/posts\/129932\/revisions"}],"wp:featuredmedia":[{"embeddable":true,"href":"https:\/\/www.europesays.com\/es\/wp-json\/wp\/v2\/media\/129933"}],"wp:attachment":[{"href":"https:\/\/www.europesays.com\/es\/wp-json\/wp\/v2\/media?parent=129932"}],"wp:term":[{"taxonomy":"category","embeddable":true,"href":"https:\/\/www.europesays.com\/es\/wp-json\/wp\/v2\/categories?post=129932"},{"taxonomy":"post_tag","embeddable":true,"href":"https:\/\/www.europesays.com\/es\/wp-json\/wp\/v2\/tags?post=129932"}],"curies":[{"name":"wp","href":"https:\/\/api.w.org\/{rel}","templated":true}]}}