{"id":129934,"date":"2025-09-21T16:45:16","date_gmt":"2025-09-21T16:45:16","guid":{"rendered":"https:\/\/www.europesays.com\/es\/129934\/"},"modified":"2025-09-21T16:45:16","modified_gmt":"2025-09-21T16:45:16","slug":"suspendido-el-clasico-en-francia","status":"publish","type":"post","link":"https:\/\/www.europesays.com\/es\/129934\/","title":{"rendered":"Suspendido el Cl\u00e1sico en Francia"},"content":{"rendered":"<p class=\"\">El <b>Olympique de Marsella-Paris Saint-Germain<\/b>, el partido m\u00e1s importante del f\u00fatbol franc\u00e9s, fue suspendido este domingo por precauci\u00f3n debido a una alerta naranja por inundaciones en todo el sureste de Francia. <b>Ayer, por la tarde, las autoridades ya hab\u00edan avisado del peligro<\/b> de disputar el encuentro por unas lluvias que arreciaron en el sur franc\u00e9s y hoy, tras una reuni\u00f3n, la Liga de F\u00fatbol Profesional decret\u00f3 el aplazamiento del Cl\u00e1sico a este lunes 22 de septiembre a las 20 horas.<\/p>\n<p class=\"\">El partido se jugar\u00e1, por tanto, a la misma hora del comienzo de la ceremonia del Bal\u00f3n de Oro en el <b>Teatro de Ch\u00e2telet<\/b> de Par\u00eds, en una gala en la que el<b> Paris Saint-Germain<\/b> aspiraba a recibir muchos premios, entre ellos el de mejor jugador, mejor entrenador, mejor equipo y mejor joven. Demb\u00e9l\u00e9, lesionado y baja para el Cl\u00e1sico, s\u00ed podr\u00e1 acudir a la ceremonia en la que es uno de los m\u00e1ximos favoritos para alzarse con el Bal\u00f3n de Oro.<\/p>\n<p class=\"\">Las previsiones meteorol\u00f3gicas en la antesala del encuentro no eran halag\u00fce\u00f1as y la <b>Liga de F\u00fatbol Profesional (LFP)<\/b> hab\u00eda guardado prudencia en las \u00faltimas horas, a la espera de que las tormentas, esperadas por la tarde, hicieran acto de presencia en <b>Marsella <\/b>y en la zona del V\u00e9lodrome. <\/p>\n<p class=\"\">El s\u00e1bado, a mediod\u00eda, <b>se hab\u00eda emitido una alerta naranja, <\/b>uno de los niveles m\u00e1s altos de vigilancia en el marco de las precipitaciones. Las autoridades hab\u00edan instado a la poblaci\u00f3n a estar alerta durante todo el d\u00eda y el <b>Cl\u00e1sico <\/b>empez\u00f3 a peligrar el s\u00e1bado por la noche. El <b>Marsella-PSG<\/b>, por tanto, se jugar\u00e1 ma\u00f1ana, 22 de septiembre, a las 20 horas.<\/p>\n<p>Noticias relacionadas<a href=\"https:\/\/as.com\/futbol\/internacional\/luis-enrique-revoluciona-el-futbol-n\/\" class=\"s_m_w\" title=\"Seg\u00fan adelant\u00f3 \u2018RMC Sport\u2019, el Parque de los Pr\u00edncipes va a instalarle un reservado en la tribuna de prensa para que analice los partidos en directo.\" data-tb-link=\"\" rel=\"nofollow noopener\" target=\"_blank\"><img decoding=\"async\" src=\"https:\/\/www.europesays.com\/es\/wp-content\/uploads\/2025\/09\/XC5DOM7AMRG7LNBKFETEBPYICE.jpg\" alt=\"Luis Enrique revoluciona el f\u00fatbol\" class=\"\" height=\"1\" width=\"1\"   loading=\"lazy\" data-tb-thumbnail=\"\"\/><\/a><a href=\"https:\/\/as.com\/futbol\/internacional\/la-polemica-maniobra-nfl-de-luis-enrique-es-ilegal-n\/\" class=\"s_m_w\" title=\"Volvi\u00f3 a sentarse en la tribuna de prensa en vez de en el banquillo durante el primer tiempo. En Espa\u00f1a no se puede hacer; en Europa, la regla tampoco lo avala.\" data-tb-link=\"\" rel=\"nofollow noopener\" target=\"_blank\"><img decoding=\"async\" src=\"https:\/\/www.europesays.com\/es\/wp-content\/uploads\/2025\/09\/1758473116_207_XC5DOM7AMRG7LNBKFETEBPYICE.jpg\" alt=\"La genialidad de Luis Enrique no se permite en Espa\u00f1a\" class=\"\" height=\"1\" width=\"1\"   loading=\"lazy\" data-tb-thumbnail=\"\"\/><\/a><\/p>\n<p class=\"\"><b>La Liga de F\u00fatbol Profesiona se ha amparado, para dictaminar la nueva fecha, en el art\u00edculo 548 de su reglamento<\/b>, que estipulaba que si un partido se suspend\u00eda por condiciones meteorol\u00f3gicas, deb\u00eda jugarse al d\u00eda siguiente, siempre y cuando las temperaturas lo permitieran. Achraf, Vitinha, Fabi\u00e1n, Nuno y Kvaratskhelia, que figuraban entre los 30 finalistas para el Bal\u00f3n de Oro, no acudir\u00e1n a la gala y deber\u00e1n disputar ma\u00f1ana el Cl\u00e1sico contra el Olympique de Marsella.<\/p>\n<p class=\"\"><b>\u00a1Tus opiniones importan!<\/b> Comenta en los art\u00edculos y suscr\u00edbete gratis a nuestra <a href=\"https:\/\/asfan.as.com\/newsletters\/\" target=\"_blank\" rel=\"nofollow noopener\" title=\"https:\/\/asfan.as.com\/newsletters\/\">newsletter<\/a> y a las alertas informativas en la <a href=\"https:\/\/as.com\/aplicacion-de-as-n\/\" target=\"_blank\" rel=\"nofollow noopener\" title=\"https:\/\/as.com\/aplicacion-de-as-n\/\">App<\/a> o el canal de <a href=\"https:\/\/www.whatsapp.com\/channel\/0029VaAasdA7j6g745nz9M10\" target=\"_blank\" rel=\"nofollow noopener\" title=\"https:\/\/www.whatsapp.com\/channel\/0029VaAasdA7j6g745nz9M10\">WhatsApp<\/a>. \u00bfBuscas licenciar contenido? Haz clic <a href=\"https:\/\/profesional.elpais.com\/soluciones-sindicacion?utm_medium=interno&amp;utm_source=crosslinking&amp;utm_campaign=sindicacion_as_pie_articulos\" target=\"_blank\" rel=\"nofollow noopener\" title=\"https:\/\/profesional.elpais.com\/soluciones-sindicacion?utm_medium=interno&amp;utm_source=crosslinking&amp;utm_campaign=sindicacion_as_pie_articulos\">aqu\u00ed<\/a><\/p>\n","protected":false},"excerpt":{"rendered":"El Olympique de Marsella-Paris Saint-Germain, el partido m\u00e1s importante del f\u00fatbol franc\u00e9s, fue suspendido este domingo por precauci\u00f3n&hellip;\n","protected":false},"author":2,"featured_media":129935,"comment_status":"","ping_status":"","sticky":false,"template":"","format":"standard","meta":{"footnotes":""},"categories":[268],"tags":[168,25,24,280,282,281,23,167],"class_list":{"0":"post-129934","1":"post","2":"type-post","3":"status-publish","4":"format-standard","5":"has-post-thumbnail","7":"category-futbol","8":"tag-deportes","9":"tag-es","10":"tag-espana","11":"tag-football","12":"tag-futbol","13":"tag-soccer","14":"tag-spain","15":"tag-sports"},"share_on_mastodon":{"url":"","error":""},"_links":{"self":[{"href":"https:\/\/www.europesays.com\/es\/wp-json\/wp\/v2\/posts\/129934","targetHints":{"allow":["GET"]}}],"collection":[{"href":"https:\/\/www.europesays.com\/es\/wp-json\/wp\/v2\/posts"}],"about":[{"href":"https:\/\/www.europesays.com\/es\/wp-json\/wp\/v2\/types\/post"}],"author":[{"embeddable":true,"href":"https:\/\/www.europesays.com\/es\/wp-json\/wp\/v2\/users\/2"}],"replies":[{"embeddable":true,"href":"https:\/\/www.europesays.com\/es\/wp-json\/wp\/v2\/comments?post=129934"}],"version-history":[{"count":0,"href":"https:\/\/www.europesays.com\/es\/wp-json\/wp\/v2\/posts\/129934\/revisions"}],"wp:featuredmedia":[{"embeddable":true,"href":"https:\/\/www.europesays.com\/es\/wp-json\/wp\/v2\/media\/129935"}],"wp:attachment":[{"href":"https:\/\/www.europesays.com\/es\/wp-json\/wp\/v2\/media?parent=129934"}],"wp:term":[{"taxonomy":"category","embeddable":true,"href":"https:\/\/www.europesays.com\/es\/wp-json\/wp\/v2\/categories?post=129934"},{"taxonomy":"post_tag","embeddable":true,"href":"https:\/\/www.europesays.com\/es\/wp-json\/wp\/v2\/tags?post=129934"}],"curies":[{"name":"wp","href":"https:\/\/api.w.org\/{rel}","templated":true}]}}