{"id":129938,"date":"2025-09-21T16:47:08","date_gmt":"2025-09-21T16:47:08","guid":{"rendered":"https:\/\/www.europesays.com\/es\/129938\/"},"modified":"2025-09-21T16:47:08","modified_gmt":"2025-09-21T16:47:08","slug":"cierra-uno-de-los-museos-mas-famosos-de-paris-sus-puertas-no-volveran-a-abrirse-hasta-2030-pero-algunas-de-sus-obras-podran-verse-en-espana","status":"publish","type":"post","link":"https:\/\/www.europesays.com\/es\/129938\/","title":{"rendered":"Cierra uno de los museos m\u00e1s famosos de Par\u00eds: sus puertas no volver\u00e1n a abrirse hasta 2030, pero algunas de sus obras podr\u00e1n verse en Espa\u00f1a"},"content":{"rendered":"<p><img alt=\"Fotograf\u00eda del Centro Georges Pompidou\" class=\"global-image\" decoding=\"async\" fetchpriority=\"high\" height=\"3650\" loading=\"eager\" src=\"https:\/\/www.europesays.com\/es\/wp-content\/uploads\/2025\/09\/ISA5SXCEFOCXXSSY56JW7Q2LVA.jpg\" width=\"5474\"\/>Fotograf\u00eda del Centro Georges Pompidou cierra por reformas durante cinco a\u00f1os. REUTERS\/Gonzalo Fuentes<\/p>\n<p class=\"paragraph\">Desde su apertura en el a\u00f1o 1977, el <b>Centre Pompidou de Par\u00eds<\/b> ha sido uno de los lugares m\u00e1s ic\u00f3nicos de la ciudad. Meca europea de los amantes del arte moderno y contempor\u00e1neo (en total, este ic\u00f3nico lugar atesora cerca de 100.000 obras), el edificio dise\u00f1ado por los arquitectos<a href=\"https:\/\/www.infobae.com\/america\/mundo\/2025\/04\/15\/el-origen-del-centro-pompidou-un-museo-que-desafio-las-reglas-de-la-arquitectura-tradicional\/\" target=\"_blank\" rel=\"noreferrer nofollow noopener\" title=\"https:\/\/www.infobae.com\/america\/mundo\/2025\/04\/15\/el-origen-del-centro-pompidou-un-museo-que-desafio-las-reglas-de-la-arquitectura-tradicional\/\"> Renzo Piano y Richard Rogers<\/a> asombr\u00f3 entonces al mundo con sus <b>7.500 metros cuadrados de cristal y hierro<\/b> en Beaubourg, uno de los barrios m\u00e1s antiguos de la capital.<\/p>\n<p class=\"paragraph\">Sin embargo, desde este lunes, la bautizada como Notre-Dame de los tubos cerrar\u00e1 sus puertas definitivamente tras concluir su \u00faltima gran exposici\u00f3n (<a href=\"https:\/\/www.infobae.com\/cultura\/2022\/09\/17\/wolfgang-tillmans-se-presenta-en-el-moma-con-una-eclectica-muestra-de-su-obra-fotografica\/\" target=\"_blank\" rel=\"noreferrer nofollow noopener\" title=\"https:\/\/www.infobae.com\/cultura\/2022\/09\/17\/wolfgang-tillmans-se-presenta-en-el-moma-con-una-eclectica-muestra-de-su-obra-fotografica\/\">Wolfgang Tillmans. Nada nos preparo para ello. Todo nos prepar\u00f3 para ello<\/a>), despu\u00e9s de que se iniciaran las obras para la renovaci\u00f3n del edificio que pretende \u201ccrear un nuevo proyecto cultural a gran escala\u201d que permita convertir al famoso edificio de la oruga en zigzag en su fachada en uno de los lugares m\u00e1s enfocados a atender (y entender) el arte del siglo XXI. Un proceso para el que <b>ser\u00e1 necesario que el Centro cierre sus puertas hasta 2030.<\/b><\/p>\n<p class=\"paragraph\">Para comprender el porqu\u00e9 de esta larga reforma (la m\u00e1s larga que ha afrontado el museo desde su inauguraci\u00f3n), es necesario recordar el papel del Pompidou no solo como un importante <a href=\"https:\/\/www.infobae.com\/espana\/viajes\/2025\/08\/27\/el-monumento-que-debes-visitar-antes-de-noviembre-si-viajas-a-paris-el-imperio-de-la-muerte-con-mas-de-350-kilometros-de-galerias-subterraneas\/\" target=\"_blank\" rel=\"noreferrer nofollow noopener\" title=\"https:\/\/www.infobae.com\/espana\/viajes\/2025\/08\/27\/el-monumento-que-debes-visitar-antes-de-noviembre-si-viajas-a-paris-el-imperio-de-la-muerte-con-mas-de-350-kilometros-de-galerias-subterraneas\/\">foco tur\u00edstico en Par\u00eds<\/a> o como uno de los museos de arte m\u00e1s importantes del mundo. Es, adem\u00e1s, un lugar que<b> marc\u00f3 un antes y un despu\u00e9s en la propia concepci\u00f3n de lo que deb\u00eda ser un museo. <\/b>Urbanismo, arquitectura, instalaciones e interiores: en todos estos \u00e1mbitos se busc\u00f3 la innovaci\u00f3n para demostrar hasta qu\u00e9 punto un centro cultural de \u00e9lite pod\u00eda ser, al mismo tiempo, motor de la vida en la ciudad a trav\u00e9s de su propia fachada (pese a que al principio su rompedor aspecto result\u00f3 pol\u00e9mico, hoy en d\u00eda es muy valorado), su exterior (una enorme plaza en la que se juntan j\u00f3venes artistas y se realizan diversas iniciativas culturales) o sus servicios (con una importante biblioteca de acceso p\u00fablico).<\/p>\n<p><img alt=\"Una visitante camina por una\" class=\"global-image\" decoding=\"async\" fetchpriority=\"low\" height=\"3255\" loading=\"lazy\" src=\"https:\/\/www.europesays.com\/es\/wp-content\/uploads\/2025\/09\/OOGUM6SHO6TRIJUC3RTRCN5AVE.jpg\" width=\"4787\"\/>Una visitante camina por una exposici\u00f3n en el Centro Pompidou de Par\u00eds. (REUTERS\/Gonzalo Fuentes)<\/p>\n<p class=\"paragraph\">De este modo, para seguir siendo un centro de referencia en la capital francesa (hasta hace poco era el tercer lugar m\u00e1s frecuentado de Par\u00eds), se ha decidido acometer una reforma de gran calado. A trav\u00e9s de estas obras, planeadas desde el a\u00f1o 2020, se prev\u00e9 resolver algunas cuestiones que hasta ahora confrontaban con la normativa vigente, como<b> la presencia de amianto en las fachadas, la protecci\u00f3n contra incendios, la eficiencia energ\u00e9tica o los accesos para personas con movilidad reducida<\/b>. <\/p>\n<p class=\"paragraph\">Al mismo tiempo, se buscar\u00e1 potenciar algunos de los atractivos del edificio, como la porosidad entre los exteriores e interiores del edificio o su luminosidad, adem\u00e1s de reestructurar los diferentes espacios para conectarlos entre s\u00ed y abrir otros nuevos, como <b>un Centro Nueva Generaci\u00f3n, una biblioteca infantil o una terraza panor\u00e1mica<\/b> que funcione como mirador y espacio de eventos.<\/p>\n<p class=\"paragraph\">Al mismo tiempo, la organizaci\u00f3n responsable del museo se ha asegurado que el cierre del museo afecte lo menos posible tanto a los empleados como a las propias exposiciones. <b>No habr\u00e1 despidos ni ceses temporales<\/b>, del mismo modo que <a href=\"https:\/\/www.infobae.com\/cultura\/2024\/09\/05\/el-centro-pompidou-celebra-en-100-anos-de-surrealismo-con-una-completa-retrospectiva\/\" target=\"_blank\" rel=\"noreferrer nofollow noopener\" title=\"https:\/\/www.infobae.com\/cultura\/2024\/09\/05\/el-centro-pompidou-celebra-en-100-anos-de-surrealismo-con-una-completa-retrospectiva\/\">la colecci\u00f3n permanente del Pompidou<\/a> se podr\u00e1 ver en otros espacios satelitales del edificio, dentro y fuera de Francia.<\/p>\n<p> Centro Pompidou M\u00e1laga 10\u00b0 aniversario<\/p>\n<p class=\"paragraph\"><b>En Espa\u00f1a, por ejemplo, Caixa Forum <\/b>ya planea acoger dos exposiciones del centro: Henri Matisse se expondr\u00e1 en Madrid y Barcelona en los a\u00f1os 2025 y 2026, mientras que entre 2027 y 2029 se espera otro proyecto centrado en el arte \u00f3ptico. Otro de los lugares espa\u00f1oles destinados a acoger la colecci\u00f3n ser\u00e1 tambi\u00e9n <a href=\"https:\/\/www.infobae.com\/cultura\/2025\/07\/04\/el-centro-pompidou-de-malaga-invita-al-espectador-a-abrir-los-ojos\/\" target=\"_blank\" rel=\"noreferrer nofollow noopener\" title=\"https:\/\/www.infobae.com\/cultura\/2025\/07\/04\/el-centro-pompidou-de-malaga-invita-al-espectador-a-abrir-los-ojos\/\">el Centro Pompidou de M\u00e1laga<\/a>, mientras que en Par\u00eds se podr\u00e1 acudir a lugares como el Grand Palais, tambi\u00e9n preparados para acoger temporalmente parte de sus obras.<\/p>\n","protected":false},"excerpt":{"rendered":"Fotograf\u00eda del Centro Georges Pompidou cierra por reformas durante cinco a\u00f1os. REUTERS\/Gonzalo Fuentes Desde su apertura en el&hellip;\n","protected":false},"author":2,"featured_media":129939,"comment_status":"","ping_status":"","sticky":false,"template":"","format":"standard","meta":{"footnotes":""},"categories":[173],"tags":[229,233,231,230,232,234,146,147,25,24,23],"class_list":{"0":"post-129938","1":"post","2":"type-post","3":"status-publish","4":"format-standard","5":"has-post-thumbnail","7":"category-arte-y-diseno","8":"tag-arte","9":"tag-arte-y-diseno","10":"tag-arts","11":"tag-arts-and-design","12":"tag-design","13":"tag-diseno","14":"tag-entertainment","15":"tag-entretenimiento","16":"tag-es","17":"tag-espana","18":"tag-spain"},"share_on_mastodon":{"url":"","error":""},"_links":{"self":[{"href":"https:\/\/www.europesays.com\/es\/wp-json\/wp\/v2\/posts\/129938","targetHints":{"allow":["GET"]}}],"collection":[{"href":"https:\/\/www.europesays.com\/es\/wp-json\/wp\/v2\/posts"}],"about":[{"href":"https:\/\/www.europesays.com\/es\/wp-json\/wp\/v2\/types\/post"}],"author":[{"embeddable":true,"href":"https:\/\/www.europesays.com\/es\/wp-json\/wp\/v2\/users\/2"}],"replies":[{"embeddable":true,"href":"https:\/\/www.europesays.com\/es\/wp-json\/wp\/v2\/comments?post=129938"}],"version-history":[{"count":0,"href":"https:\/\/www.europesays.com\/es\/wp-json\/wp\/v2\/posts\/129938\/revisions"}],"wp:featuredmedia":[{"embeddable":true,"href":"https:\/\/www.europesays.com\/es\/wp-json\/wp\/v2\/media\/129939"}],"wp:attachment":[{"href":"https:\/\/www.europesays.com\/es\/wp-json\/wp\/v2\/media?parent=129938"}],"wp:term":[{"taxonomy":"category","embeddable":true,"href":"https:\/\/www.europesays.com\/es\/wp-json\/wp\/v2\/categories?post=129938"},{"taxonomy":"post_tag","embeddable":true,"href":"https:\/\/www.europesays.com\/es\/wp-json\/wp\/v2\/tags?post=129938"}],"curies":[{"name":"wp","href":"https:\/\/api.w.org\/{rel}","templated":true}]}}