{"id":129940,"date":"2025-09-21T16:48:20","date_gmt":"2025-09-21T16:48:20","guid":{"rendered":"https:\/\/www.europesays.com\/es\/129940\/"},"modified":"2025-09-21T16:48:20","modified_gmt":"2025-09-21T16:48:20","slug":"la-calle-de-los-libreros-de-bogota-simbolo-de-identidad-urbana-y-refugio-cultural-en-plena-era-digital","status":"publish","type":"post","link":"https:\/\/www.europesays.com\/es\/129940\/","title":{"rendered":"La Calle de los Libreros de Bogot\u00e1, s\u00edmbolo de identidad urbana y refugio cultural en plena era digital"},"content":{"rendered":"<p><img alt=\"La Calle de los Libreros,\" class=\"global-image\" decoding=\"async\" fetchpriority=\"high\" height=\"1080\" loading=\"eager\" src=\"https:\/\/www.europesays.com\/es\/wp-content\/uploads\/2025\/09\/S7XRVYZLL5ACRNQ7R2Z6OQCP5A.png\" width=\"1920\"\/>La Calle de los Libreros, un refugio para la cultura del papel<\/p>\n<p class=\"paragraph\">Quien se haya perdido entre los puestos de usados de <b>Parque Rivadavia<\/b>, <b>Plaza Italia<\/b> o <b>San Telmo<\/b>, o tenga el h\u00e1bito de entrar de vez en cuando en las \u201clibrer\u00edas de viejo\u201d de la avenida Corrientes podr\u00e1 reconocer en <b>Bogot\u00e1<\/b> un rinc\u00f3n familiar: en la Calle de los Libreros, en la intersecci\u00f3n de la calle 16 con carrera 8a, los libros se apilan en mesas, estantes y cajas en la vereda, y tambi\u00e9n hay locales que ofrecen ejemplares que parecen llegados de otro tiempo, envueltos en nylon.<\/p>\n<p class=\"paragraph\">En ese rinc\u00f3n, que parece ajeno a la omnipresencia de las pantallas y de las plataformas digitales, todav\u00eda se compra con calma, los caminantes conversan con los libreros y sienten que el mayor placer es descubrir, al azar, alg\u00fan t\u00edtulo inesperado. La calle se convierte -como otras, en tantas ciudades del mundo- en un refugio para la cultura del papel.<\/p>\n<p class=\"paragraph\">Cuentan los lugare\u00f1os que la historia de esta calle se remonta a finales de los 90, cuando las pol\u00edticas de reordenamiento urbano concentraron en un mismo sitio a comerciantes que hasta entonces trabajaban dispersos en el centro de la capital colombiana: ocupaban casillas o puestos improvisados en esquinas en las que ofrec\u00edan sus libros usados, revistas y discos. Los reubicaron en este lugar y, as\u00ed, la <b>Calle de los Libreros<\/b> se consolid\u00f3 como un polo de venta de usados y adquiri\u00f3 identidad propia.<\/p>\n<p><img alt=\"Entre mesas repletas y charlas\" class=\"global-image\" decoding=\"async\" fetchpriority=\"low\" height=\"1080\" loading=\"lazy\" src=\"https:\/\/www.europesays.com\/es\/wp-content\/uploads\/2025\/09\/L7FTLXAFXFGJBKDKZ7KV3RQGJ4.png\" width=\"1920\"\/>Entre mesas repletas y charlas con libreros, este emblem\u00e1tico pasaje de Bogot\u00e1 se ha convertido en el rinc\u00f3n donde los libros usados cuentan su propia historia<\/p>\n<p class=\"paragraph\">Detr\u00e1s de cada local a la calle y de los puestos callejeros hay, adem\u00e1s, historias personales y familiares: algunos libreros aprendieron el oficio de sus padres y abuelos; otros llegaron al oficio por azar, enamorados de un libro hallado en una feria o movidos por la idea de hacer de la lectura un modo de vida. Con el tiempo, este espacio se volvi\u00f3 un punto de referencia, y un lugar donde generaciones distintas, e incluso los turistas, se re\u00fanen buscando las historias impresas.<\/p>\n<p class=\"paragraph\">En las mesas callejeras se mezclan manuales escolares (muchos desactualizados) con ediciones de lujo de cl\u00e1sicos de la literatura universal, colecciones de historietas, libros de autoayuda, filosof\u00eda, y recetarios olvidados, junto con joyas de la literatura latinoamericana: el Nobel colombiano <b>Gabriel Garc\u00eda M\u00e1rquez<\/b>, claro, pero tambi\u00e9n el uruguayo <b>Eduardo Galeano<\/b> y la argentina <b>Alejandra Pizarnik<\/b>, se ubican entre los m\u00e1s buscados por los compradores al paso.<\/p>\n<p><img alt=\"La Calle de los Libreros\" class=\"global-image\" decoding=\"async\" fetchpriority=\"low\" height=\"1282\" loading=\"lazy\" src=\"https:\/\/www.europesays.com\/es\/wp-content\/uploads\/2025\/09\/24EIAQQJORGLLMGAXS74XCSF54.jpeg\" width=\"1920\"\/>La Calle de los Libreros vive entre amantes de la lectura, turistas curiosos y nost\u00e1lgicos del mundo anal\u00f3gico<\/p>\n<p class=\"paragraph\">Los libreros cantan los t\u00edtulos en voz alta y lo que m\u00e1s disfrutan los clientes, casi tanto como la compra, parece ser la conversaci\u00f3n: hablar sobre los libros, negociar precios, ofrecer y escuchar sugerencias y hasta intercambiar an\u00e9cdotas. Ac\u00e1, no corren los algoritmos, o quedan relegados por un rato.<\/p>\n<p class=\"paragraph\">Desde temprano, y mientras los locales abren sus persianas, en las veredas los manteros ordenan sus libros en caballetes improvisados o sobre los trapos que extienden en el suelo. Los profesores e investigadores, cuentan los libreros, suelen llegar primero, buscando t\u00edtulos espec\u00edficos; los estudiantes piden las lecturas obligatorias de la escuela a menor precio, y al mediod\u00eda, ya empiezan a llegar los turistas curiosos y los transe\u00fantes del centro hist\u00f3rico, atra\u00eddos por la atm\u00f3sfera bohemia.<\/p>\n<p class=\"paragraph\">Cada d\u00eda regala alguna escena \u00fanica: alguien se emociona al encontrar un ejemplar perdido, un coleccionista pregunta por una edici\u00f3n rara, un visitante hojea un libro y descubre una dedicatoria manuscrita de hace d\u00e9cadas. Son estas situaciones las que dan vitalidad e identidad al pasaje.<\/p>\n<p><img alt=\"La\u00a0Calle de los Libreros est\u00e1\" class=\"global-image\" decoding=\"async\" fetchpriority=\"low\" height=\"1080\" loading=\"lazy\" src=\"https:\/\/www.europesays.com\/es\/wp-content\/uploads\/2025\/09\/LRD4BBVWUZASNHT4TKCO25O77U.png\" width=\"1920\"\/>La\u00a0Calle de los Libreros est\u00e1 en la intersecci\u00f3n de la calle 16 con carrera 8a<\/p>\n<p class=\"paragraph\">Para los vendedores callejeros, el desaf\u00edo es sobrevivir en la era digital: con el auge del e-book, de los audiolibros y de las compras en l\u00ednea, podr\u00eda parecer que estos locales tienen los d\u00edas contados, aunque su permanencia demuestra que poseen algo que ning\u00fan dispositivo ofrece: el contacto humano y sensorial, la charla vinculada a la lectura. El libro aqu\u00ed llega acompa\u00f1ado de una experiencia: como en las ferias, se toca, se huele, se abre, y junto con \u00e9l llega una voz que lo recomienda, lo valora, lo rescata de alguna caja olvidada.<\/p>\n<p class=\"paragraph\">La <b>Calle de los Libreros<\/b> es tambi\u00e9n un s\u00edmbolo de resistencia: en este corredor, <b>Bogot\u00e1<\/b> reafirma su v\u00ednculo con la cultura escrita y recuerda que, en medio de la vor\u00e1gine tecnol\u00f3gica, todav\u00eda hay un lugar donde lo impreso conserva un poder irremplazable. Un poder que <b>Buenos Aires<\/b> conoce bien y que hermana a ambas ciudades en su pasi\u00f3n por el papel y las historias que guarda.<\/p>\n","protected":false},"excerpt":{"rendered":"La Calle de los Libreros, un refugio para la cultura del papel Quien se haya perdido entre los&hellip;\n","protected":false},"author":2,"featured_media":129941,"comment_status":"","ping_status":"","sticky":false,"template":"","format":"standard","meta":{"footnotes":""},"categories":[172],"tags":[224,146,147,25,24,225,23],"class_list":{"0":"post-129940","1":"post","2":"type-post","3":"status-publish","4":"format-standard","5":"has-post-thumbnail","7":"category-libros","8":"tag-books","9":"tag-entertainment","10":"tag-entretenimiento","11":"tag-es","12":"tag-espana","13":"tag-libros","14":"tag-spain"},"share_on_mastodon":{"url":"","error":""},"_links":{"self":[{"href":"https:\/\/www.europesays.com\/es\/wp-json\/wp\/v2\/posts\/129940","targetHints":{"allow":["GET"]}}],"collection":[{"href":"https:\/\/www.europesays.com\/es\/wp-json\/wp\/v2\/posts"}],"about":[{"href":"https:\/\/www.europesays.com\/es\/wp-json\/wp\/v2\/types\/post"}],"author":[{"embeddable":true,"href":"https:\/\/www.europesays.com\/es\/wp-json\/wp\/v2\/users\/2"}],"replies":[{"embeddable":true,"href":"https:\/\/www.europesays.com\/es\/wp-json\/wp\/v2\/comments?post=129940"}],"version-history":[{"count":0,"href":"https:\/\/www.europesays.com\/es\/wp-json\/wp\/v2\/posts\/129940\/revisions"}],"wp:featuredmedia":[{"embeddable":true,"href":"https:\/\/www.europesays.com\/es\/wp-json\/wp\/v2\/media\/129941"}],"wp:attachment":[{"href":"https:\/\/www.europesays.com\/es\/wp-json\/wp\/v2\/media?parent=129940"}],"wp:term":[{"taxonomy":"category","embeddable":true,"href":"https:\/\/www.europesays.com\/es\/wp-json\/wp\/v2\/categories?post=129940"},{"taxonomy":"post_tag","embeddable":true,"href":"https:\/\/www.europesays.com\/es\/wp-json\/wp\/v2\/tags?post=129940"}],"curies":[{"name":"wp","href":"https:\/\/api.w.org\/{rel}","templated":true}]}}