{"id":129948,"date":"2025-09-21T16:54:45","date_gmt":"2025-09-21T16:54:45","guid":{"rendered":"https:\/\/www.europesays.com\/es\/129948\/"},"modified":"2025-09-21T16:54:45","modified_gmt":"2025-09-21T16:54:45","slug":"toda-una-vida-va-a-ser-poco","status":"publish","type":"post","link":"https:\/\/www.europesays.com\/es\/129948\/","title":{"rendered":"Toda una vida va a ser poco"},"content":{"rendered":"<p id=\"eUTeUWMO_M\" data-wc=\"65\">Un a\u00f1o despu\u00e9s de comprometerse en Formentera, la influencer\u00a0<strong>Roc\u00edo Camacho y Guillermo Aylon han sellado su amor con una ceremonia civil celebrada este s\u00e1bado en Madrid<\/strong>. El Castillo de Batres, en el municipio del mismo nombre ubicado en el sur de Madrid, ha sido el enclave escogido por el ya matrimonio para darse el &#8216;s\u00ed, quiero&#8217; rodeados de sus seres queridos, familiares y amigos.\u00a0<\/p>\n<p> <img src=\"https:\/\/www.europesays.com\/es\/wp-content\/uploads\/2025\/09\/6946c2a3776a-snapinstato551689052185273323630544896356396526038700218n.jpg\"   width=\"768\" height=\"1024\" loading=\"lazy\" decoding=\"async\" alt=\"La boda de Roc\u00edo Camacho y Guillermo Aylon en Madrid\" fetchpriority=\"auto\" class=\"image ho-image\"\/>\u00a9 @rociocamachoLa boda de Roc\u00edo Camacho y Guillermo Aylon en Madrid<\/p>\n<p> <img src=\"https:\/\/www.europesays.com\/es\/wp-content\/uploads\/2025\/09\/43318ced4939-snapinstato552623254185273324410544893166492773512572269n.jpg\"   width=\"768\" height=\"1024\" loading=\"lazy\" decoding=\"async\" alt=\"Sonrisas y complicidad antes del 's\u00ed, quiero'\" fetchpriority=\"auto\" class=\"image ho-image\"\/>\u00a9 @rociocamachoSonrisas y complicidad antes del &#8216;s\u00ed, quiero&#8217;<\/p>\n<p> <img src=\"https:\/\/www.europesays.com\/es\/wp-content\/uploads\/2025\/09\/d005713307fb-snapinstato55221215418527332531054489755950796547638333n.jpg\"   width=\"768\" height=\"1024\" loading=\"lazy\" decoding=\"async\" alt=\"La boda de Roc\u00edo Camacho y Guillermo Aylon en Madrid\" fetchpriority=\"auto\" class=\"image ho-image\"\/>\u00a9 @rociocamacho<\/p>\n<p> <img src=\"https:\/\/www.europesays.com\/es\/wp-content\/uploads\/2025\/09\/f4006fbb6e95-snapinstato551426898185273325220544895566915750816276729n.jpg\"   width=\"768\" height=\"1024\" loading=\"lazy\" decoding=\"async\" alt=\"La boda de Roc\u00edo Camacho y Guillermo Aylon en Madrid\" fetchpriority=\"auto\" class=\"image ho-image\"\/>\u00a9 @rociocamacho<\/p>\n<p id=\"eLqRqGWLt9u\" data-wc=\"104\">La fortaleza-palacio en la que se han convertido en marido y mujer se construy\u00f3 durante el Renacimiento, y sirvi\u00f3 de inspiraci\u00f3n para Garcilaso de la Vega al componer algunos de sus versos m\u00e1s laureados. <a class=\"hm-link ho-link\" href=\"https:\/\/www.hola.com\/novias\/20250919856738\/vestido-de-novia-de-rocio-camacho-boda\/\" data-mrf-recirculation=\"article-body-link\" rel=\"nofollow noopener\" target=\"_blank\">La ceremonia comenz\u00f3 a las cinco y media de la tarde y fue entonces cuando Roc\u00edo desvel\u00f3 su secreto mejor guardado: su vestido<\/a>, un delicado dise\u00f1o realizado a medida por Lorenzo Caprile que le quedaba como un guante. \u00abNo quer\u00eda sentirme disfrazada ni que fuese un vestido que viese en 20 a\u00f1os y me arrepintiese de haber elegido. Es cl\u00e1sico, sencillo y elegante\u00bb, ha contado a\u00a0\u00a1HOLA!\u00a0sobre su elecci\u00f3n.<\/p>\n<p> <img src=\"https:\/\/www.europesays.com\/es\/wp-content\/uploads\/2025\/09\/c10545b7dc78-snapinstato55158960918527332504054489468949845548766783n.jpg\"   width=\"768\" height=\"1024\" loading=\"lazy\" decoding=\"async\" alt=\"La boda de Roc\u00edo Camacho y Guillermo Aylon en Madrid\" fetchpriority=\"auto\" class=\"image ho-image\"\/>\u00a9 @rociocamacho<\/p>\n<p> <img src=\"https:\/\/www.europesays.com\/es\/wp-content\/uploads\/2025\/09\/24bb44d82fa7-snapinstato551966900185273325610544891569439198320643716n.jpg\"   width=\"768\" height=\"1024\" loading=\"lazy\" decoding=\"async\" alt=\"La boda de Roc\u00edo Camacho y Guillermo Aylon en Madrid\" fetchpriority=\"auto\" class=\"image ho-image\"\/>\u00a9 @rociocamacho<\/p>\n<p> <img src=\"https:\/\/www.europesays.com\/es\/wp-content\/uploads\/2025\/09\/343ed8cb90b4-snapinstato550687844185273326150544894595038487896619092n.jpg\"   width=\"768\" height=\"1024\" loading=\"lazy\" decoding=\"async\" alt=\"El detalle trasero del vestido de Roc\u00edo Camacho confeccionado por Lorenzo Caprile \" fetchpriority=\"auto\" class=\"image ho-image\"\/>\u00a9 @rociocamachoEl detalle trasero del vestido de Roc\u00edo Camacho confeccionado por Lorenzo Caprile <\/p>\n<p id=\"e6LjYSWqebk\" data-wc=\"108\"><strong>Al enlace asistieron algo m\u00e1s de 200 invitados<\/strong>, entre ellos, amigos y conocidos del mundo de las redes sociales: Roc\u00edo Osorno, Teresa Bass, Sara Fructuoso, Gonzalo Cidre, Claudia Martinez, Sophie Tatar, Marta Carriedo o Isa Ramos. Tras cuatro a\u00f1os de noviazgo, Roc\u00edo y Guillermo tiraron la casa por la ventana con varios d\u00edas de celebraci\u00f3n: una preboda el viernes y el enlace del s\u00e1bado. <strong>Sus sonrisas no enga\u00f1an, ha sido el d\u00eda m\u00e1s especial para ellos<\/strong>. \u00abToda una vida va a ser poco para todo lo que quiero vivir contigo\u00bb, ha expresado ella en una publicaci\u00f3n en la que ha compartido unas c\u00e1ndidas y bonitas im\u00e1genes del enlace.<\/p>\n<p> <img src=\"https:\/\/www.europesays.com\/es\/wp-content\/uploads\/2025\/09\/bea1fc485c58-snapinstato552182430185273325130544896214607291819417683n.jpg\"   width=\"768\" height=\"1024\" loading=\"lazy\" decoding=\"async\" alt=\"La boda de Roc\u00edo Camacho y Guillermo Aylon en Madrid\" fetchpriority=\"auto\" class=\"image ho-image\"\/>\u00a9 @rociocamachoRoc\u00edo Camacho acompa\u00f1ada por su padre, que la conduce hacia el altar<\/p>\n<p> <img src=\"https:\/\/www.europesays.com\/es\/wp-content\/uploads\/2025\/09\/4b4229970447-snapinstato552405896185273325790544892554565455765796384n.jpg\"   width=\"768\" height=\"1024\" loading=\"lazy\" decoding=\"async\" alt=\"La boda de Roc\u00edo Camacho y Guillermo Aylon en Madrid\" fetchpriority=\"auto\" class=\"image ho-image\"\/>\u00a9 @rociocamacho<\/p>\n<p class=\"\" id=\"e701uxFo38\" data-wc=\"70\">No ha faltado ning\u00fan detalle: del espectacular vestido, pasando por el precioso enclave, un aut\u00e9ntico palacete que se convirti\u00f3 en un escenario de cuento -sobre todo al caer la noche e iluminarse-. Su padre la acompa\u00f1\u00f3 al altar con completo orgullo, e incluso<strong>\u00a0su perrita, una pomerania negra, hizo acto de presencia antes del &#8216;s\u00ed, quiero&#8217;, robando todas las miradas y d\u00e1ndole un toque \u00fanico y moderno a la ceremonia<\/strong>.\u00a0<\/p>\n<p> <img src=\"https:\/\/www.europesays.com\/es\/wp-content\/uploads\/2025\/09\/d393c2d25f7c-snapinstato551861991185273325460544891972841935372491563n.jpg\"   width=\"768\" height=\"1024\" loading=\"lazy\" decoding=\"async\" alt=\"La boda de Roc\u00edo Camacho y Guillermo Aylon en Madrid\" fetchpriority=\"auto\" class=\"image ho-image\"\/>\u00a9 @rociocamacho<\/p>\n<p> <img src=\"https:\/\/www.europesays.com\/es\/wp-content\/uploads\/2025\/09\/e329846e4508-snapinstato551322269185273326240544898002477936767549808n.jpg\"   width=\"768\" height=\"1024\" loading=\"lazy\" decoding=\"async\" alt=\"El Castillo de Batres, el espectacular enclave en el que la 'influencer' y su ya marido se han dado el 's\u00ed, quiero'\" fetchpriority=\"auto\" class=\"image ho-image\"\/>\u00a9 @rociocamachoEl Castillo de Batres, el espectacular enclave en el que la &#8216;influencer&#8217; y su ya marido se han dado el &#8216;s\u00ed, quiero&#8217;<\/p>\n<p> <img src=\"https:\/\/www.europesays.com\/es\/wp-content\/uploads\/2025\/09\/e5f8ede82532-snapinstato551204494185273326030544898127070613043939251n.jpg\"   width=\"768\" height=\"1024\" loading=\"lazy\" decoding=\"async\" alt=\"La pomerania, robando todas las miradas en el enlace\" fetchpriority=\"auto\" class=\"image ho-image\"\/>\u00a9 @rociocamachoLa pomerania, robando todas las miradas en el enlace<\/p>\n<p id=\"eqY4xiCb3M\" data-wc=\"80\"><strong>Desde el ramo de calas blancas de la florister\u00eda Blumental<\/strong><strong>, pasando por el espectacular dise\u00f1o de Caprile<\/strong>, Roc\u00edo y Guillermo han compartido uno de sus d\u00edas m\u00e1s especiales, algo que han querido atestiguar con las instant\u00e1neas que han compartido horas despu\u00e9s del d\u00eda en el que dieron un paso m\u00e1s en su consolidada relaci\u00f3n. La luz de atardecer, los amigos y la familia: el ya matrimonio a\u00fan \u00abno asimila\u00bb lo que pas\u00f3 este s\u00e1bado en el sur de la capital.<\/p>\n<p> <img src=\"https:\/\/www.europesays.com\/es\/wp-content\/uploads\/2025\/09\/d5d8403f2a9f-snapinstato551278344185273325880544899019236357502027943n.jpg\"   width=\"768\" height=\"1024\" loading=\"lazy\" decoding=\"async\" alt=\"La boda de Roc\u00edo Camacho y Guillermo Aylon en Madrid\" fetchpriority=\"auto\" class=\"image ho-image\"\/>\u00a9 @rociocamacho<\/p>\n<p> <img src=\"https:\/\/www.europesays.com\/es\/wp-content\/uploads\/2025\/09\/12a8c0ecdfa9-snapinstato551320166185273325700544891545219902859247946n.jpg\"   width=\"768\" height=\"1024\" loading=\"lazy\" decoding=\"async\" alt=\"El beso que sella su amor tras cuatro a\u00f1os de noviazgo\" fetchpriority=\"auto\" class=\"image ho-image\"\/>\u00a9 @rociocamacho<\/p>\n<p class=\"\" id=\"eE2flBZshh\" data-wc=\"85\">Las redes sociales se han llenado de bonitas instant\u00e1neas de la influencer\u00a0junto a los invitados, sus amigas de la infancia y sus compa\u00f1eras de profesi\u00f3n. Sonriendo, y ya sin los nervios de la ceremonia, Roc\u00edo ha posado natural junto a ellas, queriendo palpar cada segundo de esta jornada tan especial para ella. Tambi\u00e9n ha querido mostrar algunos de los detalles de la decoraci\u00f3n interior del banquete, dominando la presencia las <strong>impresionantes l\u00e1mparas de ara\u00f1a que otorgaron a la velada un toque a\u00fan m\u00e1s elegante<\/strong>.\u00a0<\/p>\n<p> <img src=\"https:\/\/www.europesays.com\/es\/wp-content\/uploads\/2025\/09\/847021cdaf8b-snapinstato552203867185273376880544894805945580056228261n.jpg\"   width=\"576\" height=\"1024\" loading=\"lazy\" decoding=\"async\" alt=\"La boda de Roc\u00edo Camacho en Madrid\" fetchpriority=\"auto\" class=\"image ho-image\"\/>\u00a9 @memeemorales<\/p>\n<p> <img src=\"https:\/\/www.europesays.com\/es\/wp-content\/uploads\/2025\/09\/09f2856c56f5-snapinstato551069218185273425840544896808941776143634407n.jpg\"   width=\"628\" height=\"1024\" loading=\"lazy\" decoding=\"async\" alt=\"Roc\u00edo Camacho en el d\u00eda de su boda \" fetchpriority=\"auto\" class=\"image ho-image\"\/>\u00a9 @angeleciacio<\/p>\n<p class=\"\" id=\"exEUrWxbEJR\" data-wc=\"74\">Tras varios altibajos en sus relaciones, Roc\u00edo se dijo a s\u00ed misma que nunca encontrar\u00eda el amor: \u00abPensaba que, en la sociedad que vivimos, era pr\u00e1cticamente imposible encontrar un amor como el de mis padres, pero he descubierto que existe. Para m\u00ed el amor es encontrar en una pareja a tu <a class=\"hm-link ho-link\" href=\"https:\/\/www.hola.com\/actualidad\/20240517254096\/grace-villarreal-boda-historia-amor\/\" data-mrf-recirculation=\"article-body-link\" rel=\"nofollow noopener\" target=\"_blank\">mejor amigo<\/a>\u00ab, admit\u00eda a esta revista hace un a\u00f1o, emocionada con la idea de casarse con alguien a quien ella misma considera \u00abfamilia\u00bb.<\/p>\n<p> <img src=\"https:\/\/www.europesays.com\/es\/wp-content\/uploads\/2025\/09\/940caae91da7-snapinstato550886811185273559250544894943300387608165827n.jpg\"   width=\"576\" height=\"1024\" loading=\"lazy\" decoding=\"async\" alt=\"Los detalles del banquete de boda de Roc\u00edo Camacho\" fetchpriority=\"auto\" class=\"image ho-image\"\/>\u00a9 @marttacamachoLos detalles del banquete de boda de Roc\u00edo Camacho<\/p>\n<p> <img src=\"https:\/\/www.europesays.com\/es\/wp-content\/uploads\/2025\/09\/53b7d45520f8-snapinstato551882786185273438050544897321606952455463488n.jpg\"   width=\"576\" height=\"1024\" loading=\"lazy\" decoding=\"async\" alt=\"Los detalles del vestido de Lorenzo Caprile que Roc\u00edo Camacho llev\u00f3 el d\u00eda de su boda\" fetchpriority=\"auto\" class=\"image ho-image\"\/>\u00a9 @marttacamachoLos detalles del vestido de Lorenzo Caprile que Roc\u00edo Camacho llev\u00f3 el d\u00eda de su boda<\/p>\n<p id=\"e5arefnH9R\" data-wc=\"110\">\u00abEl mejor consejo sobre el amor me lo ha dado mi madre: siempre me dec\u00eda que nunca necesite a nadie para ser feliz, pero que, <strong>cuando alguien me haga feliz, d\u00e9 el 100% sin pensar en si lo que recibir\u00e9 de vuelta ser\u00e1 lo mismo<\/strong>, porque lo que dejamos en los dem\u00e1s es siempre lo que damos, no lo que nos devuelven\u00bb, expres\u00f3 a \u00a1HOLA!. Guillermo ha sido, para ella, esa persona. Representante de tenistas profesionales, admite que lo que m\u00e1s le gusta de \u00e9l es <strong>\u00abla capacidad de adaptaci\u00f3n que tiene a todo, la tranquilidad que me transmite y para qu\u00e9 negarlo, que cocina muy bien\u00bb<\/strong>, admit\u00eda entre risas.\u00a0<\/p>\n<p> <img src=\"https:\/\/www.europesays.com\/es\/wp-content\/uploads\/2025\/09\/b70c52e47f7e-snapinstato55157070818527337595054489998275926984038881n.jpg\"   width=\"782\" height=\"1024\" loading=\"lazy\" decoding=\"async\" alt=\"La boda de Roc\u00edo Camacho en Madrid\" fetchpriority=\"auto\" class=\"image ho-image\"\/>\u00a9 @laura.fdz.perez<\/p>\n<p> <img src=\"https:\/\/www.europesays.com\/es\/wp-content\/uploads\/2025\/09\/c80f73c2af9d-snapinstato553041302185273360020544893997077619765139829n.jpg\"   width=\"785\" height=\"1024\" loading=\"lazy\" decoding=\"async\" alt=\"La boda de Roc\u00edo Camacho en Madrid\" fetchpriority=\"auto\" class=\"image ho-image\"\/>\u00a9 @angelesciacio<br \/>\nUna historia de amor&#8230; \u00bfimprobable?<\/p>\n<p id=\"er1SI36oAOw\" data-wc=\"120\">Ambos se conocieron, seg\u00fan admite la propia influencer, <a class=\"hm-link ho-link\" href=\"https:\/\/www.hola.com\/actualidad\/20241001721130\/rocio-camacho-influencer-compromiso-detalles-entrevista\/\" data-mrf-recirculation=\"article-body-link\" rel=\"nofollow noopener\" target=\"_blank\">en un espacio \u00abdonde siempre he dicho que nunca puede surgir una relaci\u00f3n de amor: en una discoteca\u00bb<\/a>. En 2021, cuando ambos cruzaron miradas, Roc\u00edo estaba \u00abcon el coraz\u00f3n roto\u00bb, tal y como explic\u00f3 a esta revista tras su pedida de mano. \u00abEn pleno proceso de sanaci\u00f3n me fui con mis amigas a Tarifa. Esa \u00faltima noche yo no quer\u00eda salir de fiesta y ellas me convencieron para hacerlo. Recuerdo como si fuese ayer entrar al sitio, verle y decirles: &#8216;Oye, ese chico es muy mono, \u00bfno?&#8217;. No nos dejamos de mirar en toda la noche y finalmente \u00e9l se acerc\u00f3 a hablar conmigo\u00bb, relat\u00f3, recordando la historia como si fuese ayer.\u00a0<\/p>\n<p> <img src=\"https:\/\/www.europesays.com\/es\/wp-content\/uploads\/2025\/09\/773670eb800f-rocioccamacho1.jpg\"   width=\"819\" height=\"1024\" loading=\"lazy\" decoding=\"async\" alt=\"Roc\u00edo Camacho anuncia que se casa con Guillermo Aylon\" fetchpriority=\"auto\" class=\"image ho-image\"\/>\u00a9 rocioccamacho<\/p>\n<p> <img src=\"https:\/\/www.europesays.com\/es\/wp-content\/uploads\/2025\/09\/169f07a6e935-rocioccamacho7.jpg\"   width=\"576\" height=\"1024\" loading=\"lazy\" decoding=\"async\" alt=\"Roc\u00edo Camacho anuncia que se casa con Guillermo Aylon\" fetchpriority=\"auto\" class=\"image ho-image\"\/>\u00a9 rocioccamacho<\/p>\n<p id=\"eNwHxaswrSn\" data-wc=\"70\">En aquel momento hablaron dos frases, pero intercambiaron los tel\u00e9fonos y estuvieron hablando por WhatsApp a diario durante un mes, dado que \u00e9l se hab\u00eda marchado a Estados Unidos a trabajar. <strong>\u00abEl mismo d\u00eda que volvi\u00f3 quedamos y el resto es historia&#8230;\u00bb<\/strong>, cont\u00f3. Con m\u00e1s de un mill\u00f3n de seguidores, Roc\u00edo siempre ha mostrado a su p\u00fablico todos los diversos cap\u00edtulos de su vida, ya sean tanto profesionales como personales.\u00a0<\/p>\n<p> <img src=\"https:\/\/www.europesays.com\/es\/wp-content\/uploads\/2025\/09\/0f6f6cba09c7-rocioccamacho4.jpg\"   width=\"819\" height=\"1024\" loading=\"lazy\" decoding=\"async\" alt=\"Roc\u00edo Camacho anuncia que se casa con Guillermo Aylon\" fetchpriority=\"auto\" class=\"image ho-image\"\/>\u00a9 rocioccamacho<\/p>\n<p> <img src=\"https:\/\/www.europesays.com\/es\/wp-content\/uploads\/2025\/09\/c817296c8120-rocioccamacho3.jpg\"   width=\"819\" height=\"1024\" loading=\"lazy\" decoding=\"async\" alt=\"Roc\u00edo Camacho anuncia que se casa con Guillermo Aylon\" fetchpriority=\"auto\" class=\"image ho-image\"\/>\u00a9 rocioccamacho<\/p>\n<p id=\"echSMhyid0\" data-wc=\"115\"><strong>Su cercan\u00eda la ha llevado a convertirse en una de las figuras m\u00e1s queridas y consolidadas en las redes sociales<\/strong>. Tambi\u00e9n su humor, sobre todo d\u00edas antes de la pedida de mano oficial, pues en las horas previas a que Guillermo se arrodillase, ella hab\u00eda estado bromeando con \u00e9l sobre c\u00f3mo segu\u00eda sin comprometerse a los 30 a\u00f1os. \u00abCreo que no voy a olvidar ese momento en mi vida y ojal\u00e1 poder mantenerlo grabado en mi cerebro para siempre. Ese d\u00eda Guille estaba muy raro, me hablaba muy poco y yo no paraba de preguntarle si le pasaba algo conmigo, pero solo me dec\u00eda que no, que estaba tranquilo y disfrutando\u00bb, admit\u00eda hace un a\u00f1o.\u00a0<\/p>\n","protected":false},"excerpt":{"rendered":"Un a\u00f1o despu\u00e9s de comprometerse en Formentera, la influencer\u00a0Roc\u00edo Camacho y Guillermo Aylon han sellado su amor con&hellip;\n","protected":false},"author":2,"featured_media":129949,"comment_status":"","ping_status":"","sticky":false,"template":"","format":"standard","meta":{"footnotes":""},"categories":[91],"tags":[517,3164,146,147,25,24,23],"class_list":{"0":"post-129948","1":"post","2":"type-post","3":"status-publish","4":"format-standard","5":"has-post-thumbnail","7":"category-entretenimiento","8":"tag-actualidad","9":"tag-bodas","10":"tag-entertainment","11":"tag-entretenimiento","12":"tag-es","13":"tag-espana","14":"tag-spain"},"share_on_mastodon":{"url":"","error":""},"_links":{"self":[{"href":"https:\/\/www.europesays.com\/es\/wp-json\/wp\/v2\/posts\/129948","targetHints":{"allow":["GET"]}}],"collection":[{"href":"https:\/\/www.europesays.com\/es\/wp-json\/wp\/v2\/posts"}],"about":[{"href":"https:\/\/www.europesays.com\/es\/wp-json\/wp\/v2\/types\/post"}],"author":[{"embeddable":true,"href":"https:\/\/www.europesays.com\/es\/wp-json\/wp\/v2\/users\/2"}],"replies":[{"embeddable":true,"href":"https:\/\/www.europesays.com\/es\/wp-json\/wp\/v2\/comments?post=129948"}],"version-history":[{"count":0,"href":"https:\/\/www.europesays.com\/es\/wp-json\/wp\/v2\/posts\/129948\/revisions"}],"wp:featuredmedia":[{"embeddable":true,"href":"https:\/\/www.europesays.com\/es\/wp-json\/wp\/v2\/media\/129949"}],"wp:attachment":[{"href":"https:\/\/www.europesays.com\/es\/wp-json\/wp\/v2\/media?parent=129948"}],"wp:term":[{"taxonomy":"category","embeddable":true,"href":"https:\/\/www.europesays.com\/es\/wp-json\/wp\/v2\/categories?post=129948"},{"taxonomy":"post_tag","embeddable":true,"href":"https:\/\/www.europesays.com\/es\/wp-json\/wp\/v2\/tags?post=129948"}],"curies":[{"name":"wp","href":"https:\/\/api.w.org\/{rel}","templated":true}]}}