{"id":129956,"date":"2025-09-21T16:58:08","date_gmt":"2025-09-21T16:58:08","guid":{"rendered":"https:\/\/www.europesays.com\/es\/129956\/"},"modified":"2025-09-21T16:58:08","modified_gmt":"2025-09-21T16:58:08","slug":"el-verano-se-despide-con-granizo-lluvias-torrenciales-y-avisos-naranjas-en-cataluna-baleares-y-comunidad-valenciana","status":"publish","type":"post","link":"https:\/\/www.europesays.com\/es\/129956\/","title":{"rendered":"El verano se despide con granizo, lluvias torrenciales y avisos naranjas en Catalu\u00f1a, Baleares y Comunidad Valenciana"},"content":{"rendered":"<p>El verano de 2025 se est\u00e1 despidiendo con precipitaciones tormentosas en forma de granizo y lluvias torrenciales que est\u00e1n golpeando con fuerza buena parte del  &#8230; noreste peninsular, una situaci\u00f3n adversa que ha provocado cortes de carretera en Catalu\u00f1a, retrasos y suspensiones de vuelos en el aeropuerto de El Prat, incidencias ferroviarias  y rescates de decenas  de personas que hab\u00edan quedado atrapadas en el funicular de la monta\u00f1a de Montserrat, en Barcelona, donde han ca\u00eddo en pocas horas m\u00e1s de 100 litros por metro cuadrado.<\/p>\n<p class=\"v-p\"> La Agencia Estatal de Meteorolog\u00eda (Aemet) ha activado avisos naranjas (riesgo  importante) en Catalu\u00f1a, Islas Baleares y Comunidad Valenciana, donde a lo largo de la tarde de este domingo se esperan  precipitaciones intensas y el desplome de las temperaturas, con hasta 10\u00baC menos que el s\u00e1bado. <\/p>\n<p class=\"v-p\">Por la ma\u00f1ana zonas de Teruel y Huesca registraron un temporal de granizo con piedras de hielo del tama\u00f1o de canicas, e incluso mayores. La Aemet tiene tambi\u00e9n activados avisos amarillos para este domingo en zonas de Arag\u00f3n, Asturias, Andaluc\u00eda, Cantabria, Castilla-La Mancha y Regi\u00f3n de Murcia. <\/p>\n<p class=\"v-p\">La situaci\u00f3n en Catalu\u00f1a es la m\u00e1s preocupante. El presidente de la Generalitat, Salvador Illa, ha pedido \u00abprecauci\u00f3n\u00bb ante el episodio de fuertes lluvias que se est\u00e1n produciendo y ha remarcado que es \u00abmuy importante\u00bb seguir las indicaciones y recomendaciones de Protecci\u00f3 Civil de la Generalitat. <\/p>\n<p class=\"v-p\">Montse Font, jefa del Servicio de Gesti\u00f3n de Emergencias y Protecci\u00f3n Civil de la Generalitat, ha pedido a la poblaci\u00f3n evitar acercarse a zonas inundables asi como los desplazamientos en las carreteras afectadas por los chubascos \u00abporque va a seguir lloviendo fuerte en las pr\u00f3ximas horas\u00bb y conducir con \u00abprecauci\u00f3n\u00bb en v\u00edas, como la AP7, donde hay balsas de agua.<\/p>\n<p class=\"v-p\">La meteorolog\u00eda adversa y el ciberataque del s\u00e1bado en otros aeropuertos europeos han alterado la operatividad del aer\u00f3dromo de El Prat, en Barcelona, que desde mediod\u00eda registra varios retrasos y cancelaciones de vuelos. Tambi\u00e9n ha habido incidencias ferroviarias en Girona y la ca\u00edda de dos \u00e1rboles mantiene parado un tren con 60 pasajeros que esperan la llegada de otro convoy para poder reanudar el viaje.<\/p>\n<p>Cortes de carreteras<\/p>\n<p class=\"v-p\">El Servei Meteorol\u00f2gic de Catalunya (Meteocat) ha emitido un aviso por tiempo violento en siete comarcas de Barcelona y Tarragona, con un nivel de riesgo m\u00e1ximo en las  de la Anoia (Barcelona) y la Conca de Barber\u00e0 (Tarragona). La situaci\u00f3n meteorol\u00f3gica ha obligado a cortar dos carreteras comarcales y en otras con mucha agua la conducci\u00f3n est\u00e1 siendo muy complicada. Los chubascos han dejado en unas horas hasta 100 litros por metro cuadrado en la zona de Montserrat. All\u00ed un derrumbe de tierras ha dejado inoperativo el conocido funicular de Sant Joan (que ofrece una impresionante panor\u00e1mica de la monta\u00f1a de Montserrat), en el que viajaban en ese momento 30 personas que han tenido que se rescatadas por los Bomberos. Monta\u00f1eros que se encontraban en la zona de Montserrat tambi\u00e9n han tenido que ser evacuados despu\u00e9s de que en apenas media hora cayeran 40 litros por metro cuadrado. <\/p>\n<p class=\"v-p\">Tambi\u00e9n en Arag\u00f3n las lluvias ca\u00eddas en las \u00faltimas horas han causado numerosas incidencias y complicando el tr\u00e1fico en diferentes puntos de la comunidad, con balsas de agua, acumulaci\u00f3n de barro, desprendimientos, cierres de carriles y cortes de v\u00edas.<\/p>\n<p class=\"v-p\">En la Comunidad Valenciana, Aemet ha activado, desde las cuatro de la tarde de este domingo un doble aviso ante la amenaza de fuertes lluvias. La previsi\u00f3n para las pr\u00f3ximas horas es de chubascos y tormentas, que probablemente ser\u00e1n localmente fuertes y con posible granizo y rachas muy fuertes de viento en la mitad norte, especialmente en el norte de Castell\u00f3n, donde podr\u00e1n ser muy fuertes. El aviso es naranja en Castell\u00f3n y amarillo en Valencia.<\/p>\n<p class=\"v-p\">La Confederaci\u00f3n Hidrogr\u00e1fica del Ebro (CHE) ha intensificado la vigilancia y recordado la posibilidad de \u00abcrecidas s\u00fabitas importantes\u00bb de car\u00e1cter local en barrancos y cauces menores en Navarra, Arag\u00f3n (Huesca, Zaragoza y Teruel), Catalu\u00f1a (Lleida y Tarragona) y en el interior norte de Castell\u00f3n durante toda la jornada de este domingo.<\/p>\n<p class=\"v-p\">En Baleares se espera que durante la noche de este domingo un frente fr\u00edo irrumpa en la isla, activando la alerta naranja por lluvias fuertes y tormentas. Durante la madrugada del lunes, se esperan lluvias intensas, especialmente en la Serra de Tramuntana y en el norte y nordeste de la isla. En estas zonas podr\u00edan registrarse acumulaciones de m\u00e1s de 40 litros por metro cuadrado en tan solo una hora. Adem\u00e1s, se prev\u00e9n rachas de viento muy fuertes que podr\u00edan superar los 90 kil\u00f3metros por hora.<\/p>\n<p class=\"v-p\">La lluvia y el desplome de las temperaturas es lo que nos espera tambi\u00e9n este lunes, cuando, en concreto a las 20.19 horas, arrancar\u00e1 de forma oficial el oto\u00f1o astron\u00f3mico (el meteorol\u00f3gico comenz\u00f3 el pasado 1 de septiembre). El descenso del term\u00f3metro va a ser tan brusco que se esperan las primeras nieves en zonas del Pirineo, por debajo de los 1.500 metros de altitud.<\/p>\n","protected":false},"excerpt":{"rendered":"El verano de 2025 se est\u00e1 despidiendo con precipitaciones tormentosas en forma de granizo y lluvias torrenciales que&hellip;\n","protected":false},"author":2,"featured_media":129957,"comment_status":"","ping_status":"","sticky":false,"template":"","format":"standard","meta":{"footnotes":""},"categories":[8],"tags":[12389,2456,17,18,1980,10898,6193,25,24,13,14,11,19,20,6194,23009,9,10,15,16,23,12,41739,21,22,11004,1793],"class_list":{"0":"post-129956","1":"post","2":"type-post","3":"status-publish","4":"format-standard","5":"has-post-thumbnail","7":"category-espana","8":"tag-avisos","9":"tag-baleares","10":"tag-breaking-news","11":"tag-breakingnews","12":"tag-cataluna","13":"tag-comunidad","14":"tag-despide","15":"tag-es","16":"tag-espana","17":"tag-featured-news","18":"tag-featurednews","19":"tag-headlines","20":"tag-latest-news","21":"tag-latestnews","22":"tag-lluvias","23":"tag-naranjas","24":"tag-news","25":"tag-noticias","26":"tag-noticias-destacadas","27":"tag-noticiasdestacadas","28":"tag-spain","29":"tag-titulares","30":"tag-torrenciales","31":"tag-ultimas-noticias","32":"tag-ultimasnoticias","33":"tag-valenciana","34":"tag-verano"},"share_on_mastodon":{"url":"","error":""},"_links":{"self":[{"href":"https:\/\/www.europesays.com\/es\/wp-json\/wp\/v2\/posts\/129956","targetHints":{"allow":["GET"]}}],"collection":[{"href":"https:\/\/www.europesays.com\/es\/wp-json\/wp\/v2\/posts"}],"about":[{"href":"https:\/\/www.europesays.com\/es\/wp-json\/wp\/v2\/types\/post"}],"author":[{"embeddable":true,"href":"https:\/\/www.europesays.com\/es\/wp-json\/wp\/v2\/users\/2"}],"replies":[{"embeddable":true,"href":"https:\/\/www.europesays.com\/es\/wp-json\/wp\/v2\/comments?post=129956"}],"version-history":[{"count":0,"href":"https:\/\/www.europesays.com\/es\/wp-json\/wp\/v2\/posts\/129956\/revisions"}],"wp:featuredmedia":[{"embeddable":true,"href":"https:\/\/www.europesays.com\/es\/wp-json\/wp\/v2\/media\/129957"}],"wp:attachment":[{"href":"https:\/\/www.europesays.com\/es\/wp-json\/wp\/v2\/media?parent=129956"}],"wp:term":[{"taxonomy":"category","embeddable":true,"href":"https:\/\/www.europesays.com\/es\/wp-json\/wp\/v2\/categories?post=129956"},{"taxonomy":"post_tag","embeddable":true,"href":"https:\/\/www.europesays.com\/es\/wp-json\/wp\/v2\/tags?post=129956"}],"curies":[{"name":"wp","href":"https:\/\/api.w.org\/{rel}","templated":true}]}}