{"id":129960,"date":"2025-09-21T17:00:10","date_gmt":"2025-09-21T17:00:10","guid":{"rendered":"https:\/\/www.europesays.com\/es\/129960\/"},"modified":"2025-09-21T17:00:10","modified_gmt":"2025-09-21T17:00:10","slug":"el-balonmano-galdar-gran-canaria-pierde-la-imbatibilidad-en-casa-ante-un-valinox-novas-superior-22-30","status":"publish","type":"post","link":"https:\/\/www.europesays.com\/es\/129960\/","title":{"rendered":"El Balonmano G\u00e1ldar Gran Canaria pierde la imbatibilidad en casa ante un Valinox Nov\u00e1s superior (22-30)"},"content":{"rendered":"<p style=\"text-align:justify;\">El Balonmano G\u00e1ldar Gran Canaria no pudo prolongar su hist\u00f3rica racha de imbatibilidad en el Juan Vega Mateos y cay\u00f3 derrotado por 22-30 frente a un Valinox Nov\u00e1s que confirm\u00f3 su condici\u00f3n de aspirante al ascenso. Los gallegos se mostraron m\u00e1s s\u00f3lidos en los momentos decisivos, aprovechando las imprecisiones locales para llevarse una victoria de prestigio.<\/p>\n<p style=\"text-align:justify;\">\u00a0<\/p>\n<p style=\"text-align:justify;\">El choque arranc\u00f3 con gran igualdad sobre el 40&#215;20. Los grancanarios encontraron sus primeras referencias ofensivas en Marvin Santiago y Gonzalo Asensio, mientras que los visitantes respond\u00edan con la eficacia de Pedro Gusto y Bruno V\u00e1zquez. La alternancia en el marcador marc\u00f3 el ritmo de la primera parte, que se resolvi\u00f3 con una m\u00ednima ventaja para los gallegos al descanso (14-16).<\/p>\n<p style=\"text-align:justify;\">\u00a0<\/p>\n<p style=\"text-align:justify;\">Tras la reanudaci\u00f3n, el G\u00e1ldar intent\u00f3 mantener la intensidad, pero las p\u00e9rdidas de bal\u00f3n volvieron a convertirse en una losa demasiado pesada. El Nov\u00e1s supo castigar cada error, ampliando progresivamente la renta. Pese a la insistencia y el talento de un Gonzalo Asensio en estado de gracia, con lanzamientos exteriores y penetraciones que mantuvieron con vida a los suyos, el empuje local no fue suficiente.<\/p>\n<p style=\"text-align:justify;\">\u00a0<\/p>\n<p style=\"text-align:justify;\">Con el paso de los minutos, la experiencia y calidad de los visitantes se impuso para abrir una brecha definitiva en el marcador. El Valinox Nov\u00e1s dej\u00f3 patente por qu\u00e9 es considerado uno de los conjuntos m\u00e1s potentes de la categor\u00eda y termin\u00f3 cerrando el encuentro con una victoria clara por 22-30.<\/p>\n<p style=\"text-align:justify;\">\u00a0<\/p>\n<p style=\"text-align:justify;\">El G\u00e1ldar despide as\u00ed una racha de m\u00e1s de un a\u00f1o y medio sin conocer la derrota como local, aunque con la certeza de que el equipo mantiene capacidad de reacci\u00f3n y margen de mejora de cara al resto de la temporada.<\/p>\n","protected":false},"excerpt":{"rendered":"El Balonmano G\u00e1ldar Gran Canaria no pudo prolongar su hist\u00f3rica racha de imbatibilidad en el Juan Vega Mateos&hellip;\n","protected":false},"author":2,"featured_media":129961,"comment_status":"","ping_status":"","sticky":false,"template":"","format":"standard","meta":{"footnotes":""},"categories":[278],"tags":[376,168,25,24,375,12595,23,167],"class_list":{"0":"post-129960","1":"post","2":"type-post","3":"status-publish","4":"format-standard","5":"has-post-thumbnail","7":"category-balonmano","8":"tag-balonmano","9":"tag-deportes","10":"tag-es","11":"tag-espana","12":"tag-handball","13":"tag-informacion-del-noroeste-de-gran-canaria","14":"tag-spain","15":"tag-sports"},"share_on_mastodon":{"url":"","error":""},"_links":{"self":[{"href":"https:\/\/www.europesays.com\/es\/wp-json\/wp\/v2\/posts\/129960","targetHints":{"allow":["GET"]}}],"collection":[{"href":"https:\/\/www.europesays.com\/es\/wp-json\/wp\/v2\/posts"}],"about":[{"href":"https:\/\/www.europesays.com\/es\/wp-json\/wp\/v2\/types\/post"}],"author":[{"embeddable":true,"href":"https:\/\/www.europesays.com\/es\/wp-json\/wp\/v2\/users\/2"}],"replies":[{"embeddable":true,"href":"https:\/\/www.europesays.com\/es\/wp-json\/wp\/v2\/comments?post=129960"}],"version-history":[{"count":0,"href":"https:\/\/www.europesays.com\/es\/wp-json\/wp\/v2\/posts\/129960\/revisions"}],"wp:featuredmedia":[{"embeddable":true,"href":"https:\/\/www.europesays.com\/es\/wp-json\/wp\/v2\/media\/129961"}],"wp:attachment":[{"href":"https:\/\/www.europesays.com\/es\/wp-json\/wp\/v2\/media?parent=129960"}],"wp:term":[{"taxonomy":"category","embeddable":true,"href":"https:\/\/www.europesays.com\/es\/wp-json\/wp\/v2\/categories?post=129960"},{"taxonomy":"post_tag","embeddable":true,"href":"https:\/\/www.europesays.com\/es\/wp-json\/wp\/v2\/tags?post=129960"}],"curies":[{"name":"wp","href":"https:\/\/api.w.org\/{rel}","templated":true}]}}