{"id":129962,"date":"2025-09-21T17:01:15","date_gmt":"2025-09-21T17:01:15","guid":{"rendered":"https:\/\/www.europesays.com\/es\/129962\/"},"modified":"2025-09-21T17:01:15","modified_gmt":"2025-09-21T17:01:15","slug":"cayetano-rivera-se-despide-para-siempre-de-los-ruedos-tras-su-verano-mas-duro-fin","status":"publish","type":"post","link":"https:\/\/www.europesays.com\/es\/129962\/","title":{"rendered":"Cayetano Rivera se despide para siempre de los ruedos tras su verano m\u00e1s duro: \u00abFin\u00bb"},"content":{"rendered":"<p><img loading=\"lazy\" decoding=\"async\" src=\"https:\/\/www.europesays.com\/es\/wp-content\/uploads\/2025\/08\/100x100_informalia-logo.jpg\" itemtype=\"\/\/schema.org\/ImageObject\" itemprop=\"url\" alt=\"Informalia\" width=\"64\" height=\"64\" pinger-seen=\"true\"\/><\/p>\n<p>Ha llegado el d\u00eda. <b>Cayetano Rivera Ord\u00f3\u00f1ez<\/b> se despidi\u00f3 este s\u00e1bado de los ruedos para siempre en la plaza de toros de \u00c9cija, Sevilla, saliendo por la puerta grande a hombros junto a su compa\u00f1ero \u00c1ngel Jim\u00e9nez, &#8216;El Astigitano&#8217;. El propio torero confirm\u00f3<b> su adi\u00f3s definitivo al toreo <\/b>con una foto publicada en su perfil de Instagram.<\/p>\n<p>El ex de Eva Gonz\u00e1lez aprovech\u00f3 su \u00faltima corrida para lucir un traje de luces en tonos lilas y bordados plateados. Tras su \u00faltimo pase\u00edllo, public\u00f3 una instant\u00e1nea en sus historias con un simple:<b> \u00abFin\u00bb<\/b>, acompa\u00f1ando el mensaje con la canci\u00f3n Skyfall de Adele, de fondo.<\/p>\n<p>                            <img decoding=\"async\" src=\"https:\/\/www.europesays.com\/es\/wp-content\/uploads\/2025\/09\/cayetano-rivera.jpg\" loading=\"lazy\"\/><\/p>\n<p>El momento m\u00e1s emotivo de la tarde lleg\u00f3 al finalizar la corrida, cuando <b>el torero cogi\u00f3 en brazos a su hijo y brind\u00f3 con \u00e9l ante el p\u00fablico<\/b>. Despu\u00e9s, agradeci\u00f3 entre aplausos todo el apoyo recibido. En la plaza no estuvieron ninguno de sus tres hermanos \u2014ni Fran, ni Kiko,<a href=\"https:\/\/www.eleconomista.es\/informalia\/famosos\/noticias\/13538954\/09\/25\/kiko-rivera-e-irene-rosales-aparecen-juntos-como-padres-ejemplares-para-llevar-a-sus-ninas-al-colegio.html\" title=\"Kiko Rivera e Irene Rosales aparecen juntos tras separarse y lo hacen por un importante motivo: sus hijas, lo primero\" rel=\"nofollow noopener\" target=\"_blank\">en pleno divorcio de Irene Rosales,<\/a> ni Juli\u00e1n Contreras\u2014, aunque s\u00ed acudi\u00f3 su cu\u00f1ada Lourdes Montes con sus hijos. Curiosamente, ese mismo s\u00e1bado <a href=\"https:\/\/www.eleconomista.es\/informalia\/famosos\/noticias\/13555438\/09\/25\/fran-rivera-se-reencuentra-con-su-hermano-kiko-tras-su-separacion-de-irene-rosales-te-vas-a-quedar-con-las-ganas.html\" title=\"Fran Rivera se reencuentra con su hermano Kiko tras su separaci\u00f3n de Irene Rosales: &quot;Te vas a quedar con las ganas&quot;\" rel=\"nofollow noopener\" target=\"_blank\">Fran y Kiko coincidieron en Santiago<\/a>, donde mantuvieron una breve conversaci\u00f3n tras a\u00f1os sin hablarse.<\/p>\n<p>Como cont\u00e1bamos, este ha sido el verano m\u00e1s complicado para Cayetano Rivera. Primero, rompi\u00f3 con su novia, la presentadora lusa Mar\u00eda Cerqueira. Despu\u00e9s, se vio envuelto en <a href=\"https:\/\/www.eleconomista.es\/informalia\/television\/noticias\/13497162\/08\/25\/cayetano-rivera-hundido-tras-su-altercado-policial-en-plena-despedida-de-los-ruedos-por-que-me-tiene-que-pasar-esto-a-mi.html\" title=\"Cayetano Rivera, hundido tras su altercado policial en plena despedida de los ruedos: &quot;\u00bfPor qu\u00e9 me tiene que pasar esto a m\u00ed?&quot;\" rel=\"nofollow noopener\" target=\"_blank\">un pol\u00e9mico incidente con la Polic\u00eda<\/a> que le llev\u00f3 a pasar una noche en el calabozo, acusado de resistencia a la autoridad. <b>El suceso ocurri\u00f3 el 30 de junio en una hamburgueser\u00eda del centro de Madrid<\/b>, tras una discusi\u00f3n con una empleada que provoc\u00f3 la intervenci\u00f3n policial. En los \u00faltimos meses, <b>el padre de Luc\u00eda Rivera ha estado muy ausente<\/b> y, seg\u00fan aseguraban quienes le rodean, especialmente cabizbajo y preocupado por la situaci\u00f3n. De hecho, lleg\u00f3 a <a href=\"https:\/\/www.eleconomista.es\/informalia\/famosos\/noticias\/13505452\/08\/25\/cayetano-rivera-no-levanta-cabeza-y-cancela-sus-proximas-dos-corridas-no-estoy-preparado.html\" title=\"Cayetano Rivera no levanta cabeza y cancela sus pr\u00f3ximas dos corridas: &quot;No estoy preparado&quot;\" rel=\"nofollow noopener\" target=\"_blank\">cancelar in extremis<\/a> varios de los ruedos que ten\u00eda programados en verano, alegando que no se encontraba bien f\u00edsicamente.<\/p>\n<p>Aun as\u00ed, ha disfrutado de sus vacaciones junto al hijo que tiene con la modelo Eva Gonz\u00e1lez en Mallorca, mientras su abogado, Joaqu\u00edn G. Moeckel, estudia todo lo sucedido para esclarecer los hechos. Cabe recordar que <b>el hermano de Fran Rivera interpuso una demanda contra los agentes por abuso de autoridad <\/b>y lesiones, que sigue en tr\u00e1mite. En los \u00faltimos d\u00edas, <a href=\"https:\/\/www.eleconomista.es\/informalia\/famosos\/noticias\/13552829\/09\/25\/los-premios-escaparate-reunen-a-isabel-diaz-ayuso-cayetano-rivera-y-muchos-mas-en-los-jardines-mas-bonitos-de-sevilla-todos-los-detalles-de-la-velada.html\" title=\"Isabel D\u00edaz Ayuso, Cayetano Rivera y muchos m\u00e1s se re\u00fanen en los jardines m\u00e1s bonitos de Sevilla: todos los detalles de los Premios Escaparate\" rel=\"nofollow noopener\" target=\"_blank\">Cayetano se dej\u00f3 ver en la fiesta de los Premios Escaparate<\/a>, celebrada el pasado jueves 18 de septiembre en Sevilla, en la que comparti\u00f3 escenario con la presidenta de la Comunidad de Madrid, Isabel D\u00edaz Ayuso, entre otros rostros VIP.<\/p>\n<p>                            <img decoding=\"async\" src=\"https:\/\/www.europesays.com\/es\/wp-content\/uploads\/2025\/09\/770x_escaparate-cayetano-rivera.jpg\" loading=\"lazy\"\/><\/p>\n<p>                            Cayetano Rivera en los Premios Escaparate en Sevilla celebrado el 18 de septiembre<\/p>\n<p>WhatsApp<a href=\"https:\/\/api.whatsapp.com\/send?text=https:\/\/www.eleconomista.es\/informalia\/famosos\/noticias\/13556078\/09\/25\/cayetano-rivera-se-despide-para-siempre-de-los-ruedos-tras-su-verano-mas-duro-fin.html?utm_source%3Dwhatsapp%26utm_medium%3Dshare_button&amp;id=1648118629957_whatsapp\" target=\"_blank\" data-action=\"share\/whatsapp\/share\" aria-label=\"Compartir en Whatsapp\" rel=\"nofollow noopener\"><\/a>Facebook<a id=\"fb-share\" href=\"#\" target=\"_blank\" rel=\"noopener noreferrer\" aria-label=\"Compartir en Facebook\"><\/a>Twitter<a href=\"https:\/\/twitter.com\/share?text=Cayetano+Rivera+se+despide+para+siempre+de+los+ruedos+tras+su+verano+m%C3%A1s+duro%3A+%22Fin%22&amp;url=https:\/\/www.eleconomista.es\/informalia\/famosos\/noticias\/13556078\/09\/25\/cayetano-rivera-se-despide-para-siempre-de-los-ruedos-tras-su-verano-mas-duro-fin.html&amp;via=Informalia&amp;id=1648118839245_twitter\" target=\"_blank\" aria-label=\"Compartir en Twitter\" rel=\"nofollow noopener\"><\/a>Linkedin<a onclick=\"return abrirLinkedin();\" href=\"https:\/\/www.linkedin.com\/shareArticle?text=Cayetano+Rivera+se+despide+para+siempre+de+los+ruedos+tras+su+verano+m%C3%A1s+duro%3A+%22Fin%22&amp;url=https:\/\/www.eleconomista.es\/informalia\/famosos\/noticias\/13556078\/09\/25\/cayetano-rivera-se-despide-para-siempre-de-los-ruedos-tras-su-verano-mas-duro-fin.html&amp;mini=true\" target=\"_blank\" aria-label=\"Compartir en linkedin\" rel=\"nofollow noopener\"><\/a>Beloud<a href=\"https:\/\/beloud.com\/share?text=Cayetano+Rivera+se+despide+para+siempre+de+los+ruedos+tras+su+verano+m%C3%A1s+duro%3A+%22Fin%22&amp;url=https:\/\/www.eleconomista.es\/informalia\/famosos\/noticias\/13556078\/09\/25\/cayetano-rivera-se-despide-para-siempre-de-los-ruedos-tras-su-verano-mas-duro-fin.html&amp;via=Informalia&amp;id=1648118839245_beloud\" target=\"_blank\" aria-label=\"Compartir en beloud\" rel=\"nofollow noopener\"><\/a>Bluesky<a href=\"https:\/\/bsky.app\/intent\/compose?text=https:\/\/bsky.app\/intent\/compose?text=https:\/\/www.eleconomista.es\/informalia\/famosos\/noticias\/13556078\/09\/25\/cayetano-rivera-se-despide-para-siempre-de-los-ruedos-tras-su-verano-mas-duro-fin.html&amp;url=https:\/\/www.eleconomista.es\/informalia\/famosos\/noticias\/13556078\/09\/25\/cayetano-rivera-se-despide-para-siempre-de-los-ruedos-tras-su-verano-mas-duro-fin.html&amp;via=elEconomistaes&amp;id=1648118839245_bluesky\" target=\"_blank\" aria-label=\"Compartir en bluesky\" rel=\"nofollow noopener\"><\/a><\/p>\n<p><script async src=\"https:\/\/platform.twitter.com\/widgets.js\" charset=\"utf-8\"><\/script><\/p>\n","protected":false},"excerpt":{"rendered":"Ha llegado el d\u00eda. Cayetano Rivera Ord\u00f3\u00f1ez se despidi\u00f3 este s\u00e1bado de los ruedos para siempre en la&hellip;\n","protected":false},"author":2,"featured_media":129963,"comment_status":"","ping_status":"","sticky":false,"template":"","format":"standard","meta":{"footnotes":""},"categories":[277],"tags":[373,168,25,24,260,23,167,374],"class_list":{"0":"post-129962","1":"post","2":"type-post","3":"status-publish","4":"format-standard","5":"has-post-thumbnail","7":"category-toreo","8":"tag-bullfighting","9":"tag-deportes","10":"tag-es","11":"tag-espana","12":"tag-gente","13":"tag-spain","14":"tag-sports","15":"tag-toreo"},"share_on_mastodon":{"url":"","error":""},"_links":{"self":[{"href":"https:\/\/www.europesays.com\/es\/wp-json\/wp\/v2\/posts\/129962","targetHints":{"allow":["GET"]}}],"collection":[{"href":"https:\/\/www.europesays.com\/es\/wp-json\/wp\/v2\/posts"}],"about":[{"href":"https:\/\/www.europesays.com\/es\/wp-json\/wp\/v2\/types\/post"}],"author":[{"embeddable":true,"href":"https:\/\/www.europesays.com\/es\/wp-json\/wp\/v2\/users\/2"}],"replies":[{"embeddable":true,"href":"https:\/\/www.europesays.com\/es\/wp-json\/wp\/v2\/comments?post=129962"}],"version-history":[{"count":0,"href":"https:\/\/www.europesays.com\/es\/wp-json\/wp\/v2\/posts\/129962\/revisions"}],"wp:featuredmedia":[{"embeddable":true,"href":"https:\/\/www.europesays.com\/es\/wp-json\/wp\/v2\/media\/129963"}],"wp:attachment":[{"href":"https:\/\/www.europesays.com\/es\/wp-json\/wp\/v2\/media?parent=129962"}],"wp:term":[{"taxonomy":"category","embeddable":true,"href":"https:\/\/www.europesays.com\/es\/wp-json\/wp\/v2\/categories?post=129962"},{"taxonomy":"post_tag","embeddable":true,"href":"https:\/\/www.europesays.com\/es\/wp-json\/wp\/v2\/tags?post=129962"}],"curies":[{"name":"wp","href":"https:\/\/api.w.org\/{rel}","templated":true}]}}