{"id":129964,"date":"2025-09-21T17:04:10","date_gmt":"2025-09-21T17:04:10","guid":{"rendered":"https:\/\/www.europesays.com\/es\/129964\/"},"modified":"2025-09-21T17:04:10","modified_gmt":"2025-09-21T17:04:10","slug":"donde-ver-online-y-en-television-a-carlos-alcaraz-en-la-laver-cup-y-a-que-hora-juega-hoy-con-casper-ruud-contra-alex-michelsen-y-reilly-opelka","status":"publish","type":"post","link":"https:\/\/www.europesays.com\/es\/129964\/","title":{"rendered":"D\u00f3nde ver online y en televisi\u00f3n a Carlos Alcaraz en la Laver Cup y a qu\u00e9 hora juega hoy con Casper Ruud contra Alex Michelsen y Reilly Opelka"},"content":{"rendered":"<p><img decoding=\"async\" class=\"voc-author__img\" src=\"https:\/\/www.europesays.com\/es\/wp-content\/uploads\/2025\/07\/1753917311_161_autor-7263-foto-1.jpeg\" alt=\"Daniel Dom\u00ednguez\"\/><\/p>\n<p class=\"voc-p\" style=\"\"><strong>Mediados de septiembre<\/strong> (entre el d\u00eda 19 y 21), dos semanas despu\u00e9s del US Open, la <strong>Laver Cup<\/strong>, ya una costumbre en el calendario ten\u00edstico. El torneo, que <strong>mide al combinado de Europa contra tenistas que representan al resto del mundo<\/strong>, fue instaurado en 2017 y camina ya por su octava edici\u00f3n. Tan solo la pandemia de la Covid-19 oblig\u00f3 a su cancelaci\u00f3n en 2020.<\/p>\n<p class=\"voc-p\" style=\"\"><a href=\"https:\/\/www.abc.es\/deportes\/tenis\/alcaraz-lider-equipo-europa-laver-cup-sinner-20250820201425-nt.html\" data-voc-vtm-id=\"in-text-traffic\" title=\"Carlos Alcaraz capitanea por segundo a\u00f1o consecutivo al conjunto europeo\" data-mrf-link=\"www.abc.es\" rel=\"nofollow noopener\" target=\"_blank\">Carlos Alcaraz capitanea por segundo a\u00f1o consecutivo al conjunto europeo<\/a> ante la ausencia de otros grandes nombres como <a href=\"https:\/\/www.abc.es\/deportes\/tenis\/juegan-sinner-djokovic-laver-cup-20250918162418-nt.html\" data-voc-vtm-id=\"in-text-traffic\" title=\"Jannik Sinner o Novak Djokovic\" data-mrf-link=\"www.abc.es\" rel=\"nofollow noopener\" target=\"_blank\">Jannik Sinner o Novak Djokovic<\/a>. El murciano, en su debut en la Laver en 2024, fue determinante para el triunfo final europeo, al ser part\u00edcipe de ocho de los 13 puntos conquistados y al ganar el duelo decisivo ante Fritz.<\/p>\n<p class=\"voc-p\" style=\"\"><strong>13<\/strong> es, precisamente, la <strong>cifra que se necesita para ganar la Laver Cup<\/strong>, al estar en juego 24 puntos, que van en l\u00ednea ascendente a lo largo de todo el fin de semana: cuatro el viernes, ocho el s\u00e1bado y doce el domingo. <a href=\"https:\/\/www.abc.es\/deportes\/tenis\/laver-cup-empieza-equipos-partidos-formato-alcaraz-20250918143056-nt.html\" data-voc-vtm-id=\"in-text-traffic\" title=\"Aqu\u00ed\" data-mrf-link=\"www.abc.es\" rel=\"nofollow noopener\" target=\"_blank\">Aqu\u00ed<\/a> puedes encontrar informaci\u00f3n m\u00e1s detallada sobre el formato y todo lo que rodea a la Laver Cup.<\/p>\n<p>\nA qu\u00e9 hora juega Carlos Alcaraz en la Laver Cup hoy\n<\/p>\n<p class=\"voc-p\" style=\"\">Carlos Alcaraz afronta el \u00faltimo d\u00eda con la obligaci\u00f3n de multiplicarse. Europa llega al domingo 21 de septiembre contra las cuerdas, con un desfase en el marcador de 3-9 que deja todo en manos de un milagro: los europeos necesitan<strong> cuatro victorias seguidas<\/strong>, mientras que al Team World le bastan dos puntos m\u00e1s para proclamarse campe\u00f3n.<\/p>\n<p class=\"voc-p\" style=\"\">Hasta ahora, el balance del murciano ha sido dispar. En su estreno se estren\u00f3 en dobles con Jakub Men\u0161\u00edk, logrando un triunfo trabajado frente a Michelsen y Fritz. Sin embargo, al d\u00eda siguiente cedi\u00f3 con claridad ante Taylor Fritz en su primer choque individual.<\/p>\n<p>\nHorario del partido de dobles de Carlos Alcaraz\n<\/p>\n<p class=\"voc-p\" style=\"\">El primer turno de hoy ser\u00e1 en la modalidad de dobles. Alcaraz har\u00e1 pareja con Casper Ruud para medirse a la dupla formada por Reilly Opelka y Alex Michelsen. El encuentro est\u00e1 fijado para las <strong>21:00 horas<\/strong> del domingo 21 de septiembre (20:00 en Canarias) en el Chase Center de San Francisco.<\/p>\n<p>\nEl cruce posterior contra Cer\u00fandolo\n<\/p>\n<p class=\"voc-p\" style=\"\">Despu\u00e9s de ese compromiso, y con apenas tiempo para recuperar, el tenista de El Palmar volver\u00e1 a saltar a la pista. Ser\u00e1 para disputar su partido individual frente a Francisco Cer\u00fandolo, programado <strong>no antes de las 23:20<\/strong> horas (horario peninsular). Un choque que puede resultar determinante en el desenlace de esta edici\u00f3n de la Laver Cup.<\/p>\n<p>\nD\u00f3nde se ve el partido de Carlos Alcaraz en la Laver Cup 2025 en televisi\u00f3n y online en Espa\u00f1a\n<\/p>\n<p class=\"voc-p\" style=\"\">Este partido de Carlos Alcaraz y todos los del murciano en la Laver Cup, as\u00ed como la competici\u00f3n al completo, se puede ver en Espa\u00f1a en <strong>Eurosport 2<\/strong>. Adem\u00e1s, Eurosport emite el torneo a trav\u00e9s de <strong>HBO Max<\/strong>, su plataforma de streaming online.<\/p>\n<p class=\"voc-p\" style=\"\">No existe ninguna posibilidad de ver la Laver Cup en Espa\u00f1a en abierto, pero en <a href=\"https:\/\/www.abc.es\/\" data-voc-vtm-id=\"in-text-traffic\" title=\"abc.es\" data-mrf-link=\"www.abc.es\" rel=\"nofollow noopener\" target=\"_blank\">abc.es<\/a> te contaremos la informaci\u00f3n del torneo.<\/p>\n<p>Reportar un error<\/p>\n","protected":false},"excerpt":{"rendered":"Mediados de septiembre (entre el d\u00eda 19 y 21), dos semanas despu\u00e9s del US Open, la Laver Cup,&hellip;\n","protected":false},"author":2,"featured_media":124957,"comment_status":"","ping_status":"","sticky":false,"template":"","format":"standard","meta":{"footnotes":""},"categories":[274],"tags":[4736,415,5393,168,25,24,1458,315,4348,25573,133,23,167,807,327,326,809],"class_list":{"0":"post-129964","1":"post","2":"type-post","3":"status-publish","4":"format-standard","5":"has-post-thumbnail","7":"category-tenis","8":"tag-alcaraz","9":"tag-carlos","10":"tag-cup","11":"tag-deportes","12":"tag-es","13":"tag-espana","14":"tag-hora","15":"tag-hoy","16":"tag-juega","17":"tag-laver","18":"tag-online","19":"tag-spain","20":"tag-sports","21":"tag-television","22":"tag-tenis","23":"tag-tennis","24":"tag-ver"},"share_on_mastodon":{"url":"","error":""},"_links":{"self":[{"href":"https:\/\/www.europesays.com\/es\/wp-json\/wp\/v2\/posts\/129964","targetHints":{"allow":["GET"]}}],"collection":[{"href":"https:\/\/www.europesays.com\/es\/wp-json\/wp\/v2\/posts"}],"about":[{"href":"https:\/\/www.europesays.com\/es\/wp-json\/wp\/v2\/types\/post"}],"author":[{"embeddable":true,"href":"https:\/\/www.europesays.com\/es\/wp-json\/wp\/v2\/users\/2"}],"replies":[{"embeddable":true,"href":"https:\/\/www.europesays.com\/es\/wp-json\/wp\/v2\/comments?post=129964"}],"version-history":[{"count":0,"href":"https:\/\/www.europesays.com\/es\/wp-json\/wp\/v2\/posts\/129964\/revisions"}],"wp:featuredmedia":[{"embeddable":true,"href":"https:\/\/www.europesays.com\/es\/wp-json\/wp\/v2\/media\/124957"}],"wp:attachment":[{"href":"https:\/\/www.europesays.com\/es\/wp-json\/wp\/v2\/media?parent=129964"}],"wp:term":[{"taxonomy":"category","embeddable":true,"href":"https:\/\/www.europesays.com\/es\/wp-json\/wp\/v2\/categories?post=129964"},{"taxonomy":"post_tag","embeddable":true,"href":"https:\/\/www.europesays.com\/es\/wp-json\/wp\/v2\/tags?post=129964"}],"curies":[{"name":"wp","href":"https:\/\/api.w.org\/{rel}","templated":true}]}}