{"id":129965,"date":"2025-09-21T17:05:34","date_gmt":"2025-09-21T17:05:34","guid":{"rendered":"https:\/\/www.europesays.com\/es\/129965\/"},"modified":"2025-09-21T17:05:34","modified_gmt":"2025-09-21T17:05:34","slug":"mas-de-1-500-personas-participan-en-el-dia-de-la-bicicleta-de-puertollano","status":"publish","type":"post","link":"https:\/\/www.europesays.com\/es\/129965\/","title":{"rendered":"M\u00e1s de 1.500 personas participan en el D\u00eda de la bicicleta de Puertollano"},"content":{"rendered":"<p>&#8216;Cadena 100&#8217; ha organizado el D\u00eda de la Bicicleta, que cuenta con el patrocinio de Repsol y el Ayuntamiento de Puertollano, y en el que han participado, cientos de familias que han llenado de bicis el centro de la ciudad y el estadio S\u00e1nchez Menor. En esta decimotercera edici\u00f3n se ha batido un r\u00e9cord de participaci\u00f3n con m\u00e1s de 1.500 personas.\u00a0<\/p>\n<p>Un d\u00eda soleado y agradable en familia, en el que los ciclistas han recibido una mochila con diferentes regalos. La ruta ha partido desde el estadio municipal S\u00e1nchez Menor, en un recorrido de 5 kil\u00f3metros por el centro de Puertollano, cerrado al tr\u00e1fico, y ha contado con la colaboraci\u00f3n del voluntariado de Puertollano, del Club Cicloturista Caminos y Ca\u00f1adas, Club Ciclista Puertollano, Polic\u00eda Local y Protecci\u00f3n Civil.<\/p>\n<p>Una actividad en la que, al igual que otros a\u00f1os, ha participado el alcalde de Puertollano Miguel \u00c1ngel Ruiz acompa\u00f1ado por los concejales Jos\u00e9 Antonio Barba y Javier Trujillo, ataviados con su ropa ciclista. Miguel \u00c1ngel Ruiz ha se\u00f1alado \u201cque este d\u00eda de la bicicleta coincide adem\u00e1s con el d\u00eda sin coches y Puertollano sigue apoyando el deporte, la vida sana y desde el Ayuntamiento seguimos invirtiendo en carriles bici, esperando que en los pr\u00f3ximos a\u00f1os los podamos tener dispuestos\u201d.<\/p>\n<p>\u201cSiempre hemos visto la bicicleta como un medio de transportes, pero hoy es m\u00e1s que eso, es compartir esta maravillosa actividad en nuestra ciudad, los padres con los ni\u00f1os, los abuelos y los amigos\u201d, ha a\u00f1adido Ruiz.\u00a0<\/p>\n<p>Al finalizar el recorrido, los ciclistas han participado en el sorteo de decenas de regalos, desde utensilios y accesorios para bicicletas, viajes, embutidos, jamones, garrafas de aceite de oliva virgen extra, prendas deportivas, bicicletas, diferentes obsequios para uso personal, productos de alimentaci\u00f3n o entradas de cine entre otros.\u00a0<\/p>\n<p>El D\u00eda de la Bicicleta es una cita consolidada en Puertollano, concebida como una jornada de fiesta para toda la familia. Para que as\u00ed sea, se dispone de servicio gratuito de guarder\u00eda, talleres de entretenimiento y juegos para los m\u00e1s peque\u00f1os gracias a la colaboraci\u00f3n de Hakuna Matata, adem\u00e1s de un servicio de bar atendido por el club local Salesianos Puertollano FSF, cuya venta de bebidas es su beneficio.<\/p>\n<p><strong>Una ciudad pedaleando unida<\/strong><\/p>\n<p>La jornada se ha desarrollado en un ambiente soleado y familiar, con cientos de familias, abuelos, padres, hijos y nietos compartiendo juntos los 5 kil\u00f3metros de recorrido. La ruta ha partido desde el estadio municipal S\u00e1nchez Menor, pasando por el centro de Puertollano, completamente cerrado al tr\u00e1fico para la ocasi\u00f3n, y finalizando de nuevo en el estadio.<\/p>\n<p>El alcalde Miguel \u00c1ngel Ruiz ha estado acompa\u00f1ado por los concejales Jos\u00e9 Antonio Barba y Javier Trujillo. En la ruta tambi\u00e9n ha participado el concejal Jes\u00fas Manch\u00f3n. \u00a0Ruiz que ha subrayado que \u201ceste d\u00eda de la bicicleta coincide adem\u00e1s con el D\u00eda sin Coches -ha dicho- que el Ayuntamiento sigue invirtiendo en carriles bici, esperando que en los pr\u00f3ximos a\u00f1os los podamos tener interconectados con el objetivo de construir una red segura, continua y accesible, que facilite el uso diario de la bicicleta como medio de transporte real y sostenible\u201d El futuro paseo tambi\u00e9n incluir\u00e1 un carril bici que conectar\u00e1 el norte con el sur de la ciudad.<\/p>\n<p>Asimismo, ha destacado que \u201csiempre hemos visto la bicicleta como un medio de transporte, pero hoy es m\u00e1s que eso: es compartir esta maravillosa actividad en nuestra ciudad, entre padres, ni\u00f1os, abuelos y amigos\u201d.<\/p>\n<p><strong>Regalos, talleres y actividades para todos<\/strong><\/p>\n<p>Cada ciclista ha recibido una mochila con obsequios al inicio de la marcha y, al t\u00e9rmino del recorrido, ha participado en el sorteo de decenas de regalos: desde bicicletas, accesorios ciclistas y ropa deportiva, hasta viajes, embutidos, jamones, garrafas de aceite de oliva, productos de alimentaci\u00f3n, entradas de cine y otros obsequios cedidos por las empresas colaboradoras.<\/p>\n<p>La jornada ha contado tambi\u00e9n con talleres infantiles, juegos, servicio gratuito de guarder\u00eda gracias a la colaboraci\u00f3n de Hakuna Matata, y un servicio de bar atendido por el club local Salesianos Puertollano FSF, cuya recaudaci\u00f3n contribuir\u00e1 a sus actividades deportivas.<\/p>\n<p>El alcalde ha agradecido la colaboraci\u00f3n y el esfuerzo de la Polic\u00eda Local, Protecci\u00f3n Civil, los voluntarios y los trabajadores del Patronato de Deportes, quienes con su dedicaci\u00f3n han garantizado el \u00e9xito de la jornada, adem\u00e1s de la colaboraci\u00f3n de Repsol y las diferentes firmas comerciales que han contribuido en la entrega de regalos.<\/p>\n<p><strong>Una cita consolidada<\/strong><\/p>\n<p>El \u00e9xito de participaci\u00f3n y el ambiente festivo confirman que el D\u00eda de la Bicicleta ya es una cita consolidada en Puertollano, que a\u00f1o tras a\u00f1o une a distintas generaciones en torno al deporte, la salud, la convivencia y el respeto al medio ambiente.<\/p>\n<p>\u00abEs un d\u00eda de fiesta que nos invita a reflexionar: la bicicleta, adem\u00e1s de un medio de transporte, es un s\u00edmbolo de salud, de convivencia y de respeto por nuestro entorno. Sigamos pedaleando juntos hacia una ciudad m\u00e1s saludable, por una convivencia mejor y m\u00e1s segura\u00bb, ha concluido Miguel \u00c1ngel Ruiz.<\/p>\n<p><strong>Organizaci\u00f3n y colaboradores<\/strong><\/p>\n<p>El d\u00eda de la bicicleta ha llegado as\u00ed a su decimotercera edici\u00f3n, organizada\u00a0\u00a0un a\u00f1o m\u00e1s por\u00a0\u00a0Cadena 100 de Puertollano, contando con el patrocinio de Repsol y del Patronato Municipal de Deportes del Ayuntamiento de Puertollano, junto a colaboradores que aportar\u00e1n su grano de arena para que un a\u00f1o m\u00e1s la actividad est\u00e9 llena de regalos: Moto Bicis Hermanos Recio, Electrodom\u00e9sticos Expert, Embutidos y Jamones JAN (de Corral de Calatrava), Taller de Bicicletas David Silva, Feder\u00f3pticos Optivisi\u00f3n, Grupo Eventalia, Viajes Turmar, Club Cicloturista Caminos y Ca\u00f1adas, Club Ciclista Puertollano, Alimentaci\u00f3n y Licores Serrano, Serinfor, Cooperativa Cristo de Orense (de Brazatortas), Medisan y Multicines Ortega.<\/p>\n<p><strong>Fotograf\u00edas: Ayuntamiento de Puertollano<\/strong><\/p>\n<p><img fetchpriority=\"high\" decoding=\"async\" width=\"1168\" height=\"819\" alt=\"\"   src=\"https:\/\/www.europesays.com\/es\/wp-content\/uploads\/2025\/09\/bici3.jpg\" class=\"lazyload\"\/><\/p>\n<p><img loading=\"lazy\" decoding=\"async\" width=\"805\" height=\"829\" alt=\"\"   src=\"https:\/\/www.europesays.com\/es\/wp-content\/uploads\/2025\/09\/bici4.jpg\" class=\"lazyload\"\/><\/p>\n<p><img loading=\"lazy\" decoding=\"async\" width=\"1173\" height=\"786\" alt=\"\"   src=\"https:\/\/www.europesays.com\/es\/wp-content\/uploads\/2025\/09\/bici6.jpg\" class=\"lazyload\"\/><\/p>\n<p><img loading=\"lazy\" decoding=\"async\" width=\"1170\" height=\"805\" alt=\"\"   src=\"https:\/\/www.europesays.com\/es\/wp-content\/uploads\/2025\/09\/bici7.jpg\" class=\"lazyload\"\/><\/p>\n<p><img loading=\"lazy\" decoding=\"async\" width=\"1705\" height=\"721\" alt=\"\"   src=\"https:\/\/www.europesays.com\/es\/wp-content\/uploads\/2025\/09\/bici10.jpg\" class=\"lazyload\"\/><\/p>\n<p><img loading=\"lazy\" decoding=\"async\" width=\"1060\" height=\"538\" alt=\"\"   src=\"https:\/\/www.europesays.com\/es\/wp-content\/uploads\/2025\/09\/bici9.jpg\" class=\"lazyload\"\/><\/p>\n<p><img loading=\"lazy\" decoding=\"async\" width=\"1167\" height=\"766\" alt=\"\"   src=\"https:\/\/www.europesays.com\/es\/wp-content\/uploads\/2025\/09\/bici8.jpg\" class=\"lazyload\"\/><\/p>\n<p><img loading=\"lazy\" decoding=\"async\" width=\"1167\" height=\"778\" alt=\"\"   src=\"https:\/\/www.europesays.com\/es\/wp-content\/uploads\/2025\/09\/bici11.jpg\" class=\"lazyload\"\/><\/p>\n<p><img loading=\"lazy\" decoding=\"async\" width=\"577\" height=\"694\" alt=\"\"   src=\"https:\/\/www.europesays.com\/es\/wp-content\/uploads\/2025\/09\/bici12.jpg\" class=\"lazyload\"\/><\/p>\n<p><img loading=\"lazy\" decoding=\"async\" width=\"1171\" height=\"772\" alt=\"\"   src=\"https:\/\/www.europesays.com\/es\/wp-content\/uploads\/2025\/09\/bici13.jpg\" class=\"lazyload\"\/><\/p>\n<p><img loading=\"lazy\" decoding=\"async\" width=\"1059\" height=\"679\" alt=\"\"   src=\"https:\/\/www.europesays.com\/es\/wp-content\/uploads\/2025\/09\/bici14.jpg\" class=\"lazyload\"\/><\/p>\n<p><img loading=\"lazy\" decoding=\"async\" width=\"1159\" height=\"820\" alt=\"\"   src=\"https:\/\/www.europesays.com\/es\/wp-content\/uploads\/2025\/09\/bici16.jpg\" class=\"lazyload\"\/><\/p>\n<p><img loading=\"lazy\" decoding=\"async\" width=\"1081\" height=\"870\" alt=\"\"   src=\"https:\/\/www.europesays.com\/es\/wp-content\/uploads\/2025\/09\/bici15.jpg\" class=\"lazyload\"\/><\/p>\n<p><img loading=\"lazy\" decoding=\"async\" width=\"918\" height=\"886\" alt=\"\"   src=\"https:\/\/www.europesays.com\/es\/wp-content\/uploads\/2025\/09\/bici5.jpg\" class=\"lazyload\"\/><\/p>\n<p><img loading=\"lazy\" decoding=\"async\" width=\"1057\" height=\"861\" alt=\"\"   src=\"https:\/\/www.europesays.com\/es\/wp-content\/uploads\/2025\/09\/bici2.jpg\" class=\"lazyload\"\/><\/p>\n<p><img loading=\"lazy\" decoding=\"async\" width=\"1176\" height=\"820\" alt=\"\"   src=\"https:\/\/www.europesays.com\/es\/wp-content\/uploads\/2025\/09\/bici17.jpg\" class=\"lazyload\"\/><\/p>\n<p><strong>Fotograf\u00edas:\u00a0Luis Miguel Becerra<\/strong><\/p>\n<p><img loading=\"lazy\" decoding=\"async\" width=\"1080\" height=\"720\" alt=\"\" src=\"https:\/\/www.europesays.com\/es\/wp-content\/uploads\/2025\/09\/2025092113140215123.jpg\" class=\"lazyload\"\/><\/p>\n<p><img loading=\"lazy\" decoding=\"async\" width=\"480\" height=\"720\" alt=\"\" src=\"https:\/\/www.europesays.com\/es\/wp-content\/uploads\/2025\/09\/2025092113140278570.jpg\" class=\"lazyload\"\/><\/p>\n<p><img loading=\"lazy\" decoding=\"async\" width=\"480\" height=\"720\" alt=\"\" src=\"https:\/\/www.europesays.com\/es\/wp-content\/uploads\/2025\/09\/2025092113140327989.jpg\" class=\"lazyload\"\/><\/p>\n<p><img loading=\"lazy\" decoding=\"async\" width=\"1080\" height=\"720\" alt=\"\" src=\"https:\/\/www.europesays.com\/es\/wp-content\/uploads\/2025\/09\/2025092113140428186.jpg\" class=\"lazyload\"\/><\/p>\n<p><img loading=\"lazy\" decoding=\"async\" width=\"1080\" height=\"720\" alt=\"\" src=\"https:\/\/www.europesays.com\/es\/wp-content\/uploads\/2025\/09\/2025092113140481055.jpg\" class=\"lazyload\"\/><\/p>\n<p><img loading=\"lazy\" decoding=\"async\" width=\"480\" height=\"720\" alt=\"\" src=\"https:\/\/www.europesays.com\/es\/wp-content\/uploads\/2025\/09\/2025092113140533849.jpg\" class=\"lazyload\"\/><\/p>\n","protected":false},"excerpt":{"rendered":"&#8216;Cadena 100&#8217; ha organizado el D\u00eda de la Bicicleta, que cuenta con el patrocinio de Repsol y el&hellip;\n","protected":false},"author":2,"featured_media":129966,"comment_status":"","ping_status":"","sticky":false,"template":"","format":"standard","meta":{"footnotes":""},"categories":[273],"tags":[313,312,634,168,41740,25,24,23,167],"class_list":{"0":"post-129965","1":"post","2":"type-post","3":"status-publish","4":"format-standard","5":"has-post-thumbnail","7":"category-ciclismo","8":"tag-ciclismo","9":"tag-cycling","10":"tag-deporte","11":"tag-deportes","12":"tag-dia-bicicleta-puertollano","13":"tag-es","14":"tag-espana","15":"tag-spain","16":"tag-sports"},"share_on_mastodon":{"url":"","error":""},"_links":{"self":[{"href":"https:\/\/www.europesays.com\/es\/wp-json\/wp\/v2\/posts\/129965","targetHints":{"allow":["GET"]}}],"collection":[{"href":"https:\/\/www.europesays.com\/es\/wp-json\/wp\/v2\/posts"}],"about":[{"href":"https:\/\/www.europesays.com\/es\/wp-json\/wp\/v2\/types\/post"}],"author":[{"embeddable":true,"href":"https:\/\/www.europesays.com\/es\/wp-json\/wp\/v2\/users\/2"}],"replies":[{"embeddable":true,"href":"https:\/\/www.europesays.com\/es\/wp-json\/wp\/v2\/comments?post=129965"}],"version-history":[{"count":0,"href":"https:\/\/www.europesays.com\/es\/wp-json\/wp\/v2\/posts\/129965\/revisions"}],"wp:featuredmedia":[{"embeddable":true,"href":"https:\/\/www.europesays.com\/es\/wp-json\/wp\/v2\/media\/129966"}],"wp:attachment":[{"href":"https:\/\/www.europesays.com\/es\/wp-json\/wp\/v2\/media?parent=129965"}],"wp:term":[{"taxonomy":"category","embeddable":true,"href":"https:\/\/www.europesays.com\/es\/wp-json\/wp\/v2\/categories?post=129965"},{"taxonomy":"post_tag","embeddable":true,"href":"https:\/\/www.europesays.com\/es\/wp-json\/wp\/v2\/tags?post=129965"}],"curies":[{"name":"wp","href":"https:\/\/api.w.org\/{rel}","templated":true}]}}