{"id":129973,"date":"2025-09-21T17:09:15","date_gmt":"2025-09-21T17:09:15","guid":{"rendered":"https:\/\/www.europesays.com\/es\/129973\/"},"modified":"2025-09-21T17:09:15","modified_gmt":"2025-09-21T17:09:15","slug":"javier-tudela-emociona-con-su-mensaje-a-su-hermana-anita-matamoros-por-su-apoyo-durante-la-enfermedad-de-su-novia-marina-romero-gracias-por-existir","status":"publish","type":"post","link":"https:\/\/www.europesays.com\/es\/129973\/","title":{"rendered":"Javier Tudela emociona con su mensaje a su hermana Anita Matamoros por su apoyo durante la enfermedad de su novia Marina Romero: \u201cGracias por existir\u201d"},"content":{"rendered":"<p>Estos \u00faltimos meses han sido muy complicados para Javier Tudela (31 a\u00f1os), que ha tenido que <a href=\"https:\/\/www.lecturas.com\/actualidad\/javier-tudela-hijo-makoke-sobre-enfermedad-su-mujer-marina-romero-vamos-todo-por-todo_181274\" rel=\"nofollow noopener\" target=\"_blank\">hacer frente a la enfermedad de su novia<\/a>, Marina Romero. El hijo de Makoke se ha convertido en el pilar fundamental en la vida de la joven, que no atraviesa el mejor momento de salud. Esto ha sido tan grave que hasta la colaboradora televisiva se vio obligada a posponer su boda con Gonzalo, algo que describi\u00f3 como un \u201cmazazo\u201d, pidiendo respeto para ellos en esta situaci\u00f3n tan dura. Fue hace apenas unos d\u00edas cuando conocimos que el familiar enfermo por el que se retras\u00f3 este enlace era Marina, que aseguraba saber que les \u201cesperan d\u00edas dif\u00edciles, pero tambi\u00e9n s\u00e9 que contigo a mi lado no hay batalla que no podamos ganar\u201d, confesaba en una carta en redes sociales en las que agradec\u00eda a su novio por estar ah\u00ed, apoy\u00e1ndola y lleno de fuerza. Pero este tambi\u00e9n necesita tener sus propios pilares, habi\u00e9ndose convertido su hermana, <strong>Anita Matamoros, en uno de lo m\u00e1s especial, a la que ahora ha querido dedicar unas palabras en redes.<\/strong><\/p>\n<p>Anita Matamoros, el gran apoyo de Javier Tudela<\/p>\n<p>Desde que saliese a la luz la enfermedad de Marina, hemos podido ver a Anita y a su hermano juntos en varias ocasiones. La joven influencer les dedicaba unas palabras llenas de cari\u00f1o cuando salt\u00f3 la noticia, asegurando que son \u201c<strong>una familia tan s\u00f3lida, tan bonita y tan valiente\u2026 os admiro y quiero much\u00edsimo<\/strong>\u201d. Y ese cari\u00f1o se ha hecho palpable en los \u00faltimos d\u00edas, cuando hemos sido testigos de las diferentes salidas y planes de los hermanos. <strong>Anita ha querido mantener entretenido a Javier<\/strong>, dejando que desconecte y se divierta en mitad de todo este drama, habi\u00e9ndole llevado al Festival Jard\u00edn de las Delicias celebrado en el Campus de la Universidad Complutense de Madrid, donde les vimos d\u00e1ndolo todo en un concierto de Melendi.<\/p>\n<p><img loading=\"lazy\" decoding=\"async\"   src=\"https:\/\/www.europesays.com\/es\/wp-content\/uploads\/2025\/09\/javier-tudela-y-su-hijo_6afc1a7c_250921131451_1200x1892.webp.webp\" alt=\"Javier Tudela y su hijo\" class=\"lazyload\" width=\"1200\" height=\"1892\" data-aspectratio=\"1200\/1892\"\/>&#13;Instagram @anitamg<\/p>\n<p>A esto se suma la gran tarde que pasaron ambos con el hijo mayor de Javier en \u201clos cacharritos\u201d cuando visitaron la feria de las fiestas de Majadahonda, siendo la viva imagen de un d\u00fao que se quiere y que est\u00e1n ah\u00ed cuando m\u00e1s lo necesitan.<\/p>\n<p><img loading=\"lazy\" decoding=\"async\"   src=\"https:\/\/www.europesays.com\/es\/wp-content\/uploads\/2025\/09\/anita-matamoros_3efeee00_250921131431_1200x1884.webp.webp\" alt=\"Anita Matamoros\" class=\"lazyload\" width=\"1200\" height=\"1884\" data-aspectratio=\"1200\/1884\"\/>&#13;Instagram @javier_tudela14<\/p>\n<p>Y esto es algo que no ha pasado desapercibido para Tudela, que ha compartido en las historias temporales de su cuenta oficial de Instagram una imagen de lo m\u00e1s tierna en la que podemos ver a Anita dormida en el sof\u00e1 con su sobrino en brazos, tambi\u00e9n dormido encima de ella. Javier ha subido esta instant\u00e1nea junto a las siguientes palabras de agradecimiento: \u00ab<strong>Gracias por venir sin preguntar. Gracias por estar. Gracias por existir. Gracias por todo. Te quiero<\/strong>\u00ab, una preciosa declaraci\u00f3n a su hermana, que la reposteaba en su cuenta con esta respuesta: \u00ab<strong>Te quiero y necesito esta foto, me muero<\/strong>\u00ab.<\/p>\n<p><img decoding=\"async\" src=\"https:\/\/www.europesays.com\/es\/wp-content\/uploads\/2025\/09\/kiko-rivera_d4629fdb_250921150057_800x800.webp.webp\" alt=\"Kiko Rivera\" class=\"image lazyload\"\/><img loading=\"lazy\" decoding=\"async\" src=\"https:\/\/www.europesays.com\/es\/wp-content\/uploads\/2025\/09\/kiko-rivera_d4629fdb_250921150100_1280x720.webp.webp\" alt=\"La entrevista de Kiko Rivera sobre su hermano Fran: \u201cNo me afecta lo que diga. Llevo toda la vida sin \u00e9l, como para que ahora me importe&quot;\" class=\"image lazyload\" width=\"1280\" height=\"720\" data-aspectratio=\"1280\/720\"\/>El duro trance familiar al que se enfrentan<\/p>\n<p>Javier y Marina son padres de dos peque\u00f1os, Javier (4 a\u00f1os) y Bianca (2 a\u00f1os), lo m\u00e1s importante para ellos y la gran alegr\u00eda en estos momentos tan delicados. \u00ab<strong>Vamos con todo y a por todo<\/strong>\u201d, escrib\u00eda Javier hace poco en sus redes, lanzando un mensaje sencillo pero contundente respecto a c\u00f3mo afronta este proceso, uno del que quieren salir m\u00e1s fuertes y unidos. \u00a0<\/p>\n<p><img loading=\"lazy\" decoding=\"async\"   src=\"https:\/\/www.europesays.com\/es\/wp-content\/uploads\/2025\/09\/javier-tudela-y-marina-romero_6a30c2a0_250921132450_1200x1490.webp.webp\" alt=\"Javier Tudela y Marina Romero\" class=\"lazyload\" width=\"1200\" height=\"1490\" data-aspectratio=\"1200\/1490\"\/>&#13;Instagram @marinaromerom<\/p>\n<p>Y si Anita se ha convertido en el gran pilar de Javier, para Marina no s\u00f3lo estar\u00eda su novio a su lado, estando tambi\u00e9n su madre, Noem\u00ed Marqu\u00e9s. Esta mandaba un mensaje a su hija en su perfil oficial, uno de lo m\u00e1s emotivo y especial para ella: \u00ab<strong>Mi ni\u00f1a, te amo, mi amor. <\/strong>Sois lo m\u00e1s\u00a0importante y bonito\u00a0que me brind\u00f3 la vida junto con mis nietos.\u00a0<strong>Vamos, cari\u00f1o, siempre fuerte<\/strong>\u00ab, escrib\u00eda.<\/p>\n<p><img decoding=\"async\" src=\"https:\/\/www.europesays.com\/es\/wp-content\/uploads\/2025\/09\/mar-flores_0346e9e5_250921133248_800x800.webp.webp\" alt=\"Mar Flores\" class=\"image lazyload\"\/><img loading=\"lazy\" decoding=\"async\" src=\"https:\/\/www.europesays.com\/es\/wp-content\/uploads\/2025\/09\/mar-flores_0346e9e5_250921133253_1280x720.webp.webp\" alt=\"Mar Flores (56 a\u00f1os) se sincera: &quot;No tengo un marido o una pareja que me ayude, no tengo una herencia de mis padres ni de un ex. Tengo que seguir viviendo de esto&quot;\" class=\"image lazyload\" width=\"1280\" height=\"720\" data-aspectratio=\"1280\/720\"\/><\/p>\n<p>Marina siempre ha sido muy directa y no ha ocultado nunca lo mucho que significa su madre para ella, a la que dedicaba unas palabras en plena pandemia, cuando no pod\u00edan verse: \u00abNunca me cansar\u00e9 de agradecerte todo lo que has hecho y haces por mi d\u00eda a d\u00eda, eres la mujer m\u00e1s fuerte, bondadosa e incre\u00edble que conozco. Te amo mam\u00e1\u00bb. Sin duda, todos sus seres queridos se han volcado en la pareja en estos momentos, queriendo remar todos a favor hasta que la joven se recupere, un final feliz para toda esta historia que esperamos conocer pronto.\u00a0<\/p>\n","protected":false},"excerpt":{"rendered":"Estos \u00faltimos meses han sido muy complicados para Javier Tudela (31 a\u00f1os), que ha tenido que hacer frente&hellip;\n","protected":false},"author":2,"featured_media":129974,"comment_status":"","ping_status":"","sticky":false,"template":"","format":"standard","meta":{"footnotes":""},"categories":[174],"tags":[255,146,147,25,24,256,23],"class_list":{"0":"post-129973","1":"post","2":"type-post","3":"status-publish","4":"format-standard","5":"has-post-thumbnail","7":"category-famosos","8":"tag-celebrities","9":"tag-entertainment","10":"tag-entretenimiento","11":"tag-es","12":"tag-espana","13":"tag-famosos","14":"tag-spain"},"share_on_mastodon":{"url":"","error":""},"_links":{"self":[{"href":"https:\/\/www.europesays.com\/es\/wp-json\/wp\/v2\/posts\/129973","targetHints":{"allow":["GET"]}}],"collection":[{"href":"https:\/\/www.europesays.com\/es\/wp-json\/wp\/v2\/posts"}],"about":[{"href":"https:\/\/www.europesays.com\/es\/wp-json\/wp\/v2\/types\/post"}],"author":[{"embeddable":true,"href":"https:\/\/www.europesays.com\/es\/wp-json\/wp\/v2\/users\/2"}],"replies":[{"embeddable":true,"href":"https:\/\/www.europesays.com\/es\/wp-json\/wp\/v2\/comments?post=129973"}],"version-history":[{"count":0,"href":"https:\/\/www.europesays.com\/es\/wp-json\/wp\/v2\/posts\/129973\/revisions"}],"wp:featuredmedia":[{"embeddable":true,"href":"https:\/\/www.europesays.com\/es\/wp-json\/wp\/v2\/media\/129974"}],"wp:attachment":[{"href":"https:\/\/www.europesays.com\/es\/wp-json\/wp\/v2\/media?parent=129973"}],"wp:term":[{"taxonomy":"category","embeddable":true,"href":"https:\/\/www.europesays.com\/es\/wp-json\/wp\/v2\/categories?post=129973"},{"taxonomy":"post_tag","embeddable":true,"href":"https:\/\/www.europesays.com\/es\/wp-json\/wp\/v2\/tags?post=129973"}],"curies":[{"name":"wp","href":"https:\/\/api.w.org\/{rel}","templated":true}]}}