{"id":129975,"date":"2025-09-21T17:11:11","date_gmt":"2025-09-21T17:11:11","guid":{"rendered":"https:\/\/www.europesays.com\/es\/129975\/"},"modified":"2025-09-21T17:11:11","modified_gmt":"2025-09-21T17:11:11","slug":"javier-milei-hace-campana-con-un-nuevo-libro-lo-presenta-a-principios-de-octubre","status":"publish","type":"post","link":"https:\/\/www.europesays.com\/es\/129975\/","title":{"rendered":"Javier Milei hace campa\u00f1a con un nuevo libro | Lo presenta a principios de octubre\u00a0"},"content":{"rendered":"<p>El presidente<b> Javier Milei<\/b> anunci\u00f3\u00a0 en sus redes sociales la <b>presentaci\u00f3n<\/b> de su nuevo libro La construcci\u00f3n del milagro, que se realizar\u00e1 el pr\u00f3ximo lunes 6 de octubre desde las 17 horas en el Movistar Arena, en medio de la campa\u00f1a electoral.\u00a0<\/p>\n<p>\u00abLa construcci\u00f3n del milagro. <b>Reserva tus entradas en: https:\/\/mileielmilagro.com. La Libertad Avanza o Argentina retrocede<\/b>. Viva la libertad carajo\u00bb,\u00a0 escribi\u00f3 el mandatario en X junto al flyer del evento, que es de ingreso gratuito pero requiere de inscripci\u00f3n previa.\u00a0<\/p>\n<p>                <a data-iframely-url=\"\" href=\"https:\/\/twitter.com\/JMilei\/status\/1969525037288800697\" rel=\"nofollow noopener\" target=\"_blank\">https:\/\/twitter.com\/JMilei\/status\/1969525037288800697<\/a><\/p>\n<p>La obra publicada por la editorial Hojas del Sur, cuyo valor es de $32.000 -o de $25.600 si se abona en efectivo-, consta de 576 p\u00e1ginas en las que el ultraderechista <b>expone los<\/b> <b>fundamentos que estuvieron detr\u00e1s las decisiones de Gobierno<\/b> que tom\u00f3 desde su asunci\u00f3n el 10 de diciembre de 2023.<\/p>\n<p>El libro, en el que el mandatario defiende su programa econ\u00f3mico, que seg\u00fan \u00e9l se ha calificado en el \u00e1mbito internacional como \u201cel milagro argentino\u201d, <b>se presenta en <\/b><a href=\"https:\/\/www.pagina12.com.ar\/859501-milei-ante-una-dramatica-caida-de-su-imagen\" rel=\"nofollow noopener\" target=\"_blank\">uno de los momentos m\u00e1s dif\u00edciles del Gobierno<\/a>, acorralado por una <b>crisis cambiaria, econ\u00f3mica y de credibilidad pol\u00edtica <\/b>por los esc\u00e1ndalos de coimas que salpican a sus funcionarios.<\/p>\n<p>No es la primera vez que el mandatario presenta un libro en un estadio. En mayo de 2024 present\u00f3 su libro<b> Capitalismo, socialismo y la trampa neocl\u00e1sica<\/b> en el Luna Park, donde interpret\u00f3 para el p\u00fablico \u201cPanic Show\u201d, la canci\u00f3n de La Renga que se apropi\u00f3 para La Libertad Avanza.<\/p>\n<p>En este nuevo libro, el mandatario cambi\u00f3 de editorial. Luego de que Planeta debiera retirar del mercado ejemplares  de \u201cEl camino del libertario\u201d debido a que en la edici\u00f3n espa\u00f1ola se incluyeron <a href=\"https:\/\/www.pagina12.com.ar\/735743-la-editorial-planeta-saco-de-circulacion-el-libro-de-milei-p\" rel=\"nofollow noopener\" target=\"_blank\">datos biogr\u00e1ficos falsos<\/a> de Milei, el presidente eligi\u00f3 trabajar ahora con la editorial Hojas del Sur, que integra el plantel organizador de<b> \u201cLa Derecha Fest\u201d <\/b>en Buenos Aires y que incluye autores como<b> Nicol\u00e1s M\u00e1rquez, Agust\u00edn Laje, Diego Recalde o Marcelo Ducl\u00f3s.<\/b><\/p>\n<p><script async src=\"https:\/\/platform.twitter.com\/widgets.js\" charset=\"utf-8\"><\/script><\/p>\n","protected":false},"excerpt":{"rendered":"El presidente Javier Milei anunci\u00f3\u00a0 en sus redes sociales la presentaci\u00f3n de su nuevo libro La construcci\u00f3n del&hellip;\n","protected":false},"author":2,"featured_media":129976,"comment_status":"","ping_status":"","sticky":false,"template":"","format":"standard","meta":{"footnotes":""},"categories":[172],"tags":[224,17847,146,147,25,24,4245,225,23],"class_list":{"0":"post-129975","1":"post","2":"type-post","3":"status-publish","4":"format-standard","5":"has-post-thumbnail","7":"category-libros","8":"tag-books","9":"tag-el-pais","10":"tag-entertainment","11":"tag-entretenimiento","12":"tag-es","13":"tag-espana","14":"tag-javier-milei","15":"tag-libros","16":"tag-spain"},"share_on_mastodon":{"url":"","error":""},"_links":{"self":[{"href":"https:\/\/www.europesays.com\/es\/wp-json\/wp\/v2\/posts\/129975","targetHints":{"allow":["GET"]}}],"collection":[{"href":"https:\/\/www.europesays.com\/es\/wp-json\/wp\/v2\/posts"}],"about":[{"href":"https:\/\/www.europesays.com\/es\/wp-json\/wp\/v2\/types\/post"}],"author":[{"embeddable":true,"href":"https:\/\/www.europesays.com\/es\/wp-json\/wp\/v2\/users\/2"}],"replies":[{"embeddable":true,"href":"https:\/\/www.europesays.com\/es\/wp-json\/wp\/v2\/comments?post=129975"}],"version-history":[{"count":0,"href":"https:\/\/www.europesays.com\/es\/wp-json\/wp\/v2\/posts\/129975\/revisions"}],"wp:featuredmedia":[{"embeddable":true,"href":"https:\/\/www.europesays.com\/es\/wp-json\/wp\/v2\/media\/129976"}],"wp:attachment":[{"href":"https:\/\/www.europesays.com\/es\/wp-json\/wp\/v2\/media?parent=129975"}],"wp:term":[{"taxonomy":"category","embeddable":true,"href":"https:\/\/www.europesays.com\/es\/wp-json\/wp\/v2\/categories?post=129975"},{"taxonomy":"post_tag","embeddable":true,"href":"https:\/\/www.europesays.com\/es\/wp-json\/wp\/v2\/tags?post=129975"}],"curies":[{"name":"wp","href":"https:\/\/api.w.org\/{rel}","templated":true}]}}