{"id":129977,"date":"2025-09-21T17:12:11","date_gmt":"2025-09-21T17:12:11","guid":{"rendered":"https:\/\/www.europesays.com\/es\/129977\/"},"modified":"2025-09-21T17:12:11","modified_gmt":"2025-09-21T17:12:11","slug":"ana-maria-aldon-revela-si-gloria-camila-es-su-ganadora-de-supervivientes-all-stars","status":"publish","type":"post","link":"https:\/\/www.europesays.com\/es\/129977\/","title":{"rendered":"Ana Mar\u00eda Ald\u00f3n revela si Gloria Camila es su ganadora de Supervivientes All Stars"},"content":{"rendered":"<p data-journey-content=\"true\" data-node-id=\"3\" class=\"css-6wxqfj emevuu60\"><a href=\"https:\/\/diezminutos.es\/ana-maria-aldon\" target=\"_blank\" data-vars-ga-outbound-link=\"https:\/\/diezminutos.es\/ana-maria-aldon\" data-vars-ga-ux-element=\"Hyperlink\" data-vars-ga-call-to-action=\"Ana Mar\u00eda Ald\u00f3n\" data-node-id=\"3.0\" data-mrf-link=\"https:\/\/diezminutos.es\/ana-maria-aldon\" class=\"body-link css-177bzfx emevuu60\" rel=\"nofollow noopener\">Ana Mar\u00eda Ald\u00f3n<\/a> ha reaparecido en el plat\u00f3 de &#8216;De Viernes&#8217;. Tras varias entrevistas en v\u00eddeo, <strong data-node-id=\"3.2\">la ex de Jos\u00e9 Ortega Cano ha aparecido en directo <\/strong>para hablar, despu\u00e9s de un duro varapalo familiar, el <a href=\"https:\/\/www.diezminutos.es\/famosos-corazon\/famosos-espanoles\/a66003669\/madre-michu-opina-testamento-ana-maria-aldon-fiesta\/\" target=\"_blank\" data-vars-ga-outbound-link=\"https:\/\/www.diezminutos.es\/famosos-corazon\/famosos-espanoles\/a66003669\/madre-michu-opina-testamento-ana-maria-aldon-fiesta\/\" data-vars-ga-ux-element=\"Hyperlink\" data-vars-ga-call-to-action=\"testamento de Michu\" data-node-id=\"3.4\" data-mrf-link=\"https:\/\/www.diezminutos.es\/famosos-corazon\/famosos-espanoles\/a66003669\/madre-michu-opina-testamento-ana-maria-aldon-fiesta\/\" class=\"body-link css-177bzfx emevuu60\" rel=\"nofollow noopener\">testamento de Michu<\/a> y la <a href=\"https:\/\/www.diezminutos.es\/famosos-corazon\/famosos-espanoles\/a37325912\/ortega-cano-compra-casa-hijo-jose-fernando-michu\/\" target=\"_blank\" data-vars-ga-outbound-link=\"https:\/\/www.diezminutos.es\/famosos-corazon\/famosos-espanoles\/a37325912\/ortega-cano-compra-casa-hijo-jose-fernando-michu\/\" data-vars-ga-ux-element=\"Hyperlink\" data-vars-ga-call-to-action=\"patria potestad de su hija,\" data-node-id=\"3.6\" data-mrf-link=\"https:\/\/www.diezminutos.es\/famosos-corazon\/famosos-espanoles\/a37325912\/ortega-cano-compra-casa-hijo-jose-fernando-michu\/\" class=\"body-link css-177bzfx emevuu60\" rel=\"nofollow noopener\">patria potestad de su hija,<\/a> fruto de su relaci\u00f3n con Jos\u00e9 Fernando. Y como era inevitable, Ana Mar\u00eda tambi\u00e9n aprovech\u00f3 para confesar si est\u00e1 viendo a <a href=\"https:\/\/diezminutos.es\/gloria-camila\" target=\"_blank\" data-node-id=\"3.8\" class=\"css-177bzfx emevuu60\" rel=\"nofollow noopener\">Gloria Camila<\/a> concursar en <a href=\"https:\/\/diezminutos.es\/supervivientes-television\u00e7\" target=\"_blank\" data-node-id=\"3.10\" class=\"css-177bzfx emevuu60\" rel=\"nofollow noopener\">Supervivientes All Stars<\/a> a pesar de la mala relaci\u00f3n que existe entre ellas y que ya han verbalizado en m\u00e1s de un plat\u00f3. <\/p>\n<p data-journey-content=\"true\" data-node-id=\"6\" class=\"css-6wxqfj emevuu60\">Gloria Camila se ha convertido en una de las protagonistas de las tramas que hay en Honduras actualmente. Un <a href=\"https:\/\/www.diezminutos.es\/teleprograma\/programas-tv\/a66057075\/ivan-gonzalez-gloria-camila-historia-supervivientes-all-stars-2025\/\" target=\"_blank\" data-vars-ga-outbound-link=\"https:\/\/www.diezminutos.es\/teleprograma\/programas-tv\/a66057075\/ivan-gonzalez-gloria-camila-historia-supervivientes-all-stars-2025\/\" data-vars-ga-ux-element=\"Hyperlink\" data-vars-ga-call-to-action=\"enfrentamiento inicial con Iv\u00e1n Gonz\u00e1lez, \" data-node-id=\"6.1\" class=\"body-link css-177bzfx emevuu60\" rel=\"nofollow noopener\">enfrentamiento inicial con<strong data-node-id=\"6.1.1\"> Iv\u00e1n Gonz\u00e1lez, <\/strong><\/a><strong data-node-id=\"6.2\">con quien no tiene una buena relaci\u00f3n<\/strong> y, m\u00e1s recientemente, <a href=\"https:\/\/www.diezminutos.es\/teleprograma\/programas-tv\/a67954090\/supervivientes-all-stars-gloria-camila-estalla-alejandro-albala-fuego\/\" target=\"_blank\" data-vars-ga-outbound-link=\"https:\/\/www.diezminutos.es\/teleprograma\/programas-tv\/a67954090\/supervivientes-all-stars-gloria-camila-estalla-alejandro-albala-fuego\/\" data-vars-ga-ux-element=\"Hyperlink\" data-vars-ga-call-to-action=\"con Alejandro Albal\u00e1\" data-node-id=\"6.4\" class=\"body-link css-177bzfx emevuu60\" rel=\"nofollow noopener\">con Alejandro Albal\u00e1<\/a>, a causa del fuego, la han centrado en la convivencia pero tambi\u00e9n en las <a href=\"https:\/\/www.diezminutos.es\/teleprograma\/programas-tv\/a66057742\/gloria-camila-llora-lider-supervivientes-all-stars-2025\/\" target=\"_blank\" data-vars-ga-outbound-link=\"https:\/\/www.diezminutos.es\/teleprograma\/programas-tv\/a66057742\/gloria-camila-llora-lider-supervivientes-all-stars-2025\/\" data-vars-ga-ux-element=\"Hyperlink\" data-vars-ga-call-to-action=\"pruebas, donde ya se ha ganado un collar\" data-node-id=\"6.6\" class=\"body-link css-177bzfx emevuu60\" rel=\"nofollow noopener\">pruebas, donde ya se ha ganado un collar<\/a>.<\/p>\n<p><img draggable=\"true\" alt=\"gloria camila supervivientes all stars 2025\" title=\"gloria camila supervivientes all stars 2025\" loading=\"lazy\" width=\"2100\" height=\"1183\" decoding=\"async\" data-nimg=\"1\" style=\"color:transparent;width:100%;height:auto;\"   src=\"https:\/\/www.europesays.com\/es\/wp-content\/uploads\/2025\/09\/gloria-camila-superviientes-68c3636333e5d.jpg\" class=\"css-0 e1g79fud0\"\/><\/p>\n<p>Telecinco<\/p>\n<p data-journey-content=\"true\" data-node-id=\"9\" class=\"css-6wxqfj emevuu60\">En su entrevista, Ana Mar\u00eda Ald\u00f3n ha confesado que, enamorada del formato, s\u00ed que est\u00e1 siguiendo el concurso. Y eso a pesar de la participaci\u00f3n de la que fue su hijastra, sobre cuyo concurso ha opinado. <strong data-node-id=\"9.1\">\u00abLo est\u00e1 viendo todo el mundo\u00bb, aseguraba Gloria, \u201cest\u00e1 haciendo un concursazo\u201d. <\/strong>Ald\u00f3n subrayaba que est\u00e1 siendo muy buena superviviente y que est\u00e1 tambi\u00e9n convirti\u00e9ndose en una de las mejores en las pruebas. <strong data-node-id=\"9.3\"\/><\/p>\n<p data-journey-content=\"true\" data-node-id=\"13\" class=\"css-6wxqfj emevuu60\">Eso s\u00ed, ella no es su mayor fan porque<strong data-node-id=\"13.1\"> hay alguien en su propia casa que la supera: su hijo Jos\u00e9.<\/strong> De hecho, para el peque\u00f1o, hermano de Gloria, es ya su ganadora, algo que hace que Ana Mar\u00eda Ald\u00f3n tambi\u00e9n quiera que sea la hija de Jos\u00e9 Ortega Cano quien se haga con el cheque final y se convierta en la sucesora de Marta Pe\u00f1ate: \u201cMe gustar\u00eda que ganara por mi ni\u00f1o\u201d. <\/p>\n<p><img src=\"https:\/\/www.europesays.com\/es\/wp-content\/uploads\/2025\/09\/1758474731_107_323095e3-d675-4360-ad79-c3a735f161a1_1681830139.file\" alt=\"Headshot of Aroa D\u00edaz\" title=\"Headshot of Aroa D\u00edaz\" width=\"100%\" height=\"100%\" decoding=\"async\" loading=\"lazy\" class=\"css-o0wq4v ev8dhu53\"\/><\/p>\n<p>Aroa D\u00edaz es experta en realities, televisi\u00f3n y actualidad en general. No hay momento del d\u00eda en el que no tenga encendida la televisi\u00f3n conociendo los \u00faltimos desvelos de los famosos, disfrutando de los realities como Supervivientes o de los concursos m\u00e1s rocambolescos. Las \u00faltimas novedades de los famosos del coraz\u00f3n son su perdici\u00f3n y la actualidad de las Casas Reales, su gran pasi\u00f3n. \u00a0\u00a0<\/p>\n<p>En sus ratos libres disfruta de las pel\u00edculas y series de moda, y bucea por los cat\u00e1logos de las plataformas de podcast buscando nuevas entrevistas y charlas de famosos.<\/p>\n<p>Adem\u00e1s, no ha parado de formarse en todos los aspectos convirti\u00e9ndose en una periodista 360: locuci\u00f3n, doblaje, grabaci\u00f3n de v\u00eddeo, periodismo m\u00f3vil, producci\u00f3n de podcast y SEO. Actualmente est\u00e1 form\u00e1ndose en el M\u00e1ster universitario de Periodismo y Comunicaci\u00f3n Digital: Datos y Nuevas Narrativas de la UOC.<\/p>\n<p>Graduada en periodismo por la Universidad Rey Juan Carlos, no ha parado de trabajar desde que obtuvo su t\u00edtulo all\u00e1 por el 2013. Despu\u00e9s de un breve impass en Palma de Mallorca, volvi\u00f3 a Legan\u00e9s donde arranc\u00f3 su experiencia con Legan\u00e9s Activo. En este tiempo he pasado por las redacciones de varios medios recayendo finalmente en Hearst Espa\u00f1a (Telenovela, Qu\u00e9 me dices y Diez Minutos). Tambi\u00e9n tiene experiencia en diferentes radios. \u00a0<\/p>\n","protected":false},"excerpt":{"rendered":"Ana Mar\u00eda Ald\u00f3n ha reaparecido en el plat\u00f3 de &#8216;De Viernes&#8217;. Tras varias entrevistas en v\u00eddeo, la ex&hellip;\n","protected":false},"author":2,"featured_media":129978,"comment_status":"","ping_status":"","sticky":false,"template":"","format":"standard","meta":{"footnotes":""},"categories":[171],"tags":[253,146,147,25,24,23,214],"class_list":{"0":"post-129977","1":"post","2":"type-post","3":"status-publish","4":"format-standard","5":"has-post-thumbnail","7":"category-tv","8":"tag-discover","9":"tag-entertainment","10":"tag-entretenimiento","11":"tag-es","12":"tag-espana","13":"tag-spain","14":"tag-tv"},"share_on_mastodon":{"url":"","error":""},"_links":{"self":[{"href":"https:\/\/www.europesays.com\/es\/wp-json\/wp\/v2\/posts\/129977","targetHints":{"allow":["GET"]}}],"collection":[{"href":"https:\/\/www.europesays.com\/es\/wp-json\/wp\/v2\/posts"}],"about":[{"href":"https:\/\/www.europesays.com\/es\/wp-json\/wp\/v2\/types\/post"}],"author":[{"embeddable":true,"href":"https:\/\/www.europesays.com\/es\/wp-json\/wp\/v2\/users\/2"}],"replies":[{"embeddable":true,"href":"https:\/\/www.europesays.com\/es\/wp-json\/wp\/v2\/comments?post=129977"}],"version-history":[{"count":0,"href":"https:\/\/www.europesays.com\/es\/wp-json\/wp\/v2\/posts\/129977\/revisions"}],"wp:featuredmedia":[{"embeddable":true,"href":"https:\/\/www.europesays.com\/es\/wp-json\/wp\/v2\/media\/129978"}],"wp:attachment":[{"href":"https:\/\/www.europesays.com\/es\/wp-json\/wp\/v2\/media?parent=129977"}],"wp:term":[{"taxonomy":"category","embeddable":true,"href":"https:\/\/www.europesays.com\/es\/wp-json\/wp\/v2\/categories?post=129977"},{"taxonomy":"post_tag","embeddable":true,"href":"https:\/\/www.europesays.com\/es\/wp-json\/wp\/v2\/tags?post=129977"}],"curies":[{"name":"wp","href":"https:\/\/api.w.org\/{rel}","templated":true}]}}