{"id":129979,"date":"2025-09-21T17:13:19","date_gmt":"2025-09-21T17:13:19","guid":{"rendered":"https:\/\/www.europesays.com\/es\/129979\/"},"modified":"2025-09-21T17:13:19","modified_gmt":"2025-09-21T17:13:19","slug":"entregada-a-la-musica-rock","status":"publish","type":"post","link":"https:\/\/www.europesays.com\/es\/129979\/","title":{"rendered":"entregada a la m\u00fasica Rock"},"content":{"rendered":"<p>La gasteiztarra <strong>Karen Asensio<\/strong> es vocalista en <strong>The Mothercrow<\/strong>, formaci\u00f3n creada en <strong>2014<\/strong> en Barcelona.<\/p>\n<p>La gira de presentaci\u00f3n se su \u00e1lbum &#8216;For\u00e1neo&#8217;, llev\u00f3 a la alavesa a defender el pasado junio la \u00faltima creaci\u00f3n de su banda sobre un escenario en la Virgen Blanca. The Mothercrow capitane\u00f3 la edici\u00f3n <strong>2025<\/strong> del <strong>Osteguna Rock<\/strong>.<\/p>\n<p>\t\t\t\t\t\t\tPUBLICIDAD &#8211; SIGUE LEYENDO ABAJO<br \/>\n\t\t\t\t\t\t\t<a rel=\"noreferrer nofollow noopener\" href=\"https:\/\/www.aek.eus\/es-es\/\/euskara-eroso\" target=\"_blank\"><br \/>\n\t\t\t\t\t\t\t\t<img decoding=\"async\" width=\"400px\" height=\"400px\" layout=\"responsive\" data-category=\"banner-AEK-segparr\" id=\"segundoparr\" class=\"banclick\" src=\"https:\/\/www.europesays.com\/es\/wp-content\/uploads\/2025\/09\/publicidad-segundo-parrafo-60.gif\"\/><br \/>\n\t\t\t\t\t\t\t<\/a><\/p>\n<p><img fetchpriority=\"high\" decoding=\"async\" class=\"aligncenter wp-image-269766 size-large\" src=\"https:\/\/www.europesays.com\/es\/wp-content\/uploads\/2025\/09\/Karen-1-879x586.jpg\" alt=\"M\u00fasicos alaveses: Karen Asensio\" width=\"879\" height=\"586\"  \/><\/p>\n<p>\ud83c\udfbcNombre:Karen Asensio<\/p>\n<p>\ud83c\udfa7G\u00e9nero:Retro-Rock<\/p>\n<p>\ud83d\uddd3En la m\u00fasica desde:2012<\/p>\n<p>\ud83d\udcc0Temas principales:&#8217;Howling, &#8216;Nothern Lights\u00bb<\/p>\n<p>\ud83c\udfb8Componentes:Karen Asensio<\/p>\n<p><strong>Karen Asensio<\/strong> es una apasionada de la m\u00fasica.<\/p>\n<p>Tras probar en diferentes proyectos de Vitoria-Gasteiz, el <strong>Rock<\/strong> la llev\u00f3 en 2013 a<strong>\u00a0Barcelona<\/strong>.<\/p>\n<p>\t\t\t\t\t\tPUBLICIDAD &#8211; SIGUE LEYENDO ABAJO<br \/>\n\t\t\t\t\t\t<a rel=\"noreferrer nofollow noopener\" href=\"https:\/\/www.hyundai.es\/concesionarios\/autolasa\" target=\"_blank\"><br \/>\n\t\t\t\t\t\t\t<img decoding=\"async\" width=\"400px\" height=\"400px\" layout=\"responsive\" data-category=\"banner-Hyundai-autolasa\" id=\"quintoparr\" class=\"banclick\" src=\"https:\/\/www.europesays.com\/es\/wp-content\/uploads\/2025\/09\/publicidad-quinto-parrafo-32.gif\"\/><br \/>\n\t\t\t\t\t\t<\/a><\/p>\n<p>Es voz en<strong> The Mothercrow<\/strong>, banda fuertemente inspirada por los sonidos de los a\u00f1os 60 y 70, y que surgi\u00f3 en 2014.<\/p>\n<p>La gasteiztarra ha publicado <strong>2 discos<\/strong> con su banda, se siente libre sobre un escenario y se desvive por la m\u00fasica d\u00eda y noche.<\/p>\n<p><img loading=\"lazy\" decoding=\"async\" class=\"aligncenter wp-image-269767 size-large\" src=\"https:\/\/www.europesays.com\/es\/wp-content\/uploads\/2025\/09\/Karen-2-879x586.jpg\" alt=\"M\u00fasicos alaveses: Karen Asensio\" width=\"879\" height=\"586\"  \/><\/p>\n<p>Frontwoman de The Mothercrow<\/p>\n<p>La artista gasteiztarra lleg\u00f3 a Barcelona en 2013 y un a\u00f1o m\u00e1s tarde dio forma a <a href=\"https:\/\/www.instagram.com\/themothercrowofficial\/\" rel=\"nofollow noopener\" target=\"_blank\">The Mothercrow<\/a>.<\/p>\n<p>\t\t\t\t\t\t\tPUBLICIDAD &#8211; SIGUE LEYENDO ABAJO<br \/>\n\t\t\t\t\t\t\t<a rel=\"noreferrer nofollow noopener\" href=\"https:\/\/www.bakh.es\/hazte-socio\/\" target=\"_blank\"><br \/>\n\t\t\t\t\t\t\t\t<img decoding=\"async\" width=\"400px\" height=\"400px\" layout=\"responsive\" data-category=\"banner-bakh\" id=\"novparr\" class=\"banclick\" src=\"https:\/\/www.europesays.com\/es\/wp-content\/uploads\/2025\/09\/publicidad-noveno-parrafo-63.gif\"\/><br \/>\n\t\t\t\t\t\t\t<\/a><\/p>\n<p>El tercer disco de los suecos <strong>Graveyard<\/strong> y los dos primeros trabajos de los alemanes <strong>Kadavar<\/strong> marcaron el camino a seguir por la banda barcelonesa: \u00abDecid\u00ed que entre todos los estilos que me gustan, el Rock setentero iba a ser protagonista\u00bb.<\/p>\n<p>A la vocalista Karen se le sumaron el guitarrista <strong>Sergio<\/strong>, la bajista <strong>Claudia<\/strong> y el bater\u00eda <strong>Gerard<\/strong>, y en la primavera de 2015 el grupo particip\u00f3 en un <strong>taller de acompa\u00f1amiento art\u00edstico<\/strong> a m\u00fasicos de Barcelona.<\/p>\n<p>Durante 7 meses la banda recibi\u00f3 clases de interpretaci\u00f3n, escenograf\u00eda y tambi\u00e9n consejos sobre propiedad intelectual: \u00abCuando empiezas en este mundo todo eso te pilla fuera de juego y nosotros tuvimos la suerte de estar informados\u00bb.<\/p>\n<p><img loading=\"lazy\" decoding=\"async\" class=\"aligncenter wp-image-269765 size-large\" src=\"https:\/\/www.europesays.com\/es\/wp-content\/uploads\/2025\/09\/Karen-879x586.jpg\" alt=\"M\u00fasicos alaveses: Karen Asensio\" width=\"879\" height=\"586\"  \/><\/p>\n<p>De ese taller sali\u00f3 un <a href=\"https:\/\/themothercrow.bandcamp.com\/album\/the-mothercrow\" rel=\"nofollow noopener\" target=\"_blank\">primer EP<\/a> de t\u00edtulo hom\u00f3nimo y compuesto por tres canciones. Con \u00e9l, empezaron a rodar y a darse a conocer en la ciudad de Barcelona: \u00abLa acogida fue muy buena y estamos muy contentos con como se han recibido nuestros temas hasta el d\u00eda de hoy\u00bb.<\/p>\n<p>The Mothercrow tiene dos discos: <strong>&#8216;Magara&#8217;<\/strong> (2019) y <strong>&#8216;For\u00e1neo&#8217;<\/strong> (2024) y varios EPs y singles publicados. Santander, Lugo, Valencia, Madrid y Castell\u00f3n son algunas de las ciudades en las que la banda ha presentado su m\u00e1s reciente \u00e1lbum.<\/p>\n<p>Vitoria-Gasteiz no se ha quedado fuera de ese tour y la banda visit\u00f3 nuestra ciudad en junio: \u00abTocar en tu ciudad es una gozada y hacerlo en la Virgen Blanca fue extrasensorial\u00bb.<\/p>\n<p>La banda tiene muchas canciones en la rec\u00e1mara y sus integrantes no tardar\u00e1n en pasar por el estudio de grabaci\u00f3n: \u00abNo sabemos si a finales de este a\u00f1o o de cara al siguiente, pero tenemos muchas ganas de plasmar el que ser\u00eda nuestro tercer \u00e1lbum\u00bb.<\/p>\n<p>Pasi\u00f3n por la m\u00fasica<\/p>\n<p>La m\u00fasica llev\u00f3 a Karen Asensio a <strong>Barcelona<\/strong> en <strong>2013<\/strong>. Siente verdadera pasi\u00f3n por ella y como reconoce, la prioriza por encima de muchas otras cosas.<\/p>\n<p>El Rock le da y le quita. La mantiene alejada de su familia pero cantar y subirse a un escenario la hacen disfrutar y sentirse libre.<\/p>\n<p>Sus primeros pasos en este mundo los dio mientras trabajaba como camarera en la <strong>Cervecer\u00eda Rivendell<\/strong> de Vitoria-Gasteiz: \u00abEn un bar conoces mucha gente y los m\u00fasicos de\u00a0Dave &amp; The Souldiers me invitaron a cantar con ellos en un concierto\u00bb.<\/p>\n<p>A ra\u00edz de cantar Blues y Rock con ellos, le surgieron nuevas oportunidades y particip\u00f3 en otros proyectos como Potato o <a href=\"https:\/\/www.facebook.com\/TheFreeTangas\/?locale=es_ES\" rel=\"nofollow noopener\" target=\"_blank\">The FreeTangas<\/a>: \u00abCon The FreeTangas me pic\u00f3 m\u00e1s el gusanillo y me entraron ganas de crear algo desde cero\u00bb, rememora.<\/p>\n<p><img loading=\"lazy\" decoding=\"async\" class=\"aligncenter wp-image-269768 size-large\" src=\"https:\/\/www.europesays.com\/es\/wp-content\/uploads\/2025\/09\/Karen-3-879x586.jpg\" alt=\"M\u00fasicos alaveses: Karen Asensio\" width=\"879\" height=\"586\"  \/><\/p>\n<p>Pero Vitoria-Gasteiz no parec\u00eda ser la mejor plaza para iniciar un nuevo proyecto y Karen decidi\u00f3 moverse: \u00abMe costaba encontrar a gente dispuesta a entregar su tiempo en intentar montar un proyecto serio y ambicioso\u00bb.<\/p>\n<p>Fue entonces cuando Karen, tras estar un verano trabajando en Ibiza, lleg\u00f3 a Barcelona en octubre de 2013: \u00abFui a Badalona a hacer una prueba con Jolly Jumper y desde entonces sigo en tierras catalanas\u00bb.<\/p>\n<p>Sobre el escenario Karen Asensio es <strong>activa y en\u00e9rgica<\/strong>. Ella misma se cataloga como that crazy woman on the front y admite que le gusta tirarse por el suelo y provocar al p\u00fablico: \u00abLos directos los disfrut\u00f3 mucho y es lo que m\u00e1s nos mueve\u00bb.<\/p>\n<p><img loading=\"lazy\" decoding=\"async\" class=\"aligncenter wp-image-269769 size-large\" src=\"https:\/\/www.europesays.com\/es\/wp-content\/uploads\/2025\/09\/Karen-4-879x586.jpg\" alt=\"M\u00fasicos alaveses: Karen Asensio\" width=\"879\" height=\"586\"  \/><\/p>\n<p>        <script async src=\"\/\/www.instagram.com\/embed.js\"><\/script><\/p>\n","protected":false},"excerpt":{"rendered":"La gasteiztarra Karen Asensio es vocalista en The Mothercrow, formaci\u00f3n creada en 2014 en Barcelona. La gira de&hellip;\n","protected":false},"author":2,"featured_media":129980,"comment_status":"","ping_status":"","sticky":false,"template":"","format":"standard","meta":{"footnotes":""},"categories":[170],"tags":[146,147,25,24,184,185,23],"class_list":{"0":"post-129979","1":"post","2":"type-post","3":"status-publish","4":"format-standard","5":"has-post-thumbnail","7":"category-musica","8":"tag-entertainment","9":"tag-entretenimiento","10":"tag-es","11":"tag-espana","12":"tag-music","13":"tag-musica","14":"tag-spain"},"share_on_mastodon":{"url":"","error":""},"_links":{"self":[{"href":"https:\/\/www.europesays.com\/es\/wp-json\/wp\/v2\/posts\/129979","targetHints":{"allow":["GET"]}}],"collection":[{"href":"https:\/\/www.europesays.com\/es\/wp-json\/wp\/v2\/posts"}],"about":[{"href":"https:\/\/www.europesays.com\/es\/wp-json\/wp\/v2\/types\/post"}],"author":[{"embeddable":true,"href":"https:\/\/www.europesays.com\/es\/wp-json\/wp\/v2\/users\/2"}],"replies":[{"embeddable":true,"href":"https:\/\/www.europesays.com\/es\/wp-json\/wp\/v2\/comments?post=129979"}],"version-history":[{"count":0,"href":"https:\/\/www.europesays.com\/es\/wp-json\/wp\/v2\/posts\/129979\/revisions"}],"wp:featuredmedia":[{"embeddable":true,"href":"https:\/\/www.europesays.com\/es\/wp-json\/wp\/v2\/media\/129980"}],"wp:attachment":[{"href":"https:\/\/www.europesays.com\/es\/wp-json\/wp\/v2\/media?parent=129979"}],"wp:term":[{"taxonomy":"category","embeddable":true,"href":"https:\/\/www.europesays.com\/es\/wp-json\/wp\/v2\/categories?post=129979"},{"taxonomy":"post_tag","embeddable":true,"href":"https:\/\/www.europesays.com\/es\/wp-json\/wp\/v2\/tags?post=129979"}],"curies":[{"name":"wp","href":"https:\/\/api.w.org\/{rel}","templated":true}]}}