{"id":129981,"date":"2025-09-21T17:14:12","date_gmt":"2025-09-21T17:14:12","guid":{"rendered":"https:\/\/www.europesays.com\/es\/129981\/"},"modified":"2025-09-21T17:14:12","modified_gmt":"2025-09-21T17:14:12","slug":"zncine-las-noticias-de-la-semana-3-septiembre-2025","status":"publish","type":"post","link":"https:\/\/www.europesays.com\/es\/129981\/","title":{"rendered":"#ZNCine \u2013 Las noticias de la semana #3 Septiembre 2025"},"content":{"rendered":"<p>        <a href=\"https:\/\/www.milcomics.com\/\" target=\"_blank\" onclick=\"gtag(&#039;event&#039;, &#039;Banner-MilComics&#039;, { &#039;event_category&#039;: &#039;Banner-MilComics&#039;, &#039;event_action&#039;:&#039;Banner-MilComics&#039;,&#039;event_label&#039;:&#039;Banner-MilComics&#039; });\" rel=\"nofollow noopener\"><img decoding=\"async\" src=\"https:\/\/www.europesays.com\/es\/wp-content\/uploads\/2025\/09\/banner-milcomics-header.jpg\"\/><\/a>CINE<\/p>\n<p><img decoding=\"async\" src=\"https:\/\/www.europesays.com\/es\/wp-content\/uploads\/2025\/07\/kirbydots.gif\" class=\"kirbydots\"\/> Una semana m\u00e1s arrancamos con una trist\u00edsima noticia. <strong>Robert Redford<\/strong> ha muerto a los 89 a\u00f1os. Nacido en Santa M\u00f3nica, Redford comenz\u00f3 su carrera a comienzos de los sesenta como actor de televisi\u00f3n, debutando en la gran pantalla con El que mat\u00f3 por placer (<strong>Denis Sanders<\/strong>, 1962). Pronto se consagrar\u00eda como estrella siendo considerado uno de los rostros m\u00e1s bellos de Hollywood. La jaur\u00eda humana (<strong>Arthur Penn<\/strong>, 1966), Descalzos en el parque (<strong>Gene Saks<\/strong>, 1967), Dos hombres y un destino (<strong>George Roy Hill<\/strong>, 1969), Las aventuras de Jeremiah Johnson (<strong>Sydney Pollack<\/strong>, 1972), El golpe (<strong>George Roy Hill<\/strong>, 1973), Todos los hombres del presidente (<strong>Alan J. Pakula<\/strong>, 1976), Un puente lejano (<strong>Richard Attenborough<\/strong>, 1977), Brubaker (<strong>Stuart Rosenberg<\/strong>, 1980), Memorias de \u00c1frica (<strong>Sydney Pollack<\/strong>, 1985), Juego de esp\u00edas (<strong>Tony Scott<\/strong>, 2001), Cuando todo est\u00e1 perdido (<strong>J.C. Chandor<\/strong>, 2013) o <a href=\"https:\/\/www.zonanegativa.com\/capitan-america-soldado-invierno\/\" target=\"_blank\" rel=\"noopener nofollow\">Capit\u00e1n Am\u00e9rica: El soldado de invierno<\/a> (<strong>Hermanos Russo<\/strong>, 2014) fueron algunos de sus trabajos m\u00e1s reconocidos delante de las c\u00e1maras. Sin embargo, no se puede entender la trayectoria de Redford sin sus labores en la direcci\u00f3n. Debut\u00f3 con Gente corriente (1980), dram\u00f3n por el que consigui\u00f3 el Oscar en la categor\u00eda de mejor director. M\u00e1s tarde, en 2002 recibir\u00eda un Oscar honor\u00edfico por su carrera. Un lugar llamado milagro (1988), El r\u00edo de la vida (1992), Quiz show. El dilema (1994), El hombre que susurraba a los caballos (1998), La leyenda de Bagger Vance (2000), Leones por corderos (2007), La conspiraci\u00f3n (2010) y Pacto de silencio (2012) fueron los otros filmes en los que Redford estuvo detr\u00e1s de las c\u00e1maras. Descanse en paz, maestro.<\/p>\n<blockquote>\n<p>Como director, no me gustar\u00eda interpretando. Como actor no me gustar\u00eda dirigiendo.<\/p>\n<\/blockquote>\n<p><img fetchpriority=\"high\" decoding=\"async\" src=\"https:\/\/www.europesays.com\/es\/wp-content\/uploads\/2025\/09\/Redford.jpg\" alt=\"\" width=\"570\" height=\"364\" class=\"aligncenter size-full wp-image-268351\"  \/><\/p>\n<p><img decoding=\"async\" src=\"https:\/\/www.europesays.com\/es\/wp-content\/uploads\/2025\/07\/kirbydots.gif\" class=\"kirbydots\"\/> El particular <strong>Twisted Childhood Universe<\/strong>, con <strong>Rhys Frake-Waterfield<\/strong> a la cabeza, ha gestado un singular universo compartido la mar de siniestro. Tomando como referencia cuentos o personajes infantiles tales como Winnie the Pooh, Bambi o Peter Pan, estas nuevas adaptaciones sanguinolentas no dejan t\u00edtere con cabeza. Es el caso de <strong>Pinocchio Unstrong<\/strong>, cinta dirigida por el propio Frake-Waterfield junto a <strong>Scott Chambers<\/strong> quienes revisitan las aventuras creadas por <strong>Carlo Collodi<\/strong> bajo un prisma m\u00e1s bien gore. A continuaci\u00f3n, pod\u00e9is ver a todo un Freddy Krueger como <strong>Robert Englund<\/strong> caracterizado como una versi\u00f3n creepy de Pepito Grillo. <strong>Richard Brake<\/strong> (<a href=\"https:\/\/www.zonanegativa.com\/znseries-juego-de-tronos-octava-temporada-la-redaccion-opina\/\" target=\"_blank\" rel=\"noopener nofollow\">Juego de tronos<\/a>), <strong>Peter DeSouza-Feighoney<\/strong> y <strong>Kelly Rian Sanson<\/strong> son los otros nombres que conforman la n\u00f3mina interpretativa. Si quer\u00e9is ir sobre seguro, os recomendamos ver Pinocho, de <strong>Guillermo del Toro<\/strong>.<\/p>\n<blockquote class=\"instagram-media\" data-instgrm-captioned=\"\" data-instgrm-permalink=\"https:\/\/www.instagram.com\/p\/DOqqhQfCH_G\/?utm_source=ig_embed&amp;utm_campaign=loading\" data-instgrm-version=\"14\" style=\" background:#FFF; border:0; border-radius:3px; box-shadow:0 0 1px 0 rgba(0,0,0,0.5),0 1px 10px 0 rgba(0,0,0,0.15); margin: 1px; max-width:540px; min-width:326px; padding:0; width:99.375%; width:-webkit-calc(100% - 2px); width:calc(100% - 2px);\">\n<\/blockquote>\n<p><img decoding=\"async\" src=\"https:\/\/www.europesays.com\/es\/wp-content\/uploads\/2025\/07\/kirbydots.gif\" class=\"kirbydots\"\/> La revista <a href=\"https:\/\/www.empireonline.com\/movies\/news\/wicked-for-good-covers-revealed\/\" target=\"_blank\" rel=\"noopener nofollow\"><strong>Empire<\/strong><\/a> ha compartido dos nuevas portadas de <strong>Wicked: For Good<\/strong>. Recordemos que la adaptaci\u00f3n cinematogr\u00e1fica del c\u00e9lebre musical de Broadway fue concebida en dos partes. Wicked, estrenada el a\u00f1o pasado, cont\u00f3 con una taquilla global de 756 millones de d\u00f3lares, adem\u00e1s de cosechar diez nominaciones a los Oscar (aunque solo se llev\u00f3 el gato al agua en dos categor\u00edas). Pues bien, <strong>Universal Pictures<\/strong> ha fijado el 21 de noviembre como la fecha para dar por concluido este d\u00edptico. <strong>Cynthia Erivo<\/strong> (Elphaba) y <strong>Ariana Grande<\/strong> (Glinda) volver\u00e1n a dar rienda suelta a sus vozarrones en este musical de post\u00edn que sirve como precuela de El mago de Oz. <strong>Jon M. Chu<\/strong> repite detr\u00e1s de las c\u00e1maras.<\/p>\n<blockquote class=\"instagram-media\" data-instgrm-captioned=\"\" data-instgrm-permalink=\"https:\/\/www.instagram.com\/p\/DOyb0drDMeV\/?utm_source=ig_embed&amp;utm_campaign=loading\" data-instgrm-version=\"14\" style=\" background:#FFF; border:0; border-radius:3px; box-shadow:0 0 1px 0 rgba(0,0,0,0.5),0 1px 10px 0 rgba(0,0,0,0.15); margin: 1px; max-width:540px; min-width:326px; padding:0; width:99.375%; width:-webkit-calc(100% - 2px); width:calc(100% - 2px);\">\n<\/blockquote>\n<blockquote class=\"instagram-media\" data-instgrm-captioned=\"\" data-instgrm-permalink=\"https:\/\/www.instagram.com\/p\/DOycU5UAo6b\/?utm_source=ig_embed&amp;utm_campaign=loading\" data-instgrm-version=\"14\" style=\" background:#FFF; border:0; border-radius:3px; box-shadow:0 0 1px 0 rgba(0,0,0,0.5),0 1px 10px 0 rgba(0,0,0,0.15); margin: 1px; max-width:540px; min-width:326px; padding:0; width:99.375%; width:-webkit-calc(100% - 2px); width:calc(100% - 2px);\">\n<\/blockquote>\n<p>LOS TR\u00c1ILERES DE LA SEMANA<\/p>\n<p><img decoding=\"async\" src=\"https:\/\/www.europesays.com\/es\/wp-content\/uploads\/2025\/07\/kirbydots.gif\" class=\"kirbydots\"\/> La pel\u00edcula que est\u00e1n filmando se acaba de hacer realidad. <strong>Paul Rudd<\/strong> y <strong>Jack Black<\/strong> dan vida a dos amigos que tratan de hacer realidad su sue\u00f1o: llevar a cabo un remake de <strong>Anaconda<\/strong>. A pesar de los obst\u00e1culos econ\u00f3micos, consiguen llevar a cabo el rodaje en la selva amaz\u00f3nica pero todo se va al traste cuando son perseguidos por una serpiente gigante. <strong>Steve Zahn<\/strong>, <strong>Thandiwe Newton<\/strong> y la actriz portuguesa <strong>Daniela Melchior<\/strong> (<a href=\"https:\/\/www.zonanegativa.com\/zncine-critica-de-el-escuadron-suicida-de-james-gunn\/\" target=\"_blank\" rel=\"noopener nofollow\">El Escuadr\u00f3n Suicida<\/a>) completan el reparto. Dirige <strong>Tom Gormican<\/strong> (El insoportable peso de un talento descomunal). Esta comedia de terror se instalar\u00e1 en carteleras espa\u00f1olas el mism\u00edsimo d\u00eda de Navidad del a\u00f1o actual. No hay quien esconda semejante anaconda\u2026<\/p>\n<p><img decoding=\"async\" src=\"https:\/\/www.europesays.com\/es\/wp-content\/uploads\/2025\/07\/kirbydots.gif\" class=\"kirbydots\"\/> Habemus nuevo trailer de The Lost Bus. Rebautizado en nuestro pa\u00eds como <strong>Laberinto en llamas<\/strong> es el \u00faltimo trabajo de <strong>Paul Greengrass<\/strong>. Este cineasta brit\u00e1nico, responsable de pel\u00edculas como United 93 o <a href=\"https:\/\/www.zonanegativa.com\/zn-cine-critica-de-capitan-phillips-de-paul-greengrass\/\" target=\"_blank\" rel=\"noopener nofollow\">Capit\u00e1n Phillips<\/a>, ha sido el elegido para llevar a buen puerto este t\u00edtulo que bien podr\u00edamos englobar en el subg\u00e9nero de cat\u00e1strofes. <strong>Matthew McConaughey<\/strong> (<a href=\"https:\/\/www.zonanegativa.com\/true-detective\/\" target=\"_blank\" rel=\"noopener nofollow\">True Detective<\/a>) da vida a un conductor de autobuses escolares mientras que <strong>America Ferrera<\/strong> (<a href=\"https:\/\/www.zonanegativa.com\/zncine-critica-de-barbie-de-gretta-gerwing\/\" target=\"_blank\" rel=\"noopener nofollow\">Barbie<\/a>) har\u00e1 lo propio como una profesora. Ambos har\u00e1n lo imposible por salvar la vida a 22 ni\u00f1os atrapados en un descomunal incendio. Podr\u00e1 verse en <strong>Apple TV+<\/strong> a partir del 3 de octubre.<\/p>\n<p><img decoding=\"async\" src=\"https:\/\/www.europesays.com\/es\/wp-content\/uploads\/2025\/07\/kirbydots.gif\" class=\"kirbydots\"\/> A rebufo del incontestable \u00e9xito de La infiltrada (m\u00e1s de nueve millones de euros recaudados en taquilla), <strong>Agust\u00edn D\u00edaz Yanes<\/strong> (<a href=\"https:\/\/www.zonanegativa.com\/alatriste-de-agustin-diaz-yanes\/\" target=\"_blank\" rel=\"noopener nofollow\">Alatriste<\/a>) escribe y dirige <strong>Un fantasma en la batalla<\/strong>. <strong>Susana Abaitua<\/strong> (Patria) se mete en la piel de Amaia, una joven guardia civil que permanece trabajando como agente encubierta en la organizaci\u00f3n terrorista ETA. \u00bfSu principal objetivo? Localizar los zulos repartidos por el sur de Francia en los cuales la banda guardaba sus armas y explosivos. <strong>Andr\u00e9s Gertrudix, Ra\u00fal Ar\u00e9valo, Iraia Elias<\/strong> y <strong>Ariadna Gil<\/strong> completan el plantel. Un fantasma en la batalla tendr\u00e1 su premiere en el actual Zinemaldi, para, posteriormente, llegar a salas de cine el 3 de octubre, acabando en el cat\u00e1logo de <strong>Netflix<\/strong> el 17 de ese mismo mes.<\/p>\n<p><img decoding=\"async\" src=\"https:\/\/www.europesays.com\/es\/wp-content\/uploads\/2025\/07\/kirbydots.gif\" class=\"kirbydots\"\/> <strong>Kelly Reichardt<\/strong> (First Cow), cineasta nacida en Miami, escribe y dirige <strong>The Mastermind<\/strong>. Ambientada en los a\u00f1os 70, la historia nos cuenta como un carpintero en paro (<strong>Josh O\u2019Connor<\/strong>) se convierte en ladr\u00f3n de arte y planea un gran atraco. Nominada a la Palma de Oro en el \u00faltimo Festival de Cannes, la pel\u00edcula se ver\u00e1 en la gran pantalla desde el 31 de octubre. <strong>Alana Haim<\/strong> (Licorice Pizza), <strong>Hope Davis<\/strong> (<a href=\"https:\/\/www.zonanegativa.com\/desde-las-calles-de-cleveland-llega-el-esplendor-americano-de-harvey-pekar\/\" target=\"_blank\" rel=\"noopener nofollow\">American Splendor<\/a>), <strong>Bill Camp<\/strong> (<a href=\"https:\/\/www.zonanegativa.com\/zncine-critica-de-joker-de-todd-phillips\/\" target=\"_blank\" rel=\"noopener nofollow\">Joker<\/a>), <strong>John Magaro<\/strong> (Vidas pasadas), <strong>Gaby Hoffmann<\/strong> (Tiempo de victoria: La dinast\u00eda de los Lakers) y <strong>Rhenzy Feliz<\/strong> (El Ping\u00fcino) rematan un plantel de lo m\u00e1s interesante. <\/p>\n<p><img decoding=\"async\" src=\"https:\/\/www.europesays.com\/es\/wp-content\/uploads\/2025\/07\/kirbydots.gif\" class=\"kirbydots\"\/> Born in the USA. El tres veces ganador del Globo de Oro, <strong>Jeremy Allen White<\/strong>, deja por una temporada el estr\u00e9s de The Bear y se embarca en su proyecto cinematogr\u00e1fico m\u00e1s importante hasta la fecha. Como hiciera <strong>Timoth\u00e9e Chalamet<\/strong> con Bob Dylan, el actor neoyorquino interpreta a otro genio de la m\u00fasica. <strong>Springsteen: Deliver Me From Nowhere<\/strong> ha sido escrita y dirigida por <strong>Scott Cooper<\/strong> (Hostiles) quien, adem\u00e1s de Allen White, ha tenido a sus \u00f3rdenes nombres m\u00e1s que notables como son los de <strong>Jeremy Strong, Paul Walter Hauser, Odessa Young, Stephen Graham, Gaby Hoffmann<\/strong> y <strong>David Krumholtz<\/strong>. La cinta adapta el relato concebido por <strong>Warren Zanes<\/strong> sobre la grabaci\u00f3n del \u00e1lbum Nebraska, a comienzos de los a\u00f1os ochenta. El sexto \u00e1lbum del Boss sonar\u00e1 a todo volumen en las mejores salas a partir del 24 de octubre.<\/p>\n<p><img decoding=\"async\" src=\"https:\/\/www.europesays.com\/es\/wp-content\/uploads\/2025\/07\/kirbydots.gif\" class=\"kirbydots\"\/> El guionista <strong>Rowan Joffe<\/strong> adapta la novela <strong>Maldita suerte<\/strong>, escrita por <strong>Lawrence Osborne<\/strong>. Tras triunfar en su \u00faltimo trabajo, C\u00f3nclave, el cineasta alem\u00e1n <strong>Edward Berger<\/strong> (Sin novedad en el frente) se pone detr\u00e1s de las c\u00e1maras en este filme que estar\u00e1 disponible en el cat\u00e1logo de <strong>Netflix<\/strong> el 29 de octubre. <strong>Colin Farrell<\/strong> encarna a Lord Doyle, un lud\u00f3pata alcoh\u00f3lico que, ahogado por las deudas, recibe una enigm\u00e1tica propuesta de Dao Ming (<strong>Fala Chen<\/strong>), empleada del casino. <strong>Tilda Swinton<\/strong>, <strong>Deannie Yip<\/strong> y <strong>Alex Jennings<\/strong> coronan el elenco.<\/p>\n<p>SERIES<\/p>\n<p><img decoding=\"async\" src=\"https:\/\/www.europesays.com\/es\/wp-content\/uploads\/2025\/07\/kirbydots.gif\" class=\"kirbydots\"\/> Ten\u00edamos ganas de comprobar el resultado de la 77 edici\u00f3n de los Premios Emmy y, lo cierto, es que la noche no defraud\u00f3. <a href=\"https:\/\/www.zonanegativa.com\/znseries-adolescencia-de-stephen-graham-y-jack-thorne\/\" target=\"_blank\" rel=\"noopener nofollow\">Adolescencia<\/a>, la tremenda miniserie que pod\u00e9is ver en <strong>Netflix<\/strong>, fue la clara triunfadora al llevarse seis estatuillas. <strong>Stephen Graham<\/strong>, <strong>Owen Cooper<\/strong> y <strong>Erin Doherty<\/strong> triunfaron en n\u00f3minas interpretativas mientras que la cabecera venci\u00f3 en la categor\u00eda de mejor miniserie. Series de estreno como The Studio (5 Emmys) o The Pitt (4 Emmys), consiguieron m\u00e1s galardones que, por ejemplo, <a href=\"https:\/\/www.zonanegativa.com\/znseries-critica-de-separacion-primera-temporada\/\" target=\"_blank\" rel=\"noopener nofollow\">Severance<\/a> o Hacks (3 Emmys cada una de ellas). En cuanto a otros nombres propios, <strong>Christin Milioti<\/strong> (<a href=\"https:\/\/www.zonanegativa.com\/zn-series-el-pinguino-episodio-1-horas-extra\/\" target=\"_blank\" rel=\"noopener nofollow\">El Ping\u00fcino<\/a>) fue justa ganadora en la categor\u00eda de mejor actriz principal en miniserie. <strong>Seth Rogen<\/strong>, <strong>Noah Wyle<\/strong>, <strong>Jean Smart<\/strong>, <strong>Tramell Tilman<\/strong> o <strong>Katherine LaNasa<\/strong> son otros int\u00e9rpretes que consiguieron llevarse el gato al agua. Por otra parte, The White Lotus y The Bear fueron las grandes perdedoras al irse de vac\u00edo de la gala.<\/p>\n<p><img loading=\"lazy\" decoding=\"async\" src=\"https:\/\/www.europesays.com\/es\/wp-content\/uploads\/2025\/09\/Adolescencia.jpg\" alt=\"\" width=\"700\" height=\"394\" class=\"aligncenter size-full wp-image-268352\"  \/><\/p>\n<p><img decoding=\"async\" src=\"https:\/\/www.europesays.com\/es\/wp-content\/uploads\/2025\/07\/kirbydots.gif\" class=\"kirbydots\"\/> Tal y como informa <a href=\"https:\/\/es.ign.com\/daredevil-disney-plus\/221323\/news\/daredevil-born-again-recibe-una-muy-buena-noticia-la-serie-continuara-con-una-tercera-temporada\" target=\"_blank\" rel=\"noopener nofollow\"><strong>IGN<\/strong><\/a>, <a href=\"https:\/\/www.zonanegativa.com\/znseries-daredevil-born-again-episodios-1-y-2-media-hora-en-el-cielo-y-apariencias\/\" target=\"_blank\" rel=\"noopener nofollow\"><strong>Daredevil: Born Again<\/strong><\/a> ha sido renovada por una tercera temporada. En una entrevista de este mismo medio a <strong>Brad Winderbaum<\/strong>, jefe de streaming, televisi\u00f3n y animaci\u00f3n en <strong>Marvel Studios<\/strong>, ha confirmado que la grabaci\u00f3n de este nuevo arco arrancar\u00e1 el pr\u00f3ximo a\u00f1o. Mientras esperamos la emisi\u00f3n de la segunda temporada (a comienzos de 2026), el propio Winderbaum ha revelado que <strong>Elden Henson<\/strong> (Foggy Nelson) aparecer\u00e1 de alguna forma en los nuevos episodios. Recordemos que <strong>Krysten Ritter<\/strong> (<a href=\"https:\/\/www.zonanegativa.com\/znseries-especial-marvels-jessica-jones-quien-es-como-llego-a-la-television\/\" target=\"_blank\" rel=\"noopener nofollow\">Jessica Jones<\/a>) ser\u00e1 una de las incorporaciones de la serie para hacer frente al, cada vez m\u00e1s poderoso, Kingpin (<strong>Vincent D\u2019Onofrio<\/strong>), mientras que el bueno de Matt Murdock (<strong>Charlie Cox<\/strong>) contin\u00faa esperando que el resto de Defensores se unan a la causa.<\/p>\n<p><img loading=\"lazy\" decoding=\"async\" src=\"https:\/\/www.europesays.com\/es\/wp-content\/uploads\/2025\/09\/Daredevil.jpg\" alt=\"semana\" width=\"700\" height=\"400\" class=\"aligncenter size-full wp-image-268353\"  \/><\/p>\n<p><img decoding=\"async\" src=\"https:\/\/www.europesays.com\/es\/wp-content\/uploads\/2025\/07\/kirbydots.gif\" class=\"kirbydots\"\/> Un nuevo videojuego est\u00e1 preparado para dar el salto a la peque\u00f1a pantalla. La saga Splinter Cell vio la luz en 2002 para diversas plataformas con una primera entrega desarrollada por <strong>Ubisoft Montreal<\/strong>. Apadrinado por <strong>Tom Clancy<\/strong>, el juego se caracterizaba por ser una aventura que fusionaba a las mil maravillas acci\u00f3n y sigilo. Varias entregas despu\u00e9s, <strong>Splinter Cell: Deathwatch<\/strong> se une al cat\u00e1logo de <strong>Netflix<\/strong> como hiciera anteriormente la franquicia Tomb Raider. <strong>Derek Kolstad<\/strong>, guionista de <a href=\"https:\/\/www.zonanegativa.com\/zncine-especial-john-wick-fortis-fortuna-adiuvat\/\" target=\"_blank\" rel=\"noopener nofollow\">John Wick<\/a>, es el mandam\u00e1s de su primera temporada que se estrenar\u00e1 en la citada plataforma el 14 de octubre. La trama orbita alrededor de la figura de Sam Fisher, un veterano agente de la NSA que se ve inmerso en una conspiraci\u00f3n planetaria. <strong>Liev Schreiber<\/strong> presta su voz al protagonista, mientras que <strong>Kirby Howell-Baptiste<\/strong> (<a href=\"https:\/\/www.zonanegativa.com\/the-sandman-netflix-neil-gaiman\/\" target=\"_blank\" rel=\"noopener nofollow\">The Sandman<\/a>) hace lo propio como Zinnia McKenna.<\/p>\n<p><img decoding=\"async\" src=\"https:\/\/www.europesays.com\/es\/wp-content\/uploads\/2025\/07\/kirbydots.gif\" class=\"kirbydots\"\/> A ritmo del It\u2019s a Sin de <strong>Pet Shop Boys<\/strong> nos llega el \u00faltimo avance de <strong>Monstruo: La historia de Ed Gein<\/strong>. La figura real de este matarife sirvi\u00f3 como inspiraci\u00f3n para la creaci\u00f3n de obras tan macabras y geniales como fueron Psicosis, La matanza de Texas o El silencio de los corderos. Por esto no es de extra\u00f1ar que, en su serie Monsters, <strong>Ryan Murphy<\/strong> haya optado por ficcionar la vida de dicho serial killer despu\u00e9s de hacer lo propio con Jeffrey Dahmer y los hermanos Menendez. <strong>Charlie Hunnam<\/strong> (<a href=\"https:\/\/www.zonanegativa.com\/znseries-hijos-de-la-anarquia-algo-huele-a-podrido-en-charming\/\" target=\"_blank\" rel=\"noopener nofollow\">Hijos de la Anarqu\u00eda<\/a>) encarna (nunca mejor dicho) al perturbado asesino en esta miniserie que podr\u00e1 verse en <strong>Netflix<\/strong> desde el 3 de octubre. A lo largo de ocho episodios seremos testigos de las m\u00e1s terribles atrocidades que tuvieron lugar en la Wisonsin profunda a mediados del siglo pasado. <strong>Tom Hollander, Laurie Metcalf, Olivia Williams<\/strong> y <strong>Vicky Krieps<\/strong> completan su n\u00f3mina interpretativa. <a href=\"https:\/\/www.zonanegativa.com\/ed-gein\/\" target=\"_blank\" rel=\"noopener nofollow\">\u00bfHab\u00e9is o\u00eddo lo que ha hecho Eddie Gein?<\/a> Preparaos para vivir la peor pesadilla posible en la casa de los horrores. <\/p>\n<p><img decoding=\"async\" src=\"https:\/\/www.europesays.com\/es\/wp-content\/uploads\/2025\/07\/kirbydots.gif\" class=\"kirbydots\"\/> <strong>Keri Russell<\/strong> (<a href=\"https:\/\/www.zonanegativa.com\/zn-cine-critica-de-el-amanecer-del-planeta-de-los-simios-de-matt-reeves\/\" target=\"_blank\" rel=\"noopener nofollow\">El amanecer del Planeta de los Simios<\/a>) y <strong>Rufus Sewell<\/strong> (<a href=\"https:\/\/www.zonanegativa.com\/zncine-critica-de-tiempo-de-m-night-shyamalan\/\" target=\"_blank\" rel=\"noopener nofollow\">Tiempo<\/a>) interpretan a un peculiar matrimonio en <strong>The Diplomat<\/strong>, estupenda serie con tintes de thriller pol\u00edtico que pod\u00e9is ver en <strong>Netflix<\/strong>. Tras el cliffhanger con el que finaliz\u00f3 la segunda temporada, sus seguidores estaban deseando que llegaran los nuevos cap\u00edtulos y estos est\u00e1n listos para ser servidos. El 16 de octubre continuar\u00e1n las intrigas diplom\u00e1ticas. Todo es m\u00e1s complicado de lo que parece. <strong>Bradley Whitford<\/strong> (<a href=\"https:\/\/www.zonanegativa.com\/zncine-critica-de-dejame-salir-de-jordan-peele\/\" target=\"_blank\" rel=\"noopener nofollow\">D\u00e9jame salir<\/a>) es el principal fichaje de esta tercera temporada.<\/p>\n<p><img decoding=\"async\" src=\"https:\/\/www.europesays.com\/es\/wp-content\/uploads\/2025\/07\/kirbydots.gif\" class=\"kirbydots\"\/> Al m\u00e1s puro estilo Con Air, el pr\u00f3ximo 10 de octubre aterriza en <strong>Apple TV+<\/strong> la primera temporada de <strong>The Last Frontier: Conspiraci\u00f3n en Alaska<\/strong>. Jon Bokenkamp y Richard D\u2019Ovidio son los showrunners de este thriller de acci\u00f3n que estar\u00e1 compuesto de diez episodios. Un avi\u00f3n que transporta presos se estrella en el estado m\u00e1s grande y septentrional de los Estados Unidos. El \u00fanico polic\u00eda de la regi\u00f3n tendr\u00e1 la dif\u00edcil papeleta de enfrentarse a decenas de violentos criminales. <strong>Jason Clarke<\/strong> (<a href=\"https:\/\/www.zonanegativa.com\/zncine-critica-de-oppenheimer-de-christopher-nolan\/\" target=\"_blank\" rel=\"noopener nofollow\">Oppenheimer<\/a>) lidera un reparto en el que tambi\u00e9n aparecen nombres como los de <strong>Dominic Cooper<\/strong> (<a href=\"https:\/\/www.zonanegativa.com\/znseries-preacher-primeras-impresiones\/\" target=\"_blank\" rel=\"noopener nofollow\">Predicador<\/a>), <strong>Haley Bennett<\/strong> (<a href=\"https:\/\/www.zonanegativa.com\/zncine-critica-de-borderlands-de-eli-roth\/\" target=\"_blank\" rel=\"noopener nofollow\">Borderlands<\/a>), <strong>Simone Kessell<\/strong> o <strong>Dallas Goldtooth<\/strong>.<\/p>\n<p>    <script async src=\"\/\/www.instagram.com\/embed.js\"><\/script><\/p>\n","protected":false},"excerpt":{"rendered":"CINE Una semana m\u00e1s arrancamos con una trist\u00edsima noticia. Robert Redford ha muerto a los 89 a\u00f1os. Nacido&hellip;\n","protected":false},"author":2,"featured_media":129982,"comment_status":"","ping_status":"","sticky":false,"template":"","format":"standard","meta":{"footnotes":""},"categories":[169],"tags":[177,146,147,25,24,176,175,23],"class_list":{"0":"post-129981","1":"post","2":"type-post","3":"status-publish","4":"format-standard","5":"has-post-thumbnail","7":"category-cine","8":"tag-cine","9":"tag-entertainment","10":"tag-entretenimiento","11":"tag-es","12":"tag-espana","13":"tag-film","14":"tag-movies","15":"tag-spain"},"share_on_mastodon":{"url":"","error":""},"_links":{"self":[{"href":"https:\/\/www.europesays.com\/es\/wp-json\/wp\/v2\/posts\/129981","targetHints":{"allow":["GET"]}}],"collection":[{"href":"https:\/\/www.europesays.com\/es\/wp-json\/wp\/v2\/posts"}],"about":[{"href":"https:\/\/www.europesays.com\/es\/wp-json\/wp\/v2\/types\/post"}],"author":[{"embeddable":true,"href":"https:\/\/www.europesays.com\/es\/wp-json\/wp\/v2\/users\/2"}],"replies":[{"embeddable":true,"href":"https:\/\/www.europesays.com\/es\/wp-json\/wp\/v2\/comments?post=129981"}],"version-history":[{"count":0,"href":"https:\/\/www.europesays.com\/es\/wp-json\/wp\/v2\/posts\/129981\/revisions"}],"wp:featuredmedia":[{"embeddable":true,"href":"https:\/\/www.europesays.com\/es\/wp-json\/wp\/v2\/media\/129982"}],"wp:attachment":[{"href":"https:\/\/www.europesays.com\/es\/wp-json\/wp\/v2\/media?parent=129981"}],"wp:term":[{"taxonomy":"category","embeddable":true,"href":"https:\/\/www.europesays.com\/es\/wp-json\/wp\/v2\/categories?post=129981"},{"taxonomy":"post_tag","embeddable":true,"href":"https:\/\/www.europesays.com\/es\/wp-json\/wp\/v2\/tags?post=129981"}],"curies":[{"name":"wp","href":"https:\/\/api.w.org\/{rel}","templated":true}]}}