{"id":129987,"date":"2025-09-21T17:17:10","date_gmt":"2025-09-21T17:17:10","guid":{"rendered":"https:\/\/www.europesays.com\/es\/129987\/"},"modified":"2025-09-21T17:17:10","modified_gmt":"2025-09-21T17:17:10","slug":"kiko-rivera-tira-la-casa-por-la-ventana-con-un-capricho-de-500-000-euros","status":"publish","type":"post","link":"https:\/\/www.europesays.com\/es\/129987\/","title":{"rendered":"Kiko Rivera tira la casa por la ventana con un capricho de 500.000 euros"},"content":{"rendered":"<p>Desde que anunci\u00f3 su separaci\u00f3n de Irene Rosales, <strong>Kiko Rivera<\/strong> se encuentra en el centro de la noticia y ahora todo el mundo est\u00e1 hablando de \u00e9l por el capricho que se ha dado. Le ha costado <strong>500.000 euros<\/strong> y son muchos los que no entienden que haya tomado la decisi\u00f3n justo en este momento. No es ni un coche ni un piso, es algo mucho m\u00e1s grande y nosotros tenemos todos los detalles.<\/p>\n<p>Durante su matrimonio con la madre de sus <strong>dos hijas, Ana y Carlota<\/strong>, el m\u00fasico vivi\u00f3 de alquiler en una casa situada en Sevilla y ahora ha decidido adquirir una propiedad y ponerla a su nombre. Seg\u00fan han informado en el programa Fiesta de <a href=\"https:\/\/okdiario.com\/noticias\/telecinco\/\" rel=\"nofollow noopener\" target=\"_blank\">Telecinco<\/a>, a partir de ahora vivir\u00e1 en<strong> Mairena de Aljarafe<\/strong>, en una residencia con piscina privada y una amplia parcela. Pero, \u00bfpor qu\u00e9 no hizo caso a Irene Rosales y se ha convertido en propietario ahora que ya no est\u00e1 con ella?<\/p>\n<p>Se ha comentado que uno de<a href=\"https:\/\/okdiario.com\/sociedad\/nueva-ilusion-kiko-rivera-separacion-irene-rosales-15427281\" rel=\"nofollow noopener\" target=\"_blank\"> los problemas que hab\u00eda entre Kiko e Irene<\/a> estaba relacionado con la vida econ\u00f3mica de la familia. Los antiguos colaboradores de S\u00e1lvame, que ahora trabajan en un espacio llamado No somos nadie, aseguran que Rosales no entend\u00eda algunos gastos de su marido y le reprochaba que el dinero terminase cayendo en saco roto. Despu\u00e9s de todo esto, el hijo de Isabel Pantoja se ha comprado <strong>un chal\u00e9 de lujo<\/strong>, siguiendo los pasos que dio su hermana Isa hace unos a\u00f1os. La diferencia es que esta \u00faltima ha firmado los papeles junto a <strong>Asraf Beno<\/strong>, a pesar de que muchos pusieron en duda su matrimonio.<\/p>\n<p>\u00ab<strong>Irene Rosales<\/strong> vive con sus hijas de alquiler, qu\u00e9 extra\u00f1o que Kiko haya esperado a separarse de Irene para comprar una casa, huele a que no quer\u00eda comprarse algo mientras estaba con ella por lo que pudiera pasar de cara a una separaci\u00f3n\u00bb, comenta M\u00f3nika Vergara en Fiesta. Tras este comentario, Luis Roll\u00e1n, \u00edntimo amigo de Kiko, ha roto su silencio y ha explicado que el \u00fanico requisito que ten\u00eda el DJ era vivir cerca de su <strong>familia<\/strong>. Le daba igual la zona y las caracter\u00edsticas de su nueva casa, simplemente quer\u00eda estar al lado de sus peque\u00f1as para no perderse nada sobre sus respectivas trayectorias.<\/p>\n<p>La decisi\u00f3n de Kiko Rivera<\/p>\n<p>A pesar de que <a href=\"https:\/\/okdiario.com\/noticias\/kiko-rivera\/\" rel=\"nofollow noopener\" target=\"_blank\">Kiko Rivera<\/a> ha ganado mucho dinero gracias a su vida privada, ahora ha modificado su hoja de ruta y no quiere saber nada de la cr\u00f3nica social. Esa es la raz\u00f3n por la que les ha pedido a<strong> sus familiares y amigos cercanos<\/strong> que mantengan silencio cuando la prensa les haga determinadas preguntas. No obstante, \u00e9l sigue utilizando sus redes sociales cuando quiere dar ciertas explicaciones. Por ejemplo, despu\u00e9s de descubrir que todo el mundo sab\u00eda el secreto de su nueva vivienda, ha publicado un v\u00eddeo en su cuenta de Instagram en el que dice: \u00ab<strong>He intentado buscar una casa para que mis hijos la disfrute<\/strong>n. Que tenga todas las comodidades para ellos y que sientan tambi\u00e9n la casa como su nuevo hogar. Eso es lo principal\u00bb.<\/p>\n<p><img loading=\"lazy\" decoding=\"async\" class=\"size-medium wp-image-15355450\" alt=\"kiko rivera, separacion kiko rivera, irene rosales,\" width=\"620\" height=\"349\"  src=\"https:\/\/www.europesays.com\/es\/wp-content\/uploads\/2025\/09\/kiko-rivera-en-ibiza-620x349.jpg\" \/> Kiko Rivera en Ibiza. (Foto: Gtres)<\/p>\n<p>Con las palabras anteriores, <strong>Kiko Rivera pretende desvincularse de aquellos que le acusan de ser ostentoso<\/strong>. Sin embargo, resulta muy complicado no cuestionar las decisiones del sevillano, especialmente si echamos la vista atr\u00e1s y repasamos algunas de sus intervenciones p\u00fablicas. Por ejemplo, hace unos a\u00f1os lleg\u00f3 a firmar que ten\u00eda problemas econ\u00f3micos y que se hab\u00eda visto obligado a pedir un subsidio al gobierno. No ha pasado demasiado tiempo desde entonces, por eso nos preguntamos: \u00bf<strong>C\u00f3mo ha conseguido medio mill\u00f3n de euros para pagar el chal\u00e9<\/strong> en el que pretende empezar de cero despu\u00e9s de romper con Irene Rosales?<\/p>\n<p>Kiko Rivera se reencuentra con su hermano<\/p>\n<p><a href=\"https:\/\/okdiario.com\/look\/actualidad\/francisco-rivera-gesto-descubrir-isabel-pantoja-mudanza-cantora-2102874\" rel=\"nofollow noopener\" target=\"_blank\">La relaci\u00f3n entre Fran Rivera y Kiko Rivera<\/a> parec\u00eda rota desde hac\u00eda m\u00e1s de dos a\u00f1os, marcada por reproches p\u00fablicos que da\u00f1aron profundamente el v\u00ednculo entre ambos. Todo se inici\u00f3 cuando el torero lanz\u00f3 duras cr\u00edticas contra Isabel Pantoja en una entrevista, lo que provoc\u00f3 la reacci\u00f3n inmediata de su hermano peque\u00f1o, que <strong>decidi\u00f3 devolverle el golpe<\/strong> mencionando otros aspectos sobre Carmina Ord\u00f3\u00f1ez. Aquella cadena de declaraciones encendi\u00f3 un conflicto que se volvi\u00f3 <strong>irreconciliable<\/strong> y que termin\u00f3 con el silencio absoluto entre los dos. Sin embargo, el destino quiso que este fin de semana se reencontraran de manera inesperada en un aeropuerto de Galicia, donde fueron vistos charlando en un tono cordial que nadie hubiera imaginado meses atr\u00e1s.<\/p>\n<p>El programa D Coraz\u00f3n ha mostrado a los hermanos acompa\u00f1ados de otras dos personas y compartiendo unos minutos de conversaci\u00f3n que enseguida despertaron gran inter\u00e9s medi\u00e1tico. La periodista <strong>Laura Fa, tras hablar con un \u00edntimo amigo de Fran<\/strong>, confes\u00f3 que el torero se hab\u00eda quedado sorprendido por lo sucedido, ya que la relaci\u00f3n era nula desde mayo de 2022. Este detalle subraya a\u00fan m\u00e1s lo extraordinario del momento, pues hasta ahora ambos hab\u00edan mantenido<strong> posturas tajantes<\/strong>, incapaces de acercarse ni siquiera en situaciones familiares relevantes.<\/p>\n<p>La <strong>gran inc\u00f3gnita<\/strong> ahora es si este encuentro fortuito en Galicia puede convertirse en un punto de inflexi\u00f3n para que<strong> Kiko Rivera<\/strong> retome no solo el contacto con Fran, sino tambi\u00e9n con otros miembros de su familia. Los colaboradores del programa se dividieron en sus pron\u00f3sticos, aunque el periodista Alberto Guzm\u00e1n se mostr\u00f3 m\u00e1s esc\u00e9ptico. Seg\u00fan \u00e9l, el DJ no tiene intenci\u00f3n de ampliar la reconciliaci\u00f3n a <strong>su madre, Isabel Pantoja<\/strong>, con quien la ruptura es m\u00e1s profunda y definitiva. Es decir, la <strong>tonadillera<\/strong> no pisar\u00e1 el casopl\u00f3n que se ha comprado Kiko en Sevilla.<\/p>\n","protected":false},"excerpt":{"rendered":"Desde que anunci\u00f3 su separaci\u00f3n de Irene Rosales, Kiko Rivera se encuentra en el centro de la noticia&hellip;\n","protected":false},"author":2,"featured_media":129988,"comment_status":"","ping_status":"","sticky":false,"template":"","format":"standard","meta":{"footnotes":""},"categories":[91],"tags":[146,147,25,24,23],"class_list":{"0":"post-129987","1":"post","2":"type-post","3":"status-publish","4":"format-standard","5":"has-post-thumbnail","7":"category-entretenimiento","8":"tag-entertainment","9":"tag-entretenimiento","10":"tag-es","11":"tag-espana","12":"tag-spain"},"share_on_mastodon":{"url":"","error":""},"_links":{"self":[{"href":"https:\/\/www.europesays.com\/es\/wp-json\/wp\/v2\/posts\/129987","targetHints":{"allow":["GET"]}}],"collection":[{"href":"https:\/\/www.europesays.com\/es\/wp-json\/wp\/v2\/posts"}],"about":[{"href":"https:\/\/www.europesays.com\/es\/wp-json\/wp\/v2\/types\/post"}],"author":[{"embeddable":true,"href":"https:\/\/www.europesays.com\/es\/wp-json\/wp\/v2\/users\/2"}],"replies":[{"embeddable":true,"href":"https:\/\/www.europesays.com\/es\/wp-json\/wp\/v2\/comments?post=129987"}],"version-history":[{"count":0,"href":"https:\/\/www.europesays.com\/es\/wp-json\/wp\/v2\/posts\/129987\/revisions"}],"wp:featuredmedia":[{"embeddable":true,"href":"https:\/\/www.europesays.com\/es\/wp-json\/wp\/v2\/media\/129988"}],"wp:attachment":[{"href":"https:\/\/www.europesays.com\/es\/wp-json\/wp\/v2\/media?parent=129987"}],"wp:term":[{"taxonomy":"category","embeddable":true,"href":"https:\/\/www.europesays.com\/es\/wp-json\/wp\/v2\/categories?post=129987"},{"taxonomy":"post_tag","embeddable":true,"href":"https:\/\/www.europesays.com\/es\/wp-json\/wp\/v2\/tags?post=129987"}],"curies":[{"name":"wp","href":"https:\/\/api.w.org\/{rel}","templated":true}]}}