{"id":129992,"date":"2025-09-21T17:20:09","date_gmt":"2025-09-21T17:20:09","guid":{"rendered":"https:\/\/www.europesays.com\/es\/129992\/"},"modified":"2025-09-21T17:20:09","modified_gmt":"2025-09-21T17:20:09","slug":"reino-unido-canada-y-australia-reconocen-a-palestina-como-estado","status":"publish","type":"post","link":"https:\/\/www.europesays.com\/es\/129992\/","title":{"rendered":"Reino Unido, Canad\u00e1 y Australia reconocen a Palestina como Estado"},"content":{"rendered":"<p class=\"article-text\">\n        Despu\u00e9s de meses de debate, el Gobierno brit\u00e1nico ha anunciado este domingo el reconocimiento simb\u00f3lico del Estado palestino despu\u00e9s de que Israel haya intensificado su ofensiva en Gaza en lugar de avanzar hacia un alto el fuego, como ped\u00edan el Reino Unido y otros aliados. El primer ministro brit\u00e1nico, Keir Starmer, ha anunciado su decisi\u00f3n a primera hora de la tarde de manera coordinada con Canad\u00e1 y Australia, miembros de la Commonwealth.\n    <\/p>\n<p>    <a href=\"https:\/\/www.eldiario.es\/internacional\/sanchez-starmer-gobiernos-alineados-gaza_1_12575075.html\" data-mrf-recirculation=\"saber-mas\" data-dl-event=\"saber-mas\" rel=\"nofollow noopener\" target=\"_blank\"><\/p>\n<p class=\"know-more__title\">S\u00e1nchez con Starmer: \u00abNuestros gobiernos est\u00e1n alineados sobre Gaza\u00bb<\/p>\n<p>            <img decoding=\"async\" class=\"lazy\" loading=\"lazy\" data-src=\"https:\/\/static.eldiario.es\/clip\/5d47f1a1-dd23-4a8d-a514-93a9b2182f3f_16-9-aspect-ratio_default_0.jpg\" src=\"data:image\/svg+xml,%3Csvg xmlns=\" http:=\"\" viewbox=\"0 0 880 495\" alt=\"S\u00e1nchez con Starmer: &quot;Nuestros gobiernos est\u00e1n alineados sobre Gaza&quot;\"\/><\/p>\n<p>                        <\/a><\/p>\n<p class=\"article-text\">\n        La declaraci\u00f3n oficial del Reino Unido tiene un peso hist\u00f3rico especial al venir de un pa\u00eds clave para la fundaci\u00f3n del Estado de Israel en 1948. El Reino Unido y Canad\u00e1, adem\u00e1s, son los primeros miembros del G7 en dar este paso.\n    <\/p>\n<p class=\"article-text\">\n        \u201cHoy, para revivir la esperanza de paz entre palestinos e israel\u00edes, y una soluci\u00f3n de dos Estados, el Reino Unido reconoce formalmente el Estado de Palestina\u201d, dijo Starmer en una declaraci\u00f3n emitida en v\u00eddeo unos minutos despu\u00e9s de los anuncios de Canad\u00e1 y Australia. El primer ministro brit\u00e1nico insisti\u00f3 en el futuro de un Israel \u201cseguro\u201d y un Estado palestino \u201cviable\u201d.\n    <\/p>\n<p class=\"article-text\">\n        Starmer, como los gobiernos de la Uni\u00f3n Europea y los <a href=\"https:\/\/edition.cnn.com\/2025\/07\/30\/middleeast\/arab-league-hamas-gaza-israel-intl\" data-mrf-recirculation=\"links-noticia\" class=\"link\" target=\"_blank\" rel=\"nofollow noopener\">pa\u00edses \u00e1rabes <\/a>de la regi\u00f3n, insisten en que el futuro de Palestina tiene que ser sin Ham\u00e1s.\n    <\/p>\n<p class=\"article-text\">\n        \u201cHam\u00e1s es una organizaci\u00f3n terrorista brutal. Nuestra llamada a una soluci\u00f3n aut\u00e9ntica de dos estados es exactamente lo contrario de su visi\u00f3n llena de odio\u201d, dijo Starmer, que insisti\u00f3 en que la decisi\u00f3n \u201cno es un premio para Ham\u00e1s\u201d y anunci\u00f3 que el Gobierno brit\u00e1nico aprobar\u00e1 nuevas sanciones contra l\u00edderes de Ham\u00e1s en las pr\u00f3ximas semanas.\n    <\/p>\n<p class=\"article-text\">\n        Poco despu\u00e9s de su declaraci\u00f3n, el Ministerio de Exterioes de Israel repeti\u00f3 que el gesto del Reino Unido y otros es \u201cun premio para el yihadista Ham\u00e1s\u201d. El primer ministro israel\u00ed, Benjam\u00edn Netanyahu, insisti\u00f3 despu\u00e9s en el mismo mensaje y dijo que \u201cno se establecer\u00e1 ning\u00fan Estado palestino al oeste del r\u00edo Jord\u00e1n\u201d, es decir, donde est\u00e1n Gaza y Cisjordania.\n    <\/p>\n<p class=\"article-text\">\n        En junio, el Gobierno brit\u00e1nico sancion\u00f3 a dos ministros del Gobierno Netanyahu por \u201cincitar a la violencia\u201d contra los palestinos, y Starmer volvi\u00f3 a repetir este domingo la condena a sus acciones: \u201cEl bombardeo incesante y creciente de Gaza por parte del Gobierno israel\u00ed, la ofensiva en las \u00faltimas semanas, la hambruna y la devastaci\u00f3n son completamente intolerables\u201d, dijo Starmer. \u201cCientos de miles de personas han sido asesinadas, incluyendo miles que intentaban conseguir agua y comida. La muerte y destrucci\u00f3n nos horroriza a todos nosotros. Debe terminar\u201d.\n    <\/p>\n<blockquote class=\"twitter-tweet\" data-lang=\"es\"><p><a href=\"https:\/\/twitter.com\/X\/status\/1969751392802750719?ref_src=twsrc%5Etfw\" rel=\"nofollow noopener\" target=\"_blank\"><\/p><\/blockquote>\n<p class=\"article-text\">\n        Mahmoud Ab\u00e1s, el presidente de la Autoridad Palestina, describi\u00f3 el gesto como \u201cun paso importante y necesario hacia la consecuci\u00f3n de una paz justa y duradera\u201d. Su representante en Londres es ahora reconocido como embajador.\n    <\/p>\n<p class=\"article-text\">\n        El vice primer ministro, David Lammy, volvi\u00f3 a decir este domingo que el gesto no cambiar\u00e1 la hambruna ni la masacre en Gaza, pero es importante para el futuro: \u201cDebemos mantener la idea de dos Estados viva para los ni\u00f1os de Gaza, Cisjordania y Jerusal\u00e9n Oriental\u201d. En particular, el Gobierno brit\u00e1nico est\u00e1 preocupado por los planes del Gobierno de Netanyahu de partir en dos Cisjordania mientras contin\u00faa la violencia de colonos extremistas contra civiles palestinos, y el retroceso desde julio. \u201cEn este momento el alto el fuego yace hecho trizas y las perspectivas son sombr\u00edas\u201d, dijo Lammy, en una entrevista en Sky News.\n    <\/p>\n<p class=\"article-text\">\n        Familiares brit\u00e1nicos de rehenes y la l\u00edder del Partido Conservador se quejan, como Israel, de que el reconocimiento ahora es un \u201cpremio a Ham\u00e1s\u201d, que ha presumido de que los gestos diplom\u00e1ticos son \u201cun fruto\u201d de los atentados del 7 de octubre. Lammy defiende que los palestinos son mucho m\u00e1s que la organizaci\u00f3n que ha gobernado Gaza.\n    <\/p>\n<p class=\"article-text\">\n        \u201cHam\u00e1s no son los palestinos. Un Estado palestino es una causa justa. Nuestro pa\u00eds, que firm\u00f3 la declaraci\u00f3n de Balfour hace 108 a\u00f1os, cree en un hogar para el pueblo palestino, pero tambi\u00e9n creemos en los derechos civiles y religiosos de los palestinos, y ahora es el momento de defender los dos estados\u201d, dijo en la BBC Lammy, refiri\u00e9ndose a la declaraci\u00f3n del Gobierno brit\u00e1nico de 1917 en el origen de Israel.\n    <\/p>\n<p class=\"article-text\">\n        Horas despu\u00e9s de <a href=\"https:\/\/www.eldiario.es\/internacional\/trump-putin-nina-ojos-decepcionado_1_12613191.html\" target=\"_blank\" data-mrf-recirculation=\"links-noticia\" class=\"link\" rel=\"nofollow noopener\">la visita del presidente Donald Trump<\/a> al Reino Unido, Starmer anunci\u00f3 su decisi\u00f3n coordinada con Canad\u00e1 y Australia y que lleva meses consultando con Francia y otros europeos. <a href=\"https:\/\/www.eldiario.es\/internacional\/portugal-reconocera-domingo-palestina_1_12617946.html\" target=\"_blank\" data-mrf-recirculation=\"links-noticia\" class=\"link\" rel=\"nofollow noopener\">Portugal tambi\u00e9n har\u00e1 la misma declaraci\u00f3n este domingo<\/a>, y Francia, B\u00e9lgica y Luxemburgo, entre otros, tambi\u00e9n har\u00e1n este gesto este lunes, en la conferencia internacional sobre Palestina de Naciones Unidas en Nueva York, en coincidencia con la reuni\u00f3n de jefes de Estado y de Gobierno por la Asamblea General.\n    <\/p>\n<p class=\"article-text\">\n        Alemania es el pa\u00eds m\u00e1s grande de Europa que se sigue oponiendo al reconocimiento ahora: <a href=\"https:\/\/www.eldiario.es\/politica\/merz-defiende-sanchez-reconocer-palestina-deberia-ultimo-paso_1_12614826.amp.html\" target=\"_blank\" data-mrf-recirculation=\"links-noticia\" class=\"link\" rel=\"nofollow noopener\">el canciller alem\u00e1n, Friedrich Merz<\/a>, defendi\u00f3 este jueves ante el presidente del Gobierno, Pedro S\u00e1nchez, que \u00e9ste deber\u00eda ser \u201cel \u00faltimo paso\u201d en un proceso de paz. Italia tampoco ha dado se\u00f1ales de querer dar este paso ahora.\n    <\/p>\n<p class=\"article-text\">\n        Estados Unidos, el pa\u00eds con m\u00e1s peso para la regi\u00f3n, ha criticado la decisi\u00f3n, pero el jueves Trump evit\u00f3 en Londres una cr\u00edtica directa. \u201cEs el \u00fanico punto en el que no estamos de acuerdo\u201d, dijo el presidente de Estados Unidos, en la rueda de prensa junto a Starmer al ser interrogado por el inminente reconocimiento.\u00a0Cuando el primer ministro brit\u00e1nico dijo que la situaci\u00f3n en Gaza es \u201cintolerable\u201d, pero desea que Ham\u00e1s \u201cno sea parte del futuro Gobierno de Palestina\u201d, Trump le dio unas palmaditas en la espalda como gesto de aprobaci\u00f3n.\n    <\/p>\n<p>            <img decoding=\"async\" class=\"lazy\" loading=\"lazy\" data-src=\"https:\/\/static.eldiario.es\/clip\/80280356-b6fc-4229-ad3c-e068088dbf4e_16-9-discover-aspect-ratio_default_0.jpg\" src=\"data:image\/svg+xml,%3Csvg xmlns=\" http:=\"\" viewbox=\"0 0 1200 675\" alt=\"El presidente de Estados Unidos, Donald Trump, y el primer ministro brit\u00e1nico, Keir Starmer, este jueves en la mansi\u00f3n de Chequers, Inglaterra.\"\/><\/p>\n<p>    Canad\u00e1 y Australia, a la vez<\/p>\n<p class=\"article-text\">\n        El reconocimiento canadiense ha llegado de manos de un comunicado del primer ministro canadiense, Mark Carney, hecho p\u00fablico poco antes de partir hacia Nueva York, donde se reunir\u00e1 este domingo con el secretario general de la ONU, Ant\u00f3nio Guterres, y posteriormente participar\u00e1 en la Asamblea General del organismo.\n    <\/p>\n<p class=\"article-text\">\n        Carney justific\u00f3 la decisi\u00f3n de reconocer a Palestina porque \u201cel actual Gobierno israel\u00ed trabaja de manera met\u00f3dica para impedir que llegue a establecerse un Estado palestino\u201d con \u201cuna pol\u00edtica implacable de expansi\u00f3n de asentamientos en Cisjordania\u201d y la invasi\u00f3n de la Franja de Gaza, \u201cque ha provocado una hambruna devastadora y evitable en violaci\u00f3n del derecho internacional\u201d.\n    <\/p>\n<p class=\"article-text\">\n        \u201cLa pol\u00edtica declarada del actual Gobierno israel\u00ed es que &#8216;no habr\u00e1 un Estado palestino&#8217;\u201d, dijo Carney, que ve en este reconocimiento \u201cun paso necesario para preservar la soluci\u00f3n de dos Estados, dada la insostenible naturaleza de la situaci\u00f3n actual\u201d.\n    <\/p>\n<p class=\"article-text\">\n        En el caso de Australia, el reconocimiento se ha hecho oficial mediante un comunicado conjunto del primer ministro Anthony Albanese y de su ministra de Exteriores Penny Wong, en el que defienden que el gesto \u201crefleja el compromiso duradero de Australia con la soluci\u00f3n de los dos Estados, que siempre ha sido la \u00fanica v\u00eda para asegurar la paz y la seguridad para los pueblos de Israel y Palestina\u201d.\n    <\/p>\n<p class=\"article-text\">\n        Australia reconoce de facto a Mahmud Abb\u00e1s, l\u00edder de la Autoridad Palestina, como jefe del Estado. Albanese hab\u00eda acordado un encuentro bilateral con el presidente Abb\u00e1s en Nueva York para esta semana aunque la denegaci\u00f3n de su visado por parte de Estados Unidos lo ha impedido.\n    <\/p>\n<p>    Sanciones<\/p>\n<p class=\"article-text\">\n        En junio, el Gobierno laborista fue uno de los primeros occidentales en sancionar a los dos ministros del Ejecutivo de Benjam\u00edn Netanyahu por \u201cincitar a la violencia\u201d contra los palestinos. Entonces, el Reino Unido<a href=\"https:\/\/www.eldiario.es\/internacional\/gobierno-britanico-sanciona-ministros-ultras-netanyahu-comentarios-gaza_1_12372211.html\" target=\"_blank\" data-mrf-recirculation=\"links-noticia\" class=\"link\" rel=\"nofollow noopener\"> anunci\u00f3 las sanciones<\/a> en coordinaci\u00f3n con Canad\u00e1, Australia y Noruega. Antes tambi\u00e9n rompi\u00f3 sus negociaciones para un acuerdo comercial con Israel y ha suspendido exportaciones de armas a ese pa\u00eds.\u00a0\n    <\/p>\n<p class=\"article-text\">\n        La opini\u00f3n p\u00fablica brit\u00e1nica se ha inclinado a favor de los palestinos en los \u00faltimos dos a\u00f1os despu\u00e9s del apoyo inicial a Israel tras los atentados del 7 de octubre. Ahora, el 44% de los ciudadanos est\u00e1 a favor de que el Gobierno reconozca un Estado palestino independiente, el 18% est\u00e1 en contra, y el resto no sabe, seg\u00fan una encuesta <a href=\"https:\/\/yougov.co.uk\/politics\/articles\/53016-britons-support-recognising-palestinian-statehood-by-44-to-18\" target=\"_blank\" data-mrf-recirculation=\"links-noticia\" class=\"link\" rel=\"nofollow noopener\">reci\u00e9n publicada por YouGov<\/a>. Hay divisi\u00f3n seg\u00fan ideolog\u00eda, con una clara mayor\u00eda a favor de votantes que se identifican con los laboristas, los liberaldem\u00f3cratas y los verdes. Los votantes del Partido Conservador est\u00e1n divididos con m\u00e1s en contra del reconocimiento, mientras que los de la extrema de derecha de Reform se oponen m\u00e1s claramente.\n    <\/p>\n<p class=\"article-text\">\n        Las multitudinarias protestas propalestinas han sido un motivo de tensi\u00f3n en las calles durante meses, sobre todo en las de Londres. En julio, el Gobierno clasific\u00f3 como grupo terrorista a Palestine Action, un grupo que entr\u00f3 en una base \u00e1rea del ej\u00e9rcito brit\u00e1nico en junio y da\u00f1\u00f3 con pintura y palancas varios aviones. Desde que la organizaci\u00f3n fue incluida en la lista, cientos de personas han sido detenidas por manifestarse a favor de este grupo en un caso pol\u00e9mico que <a href=\"https:\/\/www.eldiario.es\/internacional\/protestar-terrorismo-veto-grupo-pro-palestino-amenaza-libertad-expresion-reino-unido_1_12546661.html\" target=\"_blank\" data-mrf-recirculation=\"links-noticia\" class=\"link\" rel=\"nofollow noopener\">cuestiona el derecho de protesta.<\/a>\n    <\/p>\n<p>            <img decoding=\"async\" class=\"lazy\" loading=\"lazy\" data-src=\"https:\/\/static.eldiario.es\/clip\/9150efe3-ed7e-4a71-b5a5-87883cedcc3f_16-9-discover-aspect-ratio_default_0.jpg\" src=\"data:image\/svg+xml,%3Csvg xmlns=\" http:=\"\" viewbox=\"0 0 1200 675\" alt=\"Manifestantes propalestinos delante de Downing Street, en Londres, el 9 de septiembre.\"\/><\/p>\n<p>    Algo que sirva<\/p>\n<p class=\"article-text\">\n        Starmer lleva meses insistiendo en que el reconocimiento ten\u00eda que servir para algo m\u00e1s all\u00e1 del gesto simb\u00f3lico, y lo hab\u00eda utilizado hasta ahora como una forma de presi\u00f3n a favor de una tregua. Lo ha hecho en coordinaci\u00f3n con Francia y tratando de plantear el reconocimiento como \u201cparte de un paquete completo que con suerte nos aleje de la situaci\u00f3n espantosa en la que estamos ahora y lleve al resultado de un Israel seguro, que ahora no tenemos, y un Estado palestino viable\u201d.\n    <\/p>\n<p class=\"article-text\">\n        M\u00e1s de 140 pa\u00edses reconocen la existencia del Estado palestino, la mayor\u00eda por decisiones durante la Guerra Fr\u00eda. En la Uni\u00f3n Europea, pa\u00edses del centro y el este de Europa que estaban al otro lado del Tel\u00f3n de Acero hicieron entonces ese reconocimiento.\n    <\/p>\n<p class=\"article-text\">\n        Desde el estallido de la actual guerra de Gaza, cuatro pa\u00edses en Europa han dado ese paso: Espa\u00f1a, Irlanda, Noruega y Eslovenia. Pero estos son pa\u00edses con poca capacidad militar, no especialmente cercanos a Israel y con poca influencia en la zona, a diferencia del Reino Unido, que fue clave para la fundaci\u00f3n de Israel. La <a href=\"https:\/\/www.britannica.com\/event\/Balfour-Declaration\" target=\"_blank\" data-mrf-recirculation=\"links-noticia\" class=\"link\" rel=\"nofollow noopener\">declaraci\u00f3n de Balfour<\/a> apoy\u00f3 en 1917 la creaci\u00f3n de \u201cun hogar para el pueblo jud\u00edo\u201den Palestina, entonces parte del imperio otomano. Palestina estuvo bajo mandato brit\u00e1nico a petici\u00f3n de la <a href=\"https:\/\/www.un.org\/es\/about-us\/history-of-the-un\/predecessor\" target=\"_blank\" data-mrf-recirculation=\"links-noticia\" class=\"link\" rel=\"nofollow noopener\">Sociedad de Naciones<\/a> entre 1920 y 1948.\n    <\/p>\n<p class=\"article-text\">\n        El primer ministro brit\u00e1nico ha mantenido un canal de comunicaci\u00f3n con el Gobierno de Netanyahu pese a haber sancionado a sus ministros y a haber llamado a consultas a su embajador varias veces.\n    <\/p>\n<p class=\"article-text\">\n        A principios de septiembre, Starmer <a href=\"https:\/\/www.eldiario.es\/internacional\/starmer-recibe-presidente-israel-protestas-promete-quejarse-sufrimiento-atroz-gaza_1_12591584.html\" target=\"_blank\" data-mrf-recirculation=\"links-noticia\" class=\"link\" rel=\"nofollow noopener\">recibi\u00f3 a Isaac Herzog<\/a>, el presidente de Israel, que estaba en el Reino Unido para un viaje privado. La reuni\u00f3n, seg\u00fan cont\u00f3 el l\u00edder israel\u00ed, fue \u201cdif\u00edcil\u201d y acab\u00f3 en una discusi\u00f3n.\u00a0\n    <\/p>\n<p>    La palabra<\/p>\n<p class=\"article-text\">\n        El Gobierno de Starmer, que es abogado especializado en derechos humanos, ha evitado utilizar la palabra \u201cgenocidio\u201d, aunque s\u00ed lo hacen diputados y otros laboristas, como el alcalde de Londres, Sadiq Khan.\n    <\/p>\n<p class=\"article-text\">\n        <a href=\"https:\/\/committees.parliament.uk\/publications\/49215\/documents\/262248\/default\/\" target=\"_blank\" data-mrf-recirculation=\"links-noticia\" class=\"link\" rel=\"nofollow noopener\">En una carta<\/a> en respuesta a una pregunta sobre los detalles de la aplicaci\u00f3n del embargo brit\u00e1nico de armas a Israel, el 1 de septiembre, David Lammy, entonces ministro de Exteriores, escribi\u00f3 que el Gobierno no ha llegado a \u201cla conclusi\u00f3n\u201d de que Israel est\u00e9 cometiendo un genocidio seg\u00fan la definici\u00f3n legal.\u00a0\n    <\/p>\n<p class=\"article-text\">\n        \u201cEl alto n\u00famero de v\u00edctimas incluyendo mujeres y menores y la dimensi\u00f3n de la destrucci\u00f3n en Gaza es totalmente deplorable. Sobre la convenci\u00f3n contra el genocidio, el crimen de genocidio s\u00f3lo sucede cuando hay \u2018una intenci\u00f3n espec\u00edfica para destruir todo o parte de un grupo nacional, \u00e9tnico, racial o religioso\u2019. El Gobierno no ha llegado a la conclusi\u00f3n de que Israel est\u00e9 actuando con esa intenci\u00f3n\u201d, escribe Lammy.\n    <\/p>\n<p>    Mahmud Ab\u00e1s celebra el reconocimiento brit\u00e1nico de Palestina e Israel dice que \u201cdesestabiliza a\u00fan m\u00e1s la regi\u00f3n\u201d<\/p>\n<p class=\"article-text\">\n        El presidente palestino, Mahmud Ab\u00e1s, celebr\u00f3 este domingo la decisi\u00f3n del Reino Unido de reconocer al Estado de Palestina, al considerar que constituye \u201cun paso importante y necesario para lograr una paz justa y duradera conforme a las resoluciones de la legitimidad internacional\u201d.\n    <\/p>\n<p class=\"article-text\">\n        Seg\u00fan inform\u00f3 la agencia oficial palestina Wafa, Ab\u00e1s asegur\u00f3 que el reconocimiento \u201callanar\u00e1 el camino para la aplicaci\u00f3n de la soluci\u00f3n de dos Estados\u201d, que permitir\u00eda a Palestina vivir \u201cjunto al Estado de Israel en seguridad, paz y buena vecindad\u201d.\n    <\/p>\n<p class=\"article-text\">\n        El mandatario palestino recalc\u00f3 que la prioridad actual es alcanzar un \u201calto el fuego, la entrada de ayuda humanitaria, la liberaci\u00f3n de todos los rehenes y prisioneros\u201d como tambi\u00e9n \u201cla retirada total israel\u00ed de la Franja de Gaza\u201d y \u201cponer fin a la actividad de asentamientos y al terrorismo de colonos\u201d.\n    <\/p>\n<p class=\"article-text\">\n        Por su parte, el Gobierno israel\u00ed afirm\u00f3 que el reconocimiento \u201cno promueve la paz\u201d, sino que \u201cdesestabiliza a\u00fan m\u00e1s la regi\u00f3n\u201d, y a\u00f1adi\u00f3 que la Autoridad Nacional Palestina \u201ces parte del problema, no de la soluci\u00f3n\u201d.\n    <\/p>\n<p class=\"article-text\">\n        En un comunicado, el Ministerio de Exteriores israel\u00ed afirma que \u201cIsrael rechaza categ\u00f3ricamente la declaraci\u00f3n unilateral de reconocimiento de un Estado palestino hecha por el Reino Unido y otros pa\u00edses\u201d.\n    <\/p>\n<p class=\"article-text\">\n        Para Exteriores, dicha declaraci\u00f3n \u201csocava las posibilidades de lograr una soluci\u00f3n pac\u00edfica en el futuro\u201d y \u201crecompensa\u201d los asesinatos de Ham\u00e1s del 7 de octubre de 2023.\n    <\/p>\n<p>    <a href=\"https:\/\/www.eldiario.es\/internacional\/onu-vota-abrumadoramente-permitir-participacion-palestina-asamblea-general-veto-eeuu_1_12617256.html\" data-mrf-recirculation=\"saber-mas-abajo\" data-dl-event=\"saber-mas-abajo\" rel=\"nofollow noopener\" target=\"_blank\"><\/p>\n<p class=\"know-more__title\">La ONU vota abrumadoramente permitir la participaci\u00f3n de Palestina en la Asamblea General ante el intento de veto de EEUU<\/p>\n<p>            <img decoding=\"async\" class=\"lazy\" loading=\"lazy\" data-src=\"https:\/\/static.eldiario.es\/clip\/62495bee-5fc1-477b-9e46-edc3cbef5cd4_16-9-aspect-ratio_default_0.jpg\" src=\"data:image\/svg+xml,%3Csvg xmlns=\" http:=\"\" viewbox=\"0 0 880 495\" alt=\"La ONU vota abrumadoramente permitir la participaci\u00f3n de Palestina en la Asamblea General ante el intento de veto de EEUU\"\/><\/p>\n<p>                        <\/a><\/p>\n<p class=\"article-text\">\n        Adem\u00e1s, en un v\u00eddeo difundido por su oficina, Netanyahu lanz\u00f3 un mensaje a los pa\u00edses que est\u00e1n reconociendo el Estado de Palestina por la ofensiva israel\u00ed en Gaza: \u201cEso no suceder\u00e1. No se establecer\u00e1 un Estado palestino al oeste del r\u00edo Jord\u00e1n\u201d.\n    <\/p>\n<p>                                    <script async src=\"https:\/\/platform.twitter.com\/widgets.js\" charset=\"utf-8\"><\/script><\/p>\n","protected":false},"excerpt":{"rendered":"Despu\u00e9s de meses de debate, el Gobierno brit\u00e1nico ha anunciado este domingo el reconocimiento simb\u00f3lico del Estado palestino&hellip;\n","protected":false},"author":2,"featured_media":129993,"comment_status":"","ping_status":"","sticky":false,"template":"","format":"standard","meta":{"footnotes":""},"categories":[42],"tags":[17,18,13,14,11,315,61,62,63,64,19,20,9,10,15,16,76,9446,9444,12,21,22,9445,65,66,67],"class_list":{"0":"post-129992","1":"post","2":"type-post","3":"status-publish","4":"format-standard","5":"has-post-thumbnail","7":"category-internacional","8":"tag-breaking-news","9":"tag-breakingnews","10":"tag-featured-news","11":"tag-featurednews","12":"tag-headlines","13":"tag-hoy","14":"tag-internacional","15":"tag-international","16":"tag-international-news","17":"tag-internationalnews","18":"tag-latest-news","19":"tag-latestnews","20":"tag-news","21":"tag-noticias","22":"tag-noticias-destacadas","23":"tag-noticiasdestacadas","24":"tag-palestina","25":"tag-reconocera","26":"tag-reino","27":"tag-titulares","28":"tag-ultimas-noticias","29":"tag-ultimasnoticias","30":"tag-unido","31":"tag-world","32":"tag-world-news","33":"tag-worldnews"},"share_on_mastodon":{"url":"","error":""},"_links":{"self":[{"href":"https:\/\/www.europesays.com\/es\/wp-json\/wp\/v2\/posts\/129992","targetHints":{"allow":["GET"]}}],"collection":[{"href":"https:\/\/www.europesays.com\/es\/wp-json\/wp\/v2\/posts"}],"about":[{"href":"https:\/\/www.europesays.com\/es\/wp-json\/wp\/v2\/types\/post"}],"author":[{"embeddable":true,"href":"https:\/\/www.europesays.com\/es\/wp-json\/wp\/v2\/users\/2"}],"replies":[{"embeddable":true,"href":"https:\/\/www.europesays.com\/es\/wp-json\/wp\/v2\/comments?post=129992"}],"version-history":[{"count":0,"href":"https:\/\/www.europesays.com\/es\/wp-json\/wp\/v2\/posts\/129992\/revisions"}],"wp:featuredmedia":[{"embeddable":true,"href":"https:\/\/www.europesays.com\/es\/wp-json\/wp\/v2\/media\/129993"}],"wp:attachment":[{"href":"https:\/\/www.europesays.com\/es\/wp-json\/wp\/v2\/media?parent=129992"}],"wp:term":[{"taxonomy":"category","embeddable":true,"href":"https:\/\/www.europesays.com\/es\/wp-json\/wp\/v2\/categories?post=129992"},{"taxonomy":"post_tag","embeddable":true,"href":"https:\/\/www.europesays.com\/es\/wp-json\/wp\/v2\/tags?post=129992"}],"curies":[{"name":"wp","href":"https:\/\/api.w.org\/{rel}","templated":true}]}}