{"id":129994,"date":"2025-09-21T17:21:10","date_gmt":"2025-09-21T17:21:10","guid":{"rendered":"https:\/\/www.europesays.com\/es\/129994\/"},"modified":"2025-09-21T17:21:10","modified_gmt":"2025-09-21T17:21:10","slug":"detenido-un-conductor-tras-estampar-su-coche-en-un-negocio-de-porta-do-sol","status":"publish","type":"post","link":"https:\/\/www.europesays.com\/es\/129994\/","title":{"rendered":"Detenido un conductor tras estampar su coche en un negocio de Porta do Sol"},"content":{"rendered":"<p class=\"ft-text\">Hace ya varios a\u00f1os que los veh\u00edculos no pueden circular por la peatonalizada Porta do Sol&#8230; pero parece que no todos los conductores lo tienen claro todav\u00eda. Y si a\u00fan encima terminan estrellando el turismo contra uno de los locales de la plaza, el arresto est\u00e1 asegurado. Esto es lo que le ocurri\u00f3 la pasada madrugada a un <strong>vecino de la ciudad, que fue detenido por agentes de la Polic\u00eda Nacional tras irrumpir en el \u00abkil\u00f3metro 0\u00bb de Vigo y estampar su coche contra un negocio. <\/strong><\/p>\n<p class=\"ft-text\">El veh\u00edculo fue interceptado por los agentes, que procedieron al arresto del conductor, seg\u00fan precisaron fuentes de Comisar\u00eda de la Polic\u00eda Nacional. Al hombre se le investiga por un <strong>delito contra la seguridad del tr\u00e1fico al irrumpir en una plaza exclusivamente peatonal<\/strong>. A mayores,y seg\u00fan precisaron estas mismas fuentes, los otros dos ocupantes del turismo tambi\u00e9n fueron trasladados a las dependencias policiales de L\u00f3pez Mora para su identificaci\u00f3n.<\/p>\n<p class=\"ft-text\">En el operativo tambi\u00e9n participaron patrullas de la Polic\u00eda Local, si bien solo acordaron la retirada y traslado del veh\u00edculo accidentado.<\/p>\n","protected":false},"excerpt":{"rendered":"Hace ya varios a\u00f1os que los veh\u00edculos no pueden circular por la peatonalizada Porta do Sol&#8230; pero parece&hellip;\n","protected":false},"author":2,"featured_media":129995,"comment_status":"","ping_status":"","sticky":false,"template":"","format":"standard","meta":{"footnotes":""},"categories":[8],"tags":[17,18,3075,30816,8838,25,24,41741,13,14,11,19,20,5056,9,10,15,16,11739,41742,23,257,11520,12,21,22],"class_list":{"0":"post-129994","1":"post","2":"type-post","3":"status-publish","4":"format-standard","5":"has-post-thumbnail","7":"category-espana","8":"tag-breaking-news","9":"tag-breakingnews","10":"tag-coche","11":"tag-conductor","12":"tag-detenido","13":"tag-es","14":"tag-espana","15":"tag-estampar","16":"tag-featured-news","17":"tag-featurednews","18":"tag-headlines","19":"tag-latest-news","20":"tag-latestnews","21":"tag-negocio","22":"tag-news","23":"tag-noticias","24":"tag-noticias-destacadas","25":"tag-noticiasdestacadas","26":"tag-policia-nacional","27":"tag-porta-do-sol","28":"tag-spain","29":"tag-sucesos","30":"tag-sucesos-en-vigo","31":"tag-titulares","32":"tag-ultimas-noticias","33":"tag-ultimasnoticias"},"share_on_mastodon":{"url":"","error":""},"_links":{"self":[{"href":"https:\/\/www.europesays.com\/es\/wp-json\/wp\/v2\/posts\/129994","targetHints":{"allow":["GET"]}}],"collection":[{"href":"https:\/\/www.europesays.com\/es\/wp-json\/wp\/v2\/posts"}],"about":[{"href":"https:\/\/www.europesays.com\/es\/wp-json\/wp\/v2\/types\/post"}],"author":[{"embeddable":true,"href":"https:\/\/www.europesays.com\/es\/wp-json\/wp\/v2\/users\/2"}],"replies":[{"embeddable":true,"href":"https:\/\/www.europesays.com\/es\/wp-json\/wp\/v2\/comments?post=129994"}],"version-history":[{"count":0,"href":"https:\/\/www.europesays.com\/es\/wp-json\/wp\/v2\/posts\/129994\/revisions"}],"wp:featuredmedia":[{"embeddable":true,"href":"https:\/\/www.europesays.com\/es\/wp-json\/wp\/v2\/media\/129995"}],"wp:attachment":[{"href":"https:\/\/www.europesays.com\/es\/wp-json\/wp\/v2\/media?parent=129994"}],"wp:term":[{"taxonomy":"category","embeddable":true,"href":"https:\/\/www.europesays.com\/es\/wp-json\/wp\/v2\/categories?post=129994"},{"taxonomy":"post_tag","embeddable":true,"href":"https:\/\/www.europesays.com\/es\/wp-json\/wp\/v2\/tags?post=129994"}],"curies":[{"name":"wp","href":"https:\/\/api.w.org\/{rel}","templated":true}]}}