{"id":129998,"date":"2025-09-21T17:23:16","date_gmt":"2025-09-21T17:23:16","guid":{"rendered":"https:\/\/www.europesays.com\/es\/129998\/"},"modified":"2025-09-21T17:23:16","modified_gmt":"2025-09-21T17:23:16","slug":"comenzo-la-parte-final-los-jueves-en-las-virgenes","status":"publish","type":"post","link":"https:\/\/www.europesays.com\/es\/129998\/","title":{"rendered":"Comenz\u00f3 la parte final los jueves en Las V\u00edrgenes"},"content":{"rendered":"<p>Luego de la re\u00f1ida fase clasificatoria, los pibes de los jueves en Las V\u00edrgenes arrancaron la etapa de definiciones. Divididos en zona campeonato y zona BAJA, se desarrol\u00f3 la primera jornada.<\/p>\n<p><img loading=\"lazy\" decoding=\"async\" class=\"alignnone size-full wp-image-94062\" src=\"https:\/\/toquedeportivo.com\/wp-content\/uploads\/2025\/09\/LAS-VIRGENES-JUEVES-6\u00b0_10.jpg\" alt=\"\" width=\"800\" height=\"451\"  \/><img loading=\"lazy\" decoding=\"async\" class=\"alignnone size-full wp-image-94057\" src=\"https:\/\/toquedeportivo.com\/wp-content\/uploads\/2025\/09\/LAS-VIRGENES-JUEVES-6\u00b0_5.jpg\" alt=\"\" width=\"800\" height=\"450\"  \/><\/p>\n<p>En la zona campeonato, la Naranja Mec\u00e1nica arras\u00f3 a uno de los rivales m\u00e1s duros, Prokinesis, le gan\u00f3 con un contundente 3-0 para comenzar liderando.<\/p>\n<p><img loading=\"lazy\" decoding=\"async\" class=\"alignnone size-full wp-image-94055\" src=\"https:\/\/toquedeportivo.com\/wp-content\/uploads\/2025\/09\/LAS-VIRGENES-JUEVES-6\u00b0_3.jpg\" alt=\"\" width=\"800\" height=\"450\"  \/><img loading=\"lazy\" decoding=\"async\" class=\"alignnone size-full wp-image-94075\" src=\"https:\/\/toquedeportivo.com\/wp-content\/uploads\/2025\/09\/LAS-VIRGENES-JUEVES-6\u00b0_23.jpg\" alt=\"\" width=\"800\" height=\"451\"  \/><\/p>\n<p>Notthingam Miedo aprovech\u00f3 a un disminuido Lopecitoz, para llenarlo de goles y chichones a su arquero. Fue 7 a 0 y podr\u00edan haber sido varios m\u00e1s, etnrar a la cancha con uno o dos menos es una ventaja demasiado grande en este grupo donde se miden los mejores de la fase clasificatoria.<\/p>\n<p><img loading=\"lazy\" decoding=\"async\" class=\"alignnone size-full wp-image-94076\" src=\"https:\/\/toquedeportivo.com\/wp-content\/uploads\/2025\/09\/LAS-VIRGENES-JUEVES-6\u00b0_24.jpg\" alt=\"\" width=\"800\" height=\"452\"  \/><img loading=\"lazy\" decoding=\"async\" class=\"alignnone size-full wp-image-94093\" src=\"https:\/\/toquedeportivo.com\/wp-content\/uploads\/2025\/09\/LAS-VIRGENES-JUEVES-6\u00b0_41.jpg\" alt=\"\" width=\"800\" height=\"451\"  \/><\/p>\n<p>Por su parte Fetuccini le gan\u00f3 ajustadamente a Buenos Muchachos por 2 a 1 y se sum\u00f3 al tr\u00edo de punta.<\/p>\n<p>Por la zona BAJA, Distribuidora L\u00edder aplast\u00f3 a Good Pancho con un categ\u00f3rico 7 a 2 que lo ubica en lo m\u00e1s alto en este inicio, junto a Lubricantes Lucas, que tambi\u00e9n le gan\u00f3 con comodidad a F\u00fatbol y Brasas por 3 a 0, otro equipo disminuido por faltazos, luego de haber bajado al puntero en la fecha anterior.<\/p>\n<p><img loading=\"lazy\" decoding=\"async\" class=\"alignnone size-full wp-image-94101\" src=\"https:\/\/toquedeportivo.com\/wp-content\/uploads\/2025\/09\/LAS-VIRGENES-JUEVES-6\u00b0_49.jpg\" alt=\"\" width=\"800\" height=\"450\"  \/><img loading=\"lazy\" decoding=\"async\" class=\"alignnone size-full wp-image-94104\" src=\"https:\/\/toquedeportivo.com\/wp-content\/uploads\/2025\/09\/LAS-VIRGENES-JUEVES-6\u00b0_52.jpg\" alt=\"\" width=\"800\" height=\"451\"  \/><\/p>\n<p>Para el final, en un partidazo, la victoria de Pilsan Electricidad sobre Transporte Bautista por 3 a 2, y en este grupo tambi\u00e9n qued\u00f3 con una terna de punteros.<\/p>\n<p><img loading=\"lazy\" decoding=\"async\" class=\"alignnone size-full wp-image-94114\" src=\"https:\/\/toquedeportivo.com\/wp-content\/uploads\/2025\/09\/LAS-VIRGENES-JUEVES-6\u00b0_62.jpg\" alt=\"\" width=\"800\" height=\"450\"  \/><img loading=\"lazy\" decoding=\"async\" class=\"alignnone size-full wp-image-94092\" src=\"https:\/\/toquedeportivo.com\/wp-content\/uploads\/2025\/09\/LAS-VIRGENES-JUEVES-6\u00b0_40.jpg\" alt=\"\" width=\"800\" height=\"450\"  \/><img loading=\"lazy\" decoding=\"async\" class=\"alignnone size-full wp-image-94071\" src=\"https:\/\/toquedeportivo.com\/wp-content\/uploads\/2025\/09\/LAS-VIRGENES-JUEVES-6\u00b0_19.jpg\" alt=\"\" width=\"800\" height=\"451\"  \/><\/p>\n<p>Goleadores<\/p>\n<p>Zona Campeonato: Gustavo Carretero (Los Chicos) 7 goles<\/p>\n<p>Zona BAJA: Danilo Artero (Buenos Muchachos) 7 goles<\/p>\n<p><img loading=\"lazy\" decoding=\"async\" class=\"alignnone size-full wp-image-94084\" src=\"https:\/\/toquedeportivo.com\/wp-content\/uploads\/2025\/09\/LAS-VIRGENES-JUEVES-6\u00b0_32.jpg\" alt=\"\" width=\"800\" height=\"451\"  \/><img loading=\"lazy\" decoding=\"async\" class=\"alignnone size-full wp-image-94078\" src=\"https:\/\/toquedeportivo.com\/wp-content\/uploads\/2025\/09\/LAS-VIRGENES-JUEVES-6\u00b0_26.jpg\" alt=\"\" width=\"800\" height=\"450\"  \/><img loading=\"lazy\" decoding=\"async\" class=\"alignnone size-full wp-image-94067\" src=\"https:\/\/toquedeportivo.com\/wp-content\/uploads\/2025\/09\/LAS-VIRGENES-JUEVES-6\u00b0_15.jpg\" alt=\"\" width=\"800\" height=\"451\"  \/><\/p>\n<p>Posiciones<\/p>\n<p><img loading=\"lazy\" decoding=\"async\" class=\"alignnone size-full wp-image-94027\" src=\"https:\/\/www.europesays.com\/es\/wp-content\/uploads\/2025\/09\/image002-6.png\" alt=\"\" width=\"315\" height=\"337\"\/><\/p>\n<p><img loading=\"lazy\" decoding=\"async\" class=\"alignnone size-full wp-image-94058\" src=\"https:\/\/toquedeportivo.com\/wp-content\/uploads\/2025\/09\/LAS-VIRGENES-JUEVES-6\u00b0_6.jpg\" alt=\"\" width=\"800\" height=\"451\"  \/><img loading=\"lazy\" decoding=\"async\" class=\"alignnone size-full wp-image-94064\" src=\"https:\/\/toquedeportivo.com\/wp-content\/uploads\/2025\/09\/LAS-VIRGENES-JUEVES-6\u00b0_12.jpg\" alt=\"\" width=\"800\" height=\"451\"  \/><\/p>\n<p>Pr\u00f3xima fecha 2\u00b0<br \/>\nZona Campeonato<\/p>\n<p>Los Chicos vs. B. Muchachos<\/p>\n<p>Notthingam Miedo vs. Prokinesis<\/p>\n<p>Lopecitoz vs. Fetuccini<\/p>\n<p>Zona BAJA<\/p>\n<p>Pilsan vs. Good Pancho<\/p>\n<p>F\u00fatbol y Brasa vs. T. Bautista<\/p>\n<p>Lubricantes Lucas vs. D. L\u00edder<\/p>\n<p>Galer\u00eda<\/p>\n<p><a target=\"_blank\" href=\"\" title=\"layunta\"><img decoding=\"async\" src=\"https:\/\/www.europesays.com\/es\/wp-content\/uploads\/2025\/09\/1758475396_760_layunta.gif\" title=\"layunta\"\/><\/a><\/p>\n","protected":false},"excerpt":{"rendered":"Luego de la re\u00f1ida fase clasificatoria, los pibes de los jueves en Las V\u00edrgenes arrancaron la etapa de&hellip;\n","protected":false},"author":2,"featured_media":129999,"comment_status":"","ping_status":"","sticky":false,"template":"","format":"standard","meta":{"footnotes":""},"categories":[278],"tags":[376,168,25,24,375,23,167],"class_list":{"0":"post-129998","1":"post","2":"type-post","3":"status-publish","4":"format-standard","5":"has-post-thumbnail","7":"category-balonmano","8":"tag-balonmano","9":"tag-deportes","10":"tag-es","11":"tag-espana","12":"tag-handball","13":"tag-spain","14":"tag-sports"},"share_on_mastodon":{"url":"","error":""},"_links":{"self":[{"href":"https:\/\/www.europesays.com\/es\/wp-json\/wp\/v2\/posts\/129998","targetHints":{"allow":["GET"]}}],"collection":[{"href":"https:\/\/www.europesays.com\/es\/wp-json\/wp\/v2\/posts"}],"about":[{"href":"https:\/\/www.europesays.com\/es\/wp-json\/wp\/v2\/types\/post"}],"author":[{"embeddable":true,"href":"https:\/\/www.europesays.com\/es\/wp-json\/wp\/v2\/users\/2"}],"replies":[{"embeddable":true,"href":"https:\/\/www.europesays.com\/es\/wp-json\/wp\/v2\/comments?post=129998"}],"version-history":[{"count":0,"href":"https:\/\/www.europesays.com\/es\/wp-json\/wp\/v2\/posts\/129998\/revisions"}],"wp:featuredmedia":[{"embeddable":true,"href":"https:\/\/www.europesays.com\/es\/wp-json\/wp\/v2\/media\/129999"}],"wp:attachment":[{"href":"https:\/\/www.europesays.com\/es\/wp-json\/wp\/v2\/media?parent=129998"}],"wp:term":[{"taxonomy":"category","embeddable":true,"href":"https:\/\/www.europesays.com\/es\/wp-json\/wp\/v2\/categories?post=129998"},{"taxonomy":"post_tag","embeddable":true,"href":"https:\/\/www.europesays.com\/es\/wp-json\/wp\/v2\/tags?post=129998"}],"curies":[{"name":"wp","href":"https:\/\/api.w.org\/{rel}","templated":true}]}}