{"id":130000,"date":"2025-09-21T17:24:08","date_gmt":"2025-09-21T17:24:08","guid":{"rendered":"https:\/\/www.europesays.com\/es\/130000\/"},"modified":"2025-09-21T17:24:08","modified_gmt":"2025-09-21T17:24:08","slug":"el-torero-serafin-marin-cogido-por-un-toro-en-las-ventas","status":"publish","type":"post","link":"https:\/\/www.europesays.com\/es\/130000\/","title":{"rendered":"El torero Seraf\u00edn Mar\u00edn, cogido por un toro en Las Ventas"},"content":{"rendered":"<p data-gtm-element-container=\"modulo-texto-link\" class=\"paragraph\">El torero catal\u00e1n Seraf\u00edn Mar\u00edn ha resultado dram\u00e1ticamente cogido por el primer toro de la corrida que se est\u00e1 desarrollando en Las Ventas.<\/p>\n<p data-gtm-element-container=\"modulo-texto-link\" class=\"paragraph\">El diestro de Montcada i Reixac, en el que era su primer paseillo de la temporada, recibi\u00f3 de capote al toro de la divisa de Monteviejo que abr\u00eda plaza y en la segunda ver\u00f3nica, por el pit\u00f3n derecho, sufri\u00f3 una colada siendo violentamente zarandeado  cayendo a plomo sobre la arena y all\u00ed el toro le busc\u00f3 con sa\u00f1a. Revuelo de capotes y ya en brazos de las asistencias, fue llevado a toda velocidad a la enfermer\u00eda.<\/p>\n<p data-gtm-element-container=\"modulo-texto-link\" class=\"paragraph\">Al parecer y seg\u00fan las primeras noticias, lleva una cornada en el muslo de la que est\u00e1 siendo operado por los servicios m\u00e9dicos de la plaza.<\/p>\n<p>    Lee tambi\u00e9n<\/p>\n<p data-gtm-element-container=\"modulo-texto-link\" class=\"paragraph\">El diestro mexicano Juan Pablo S\u00e1nchez se hizo cargo de la l\u00eddia de \u201cEstafador\u201d que as\u00ed se llamaba el toro, que result\u00f3 una prenda.<\/p>\n<p data-gtm-element-container=\"modulo-texto-link\" class=\"paragraph\">La corrida , desaf\u00edo ganadero entre Monteviejo y Partido de Resina , queda as\u00ed en un mano a mano entre S\u00e1nchez y Luis Gerpe.<\/p>\n<p data-gtm-element-container=\"modulo-texto-link\" class=\"paragraph\">Y todos pendientes de las noticias que lleguen de la enfermer\u00eda y de las que se informar\u00e1 oportunamente.<\/p>\n","protected":false},"excerpt":{"rendered":"El torero catal\u00e1n Seraf\u00edn Mar\u00edn ha resultado dram\u00e1ticamente cogido por el primer toro de la corrida que se&hellip;\n","protected":false},"author":2,"featured_media":130001,"comment_status":"","ping_status":"","sticky":false,"template":"","format":"standard","meta":{"footnotes":""},"categories":[277],"tags":[373,168,25,24,23,167,374],"class_list":{"0":"post-130000","1":"post","2":"type-post","3":"status-publish","4":"format-standard","5":"has-post-thumbnail","7":"category-toreo","8":"tag-bullfighting","9":"tag-deportes","10":"tag-es","11":"tag-espana","12":"tag-spain","13":"tag-sports","14":"tag-toreo"},"share_on_mastodon":{"url":"","error":""},"_links":{"self":[{"href":"https:\/\/www.europesays.com\/es\/wp-json\/wp\/v2\/posts\/130000","targetHints":{"allow":["GET"]}}],"collection":[{"href":"https:\/\/www.europesays.com\/es\/wp-json\/wp\/v2\/posts"}],"about":[{"href":"https:\/\/www.europesays.com\/es\/wp-json\/wp\/v2\/types\/post"}],"author":[{"embeddable":true,"href":"https:\/\/www.europesays.com\/es\/wp-json\/wp\/v2\/users\/2"}],"replies":[{"embeddable":true,"href":"https:\/\/www.europesays.com\/es\/wp-json\/wp\/v2\/comments?post=130000"}],"version-history":[{"count":0,"href":"https:\/\/www.europesays.com\/es\/wp-json\/wp\/v2\/posts\/130000\/revisions"}],"wp:featuredmedia":[{"embeddable":true,"href":"https:\/\/www.europesays.com\/es\/wp-json\/wp\/v2\/media\/130001"}],"wp:attachment":[{"href":"https:\/\/www.europesays.com\/es\/wp-json\/wp\/v2\/media?parent=130000"}],"wp:term":[{"taxonomy":"category","embeddable":true,"href":"https:\/\/www.europesays.com\/es\/wp-json\/wp\/v2\/categories?post=130000"},{"taxonomy":"post_tag","embeddable":true,"href":"https:\/\/www.europesays.com\/es\/wp-json\/wp\/v2\/tags?post=130000"}],"curies":[{"name":"wp","href":"https:\/\/api.w.org\/{rel}","templated":true}]}}