{"id":130006,"date":"2025-09-21T17:29:08","date_gmt":"2025-09-21T17:29:08","guid":{"rendered":"https:\/\/www.europesays.com\/es\/130006\/"},"modified":"2025-09-21T17:29:08","modified_gmt":"2025-09-21T17:29:08","slug":"la-desesperacion-de-fernando-alonso-en-baku-creo-que-no-estais-entendiendo-lo-mala-que-es-la-situacion-el-mundo","status":"publish","type":"post","link":"https:\/\/www.europesays.com\/es\/130006\/","title":{"rendered":"La desesperaci\u00f3n de Fernando Alonso en Bak\u00fa: &quot;Creo que no est\u00e1is entendiendo lo mala que es la situaci\u00f3n&quot; &#8211; El Mundo"},"content":{"rendered":"<ol>\n<li><a href=\"https:\/\/news.google.com\/rss\/articles\/CBMiigFBVV95cUxQVXpNLW9ubzQyYzJJbFBJaEEtQkVoenNQSFVsU3NPZnVWTVJqOEdoWElseEpYQkk5VWZ3b3ZiMW1QU2xtRjZXblZ0TWN0YjdJOVpWcE0zd2VTUURPMkJ4T3hUSk42TWpXQkJZWlBfZmNwVWtQQU0yN2FoMkFRVHdYdEVYQ3U3LXRlcXfSAYoBQVVfeXFMT05BRUhFaGFlSl9xYTJKYm9mTXoyYU5sNEVTOGxodDFNcDBPVjhiaEFfWFRVb3ptQ1dobm1RQ1Z3bVpGbUs0OEpPVXIycVBaelVNLXJ5QnpmZzZueUh0NFRMVUhNZFB6M0N3VXdOX2ZwQkkzbzdjYnBTdFlnOXctdFJza1VpRjRSR3ZR?oc=5\" target=\"_blank\" rel=\"nofollow noopener\">La desesperaci\u00f3n de Fernando Alonso en Bak\u00fa: \u00abCreo que no est\u00e1is entendiendo lo mala que es la situaci\u00f3n\u00bb<\/a>&nbsp;&nbsp;El Mundo<\/li>\n<li><a href=\"https:\/\/news.google.com\/rss\/articles\/CBMimwFBVV95cUxNSGl4LXk3MnNGODR1ZEpyY0trcWNkWlU1ZV9VSXp4d2NfQ1MtY1JKbDdOb0xkbXBnSW8zY0tXUF83VTZjXy1WWlFQOUk5OFdkVGFBdHhZUFR1cDlRQS10c0lwb2FsVjRiOUFOT2pKUVhRYVRRWDBZeDVZcW1XaXpNMF9QZXQ4M1kzUGtUTGdtejdQc0Q3Y1Y1eXF1d9IBrwFBVV95cUxPZjAxa2ZhUGZraW1nZEtoekltUlNIdUFOdnJKcHJFOV9vbVN4bElDbEZXRl9tRmJTN1JfNTZqMmw1RFFjeHVvR3NNVVhNaWdwdXNzVlRBbFl2eWFCWXp4dEs2WTJwdjczSUR0SnY3aXN5ZUhVTGQ4dllXN1pWQ2p0b1Y3ekZRTjBTd0JrSFZoSG9hYmZ6c1dVc0ZtTjA3SWhCRVJOV042UkVLOG1kMUVz?oc=5\" target=\"_blank\" rel=\"nofollow noopener\">Alonso se reencuentra con el peor Aston: \u201cLa anomal\u00eda fue Monza\u201d<\/a>&nbsp;&nbsp;Diario AS<\/li>\n<li><a href=\"https:\/\/news.google.com\/rss\/articles\/CBMi4wFBVV95cUxOUnFURGczWFFsQWQ2SmE2c3pqZ2RrcnptQlFyTFgwaTZQdTZCZGp6TXplS3ZuaVI1ekJXMldSbm1rRFJoTmZVMTZ4X2NSbnE1c2w4bkx3aEwtczRsYlpYQkRlb3d6OGlPcUxhWUdaQzZEVHpXbmgtcTdEN1MyWDRlcF9UWWhzWVF6SG9IdW5tblpCenU0M3FWRjhpaXhnSm9IbU5NTHl0VlY1Rjg1dzZkR21PY2d0QmxvN1NNX1NmVlIzRWtvUVVqWXdBcmE1YktjOVNwS19uV0NxUUJYaFlOeWNfRdIB4wFBVV95cUxOVERldTY2cXNZdFFtdDU1eHMzZUhwX1pQOU9xUGJZNmh1NlhPbGZKbmRiY0p3Q09JODJVVGxGclJJclVTUzJ2OUlRZHo2MFZUdmNudUJtWGVQempKSEhSYTdGZHFjR2JoSGtnSlIzRUg5RFRpU1AzNFJYd0MzQWRRZE0teEFyMUV3NDhxZ2pXUDlJbXo5cnhETTh1amw1Sl9QQ1U2ZEpmWEc3Z1p3NUo5SG44N3ZXSUVPRWhVQWs3ZmlxTGh3NkJlR2s0MkoyNVFyMlc1ZzlvZG05ekVYUmtGdUp5QQ?oc=5\" target=\"_blank\" rel=\"nofollow noopener\">Alonso y un d\u00eda de sufrimiento: \u00abSi salgo delante, pasan cosas; si salgo detr\u00e1s, pues 51 vueltas en cola\u00bb<\/a>&nbsp;&nbsp;MARCA<\/li>\n<li><a href=\"https:\/\/news.google.com\/rss\/articles\/CBMiswFBVV95cUxNODJ5LXFUZURqQUlydDQ2dDZVVmJJM3l5TE14SmdLSXpkbTNMWXNXdjR1MXd6WHhTUU5LMkZfX3BGenRfYVFJSloweTNOVW1reTZFTWpiT3Rib2VrbUtTQjdacW5BT2hMUHd1Z1hrNFFnY1VLMTR6Wi1PTW90LUlnNkpkRjZYS3B0Y2ZTS2ZhTkZEaklrbjFzNk50YXJSQURKSmlicFhhZVc0OGxDRTh3MEk2QdIBuAFBVV95cUxNYW1uZ2pJUktNVEVfeHlsdVZyR28yRkpRSXNqZXpqbUI5dlZ5a2tsbVF3VTdPYTFuM25ZVzlzQmUzZ1Nld1BIUUVOTVZGZGxJT1NXNzQzZkdwbmpoRlhwRVhrdUVsaFEzNGlkemd0QnRXcDllbXNVamo2SmU2a3FWTzhnOG5mMHhaYi0xcV9ndFYxWlNfVkFCQjI3Zlh0X0oxMVZWQXlNQ24tZ29LWlBLQkxuVmhTdUpv?oc=5\" target=\"_blank\" rel=\"nofollow noopener\">Alonso reconoce que \u00abno ten\u00edan ritmo\u00bb en Bak\u00fa: \u00abSomos el \u00faltimo coche de la parrilla\u00bb<\/a>&nbsp;&nbsp;SoyMotor.com<\/li>\n<li><a href=\"https:\/\/news.google.com\/rss\/articles\/CBMi2gFBVV95cUxOWHowMzc5Znk1dW5xbk9MQjdsZkp4cldTeFh6SnQwVkgzc1dXZ1A4bFNoUjdMeTIySG5kMW9CV2tncUxSZ0lIalBlZU43NmRzM1RlV1JpZV9oUlNuOG1uaEI2VmFkcnI4eFYzWHVsdkZIekZMNXlFQTA5VUZyTWlEcGNKdWJ4OXgwcEg0RU1lck9jUFc4QXJrU0gtYUhjdDU4MTZYbGxOd0EwY18yQzIxa2NnWkxHdmtrbWp6Wmo3ZkdvaGpZZ2FVaXR5bk1BSEw5ZmV0Yy1MSzF3QdIB2gFBVV95cUxObHJvY0xEQ09ueXozZzFnSjRuT1VhaUVyQzNiNzQ2MUlwZ2tJeWp3TzQzV0R6QjFTY1BPbUc1N0paeERjT2s1Nm90REhhcVpPYnpQUURUcGlrU0JUdXYyU0piaGQtdDJNM09YbEZMUDQ2enVlZFJKQ0NYLTV6WGhqTTI5cVZpUUFMamJiNVVGdE5IMEo0ekR6QzNyNC1ncHRYYS1VRW5pNzBaenRsRU5YMk5pN01zWi1nZV9PTnlMekRtVk8weUltdjdGajZ5Ui1kNUxsYVFjOVAyQQ?oc=5\" target=\"_blank\" rel=\"nofollow noopener\">La sanci\u00f3n que se le impuso a Alonso en Bak\u00fa&#8230;\u00a1por culpa de Piastri!<\/a>&nbsp;&nbsp;LaSexta<\/li>\n<\/ol>\n","protected":false},"excerpt":{"rendered":"La desesperaci\u00f3n de Fernando Alonso en Bak\u00fa: \u00abCreo que no est\u00e1is entendiendo lo mala que es la situaci\u00f3n\u00bb&nbsp;&nbsp;El&hellip;\n","protected":false},"author":2,"featured_media":130007,"comment_status":"","ping_status":"","sticky":false,"template":"","format":"standard","meta":{"footnotes":""},"categories":[270],"tags":[168,4531,25,24,306,2096,271,272,40767,23,167],"class_list":{"0":"post-130006","1":"post","2":"type-post","3":"status-publish","4":"format-standard","5":"has-post-thumbnail","7":"category-formula-1","8":"tag-deportes","9":"tag-deportes-formula-1","10":"tag-es","11":"tag-espana","12":"tag-f1","13":"tag-fernando-alonso","14":"tag-formula-1","15":"tag-formula1","16":"tag-gp-azerbaiyan-f1","17":"tag-spain","18":"tag-sports"},"share_on_mastodon":{"url":"","error":""},"_links":{"self":[{"href":"https:\/\/www.europesays.com\/es\/wp-json\/wp\/v2\/posts\/130006","targetHints":{"allow":["GET"]}}],"collection":[{"href":"https:\/\/www.europesays.com\/es\/wp-json\/wp\/v2\/posts"}],"about":[{"href":"https:\/\/www.europesays.com\/es\/wp-json\/wp\/v2\/types\/post"}],"author":[{"embeddable":true,"href":"https:\/\/www.europesays.com\/es\/wp-json\/wp\/v2\/users\/2"}],"replies":[{"embeddable":true,"href":"https:\/\/www.europesays.com\/es\/wp-json\/wp\/v2\/comments?post=130006"}],"version-history":[{"count":0,"href":"https:\/\/www.europesays.com\/es\/wp-json\/wp\/v2\/posts\/130006\/revisions"}],"wp:featuredmedia":[{"embeddable":true,"href":"https:\/\/www.europesays.com\/es\/wp-json\/wp\/v2\/media\/130007"}],"wp:attachment":[{"href":"https:\/\/www.europesays.com\/es\/wp-json\/wp\/v2\/media?parent=130006"}],"wp:term":[{"taxonomy":"category","embeddable":true,"href":"https:\/\/www.europesays.com\/es\/wp-json\/wp\/v2\/categories?post=130006"},{"taxonomy":"post_tag","embeddable":true,"href":"https:\/\/www.europesays.com\/es\/wp-json\/wp\/v2\/tags?post=130006"}],"curies":[{"name":"wp","href":"https:\/\/api.w.org\/{rel}","templated":true}]}}