{"id":130011,"date":"2025-09-21T17:32:12","date_gmt":"2025-09-21T17:32:12","guid":{"rendered":"https:\/\/www.europesays.com\/es\/130011\/"},"modified":"2025-09-21T17:32:12","modified_gmt":"2025-09-21T17:32:12","slug":"carlos-iii-visita-a-ethel-catherham-la-mujer-mas-longeva-del-mundo-de-116-anos","status":"publish","type":"post","link":"https:\/\/www.europesays.com\/es\/130011\/","title":{"rendered":"Carlos III visita a Ethel Catherham, la mujer m\u00e1s longeva del mundo, de 116 a\u00f1os"},"content":{"rendered":"<p><a href=\"https:\/\/www.huffingtonpost.es\/life\/influencers-celebrities\/carlos-iii-habla-salud-prepara-acercamiento-harry-momento-duro-familia-real.html\" target=\"_blank\" rel=\"nofollow noopener\">El rey Carlos III del Reino Unido<\/a> visit\u00f3 esta semana a Ethel Catherham, la persona m\u00e1s longeva del planeta, con 116 a\u00f1os, en la residencia de ancianos donde vive en Lightwater (Surrey), seg\u00fan informaron medios brit\u00e1nicos este domingo y recoge EFE.\u00a0Ethel Catherham es la \u00faltima superviviente <b>de la era del rey Eduardo VII,<\/b> quien falleci\u00f3 en 2010.<\/p>\n<p>El encuentro, que tuvo lugar el jueves, ocurri\u00f3 justo despu\u00e9s de que el monarca despidiera al presidente de EEUU, <a href=\"https:\/\/www.huffingtonpost.es\/virales\/anna-bosch-define-tres-adjetivos-esta-ocurriendo-visita-trump-castillo-windsor.html\" target=\"_blank\" rel=\"nofollow noopener\">Donald Trump, en el castillo de Windsor,<\/a> como parte de su visita de Estado al Reino Unido, aunque el encuentro con Catherham no se hab\u00eda hecho p\u00fablico hasta ahora.<\/p>\n<p>Durante la visita, el rey Carlos se acerc\u00f3 a Ethel y le cogi\u00f3 la mano. La anciana, que cumpli\u00f3 116 a\u00f1os el pasado mes de agosto, sorprendi\u00f3 al monarca al recordarle que <b>estuvo presente cuando la reina Isabel II lo invest\u00eda como pr\u00edncipe de Gales en 1969<\/b>, cuando Carlos ten\u00eda 21 a\u00f1os.\u00a0Con humor, Ethel a\u00f1adi\u00f3: \u00abY todas las chicas estaban enamoradas de ti y quer\u00edan casarse contigo\u00bb, lo que provoc\u00f3 una risa por parte del monarca.<\/p>\n<p>Nacida el 21 de agosto de 1909, Ethel Catherham se convirti\u00f3 en la persona m\u00e1s longeva del mundo en abril de este a\u00f1o, tras el fallecimiento de la monja brasile\u00f1a Inah Canbarro Lucas, quien tambi\u00e9n ten\u00eda 116 a\u00f1os.<\/p>\n","protected":false},"excerpt":{"rendered":"El rey Carlos III del Reino Unido visit\u00f3 esta semana a Ethel Catherham, la persona m\u00e1s longeva del&hellip;\n","protected":false},"author":2,"featured_media":130012,"comment_status":"","ping_status":"","sticky":false,"template":"","format":"standard","meta":{"footnotes":""},"categories":[174],"tags":[13483,255,146,147,25,24,256,23],"class_list":{"0":"post-130011","1":"post","2":"type-post","3":"status-publish","4":"format-standard","5":"has-post-thumbnail","7":"category-famosos","8":"tag-carlos-iii","9":"tag-celebrities","10":"tag-entertainment","11":"tag-entretenimiento","12":"tag-es","13":"tag-espana","14":"tag-famosos","15":"tag-spain"},"share_on_mastodon":{"url":"","error":""},"_links":{"self":[{"href":"https:\/\/www.europesays.com\/es\/wp-json\/wp\/v2\/posts\/130011","targetHints":{"allow":["GET"]}}],"collection":[{"href":"https:\/\/www.europesays.com\/es\/wp-json\/wp\/v2\/posts"}],"about":[{"href":"https:\/\/www.europesays.com\/es\/wp-json\/wp\/v2\/types\/post"}],"author":[{"embeddable":true,"href":"https:\/\/www.europesays.com\/es\/wp-json\/wp\/v2\/users\/2"}],"replies":[{"embeddable":true,"href":"https:\/\/www.europesays.com\/es\/wp-json\/wp\/v2\/comments?post=130011"}],"version-history":[{"count":0,"href":"https:\/\/www.europesays.com\/es\/wp-json\/wp\/v2\/posts\/130011\/revisions"}],"wp:featuredmedia":[{"embeddable":true,"href":"https:\/\/www.europesays.com\/es\/wp-json\/wp\/v2\/media\/130012"}],"wp:attachment":[{"href":"https:\/\/www.europesays.com\/es\/wp-json\/wp\/v2\/media?parent=130011"}],"wp:term":[{"taxonomy":"category","embeddable":true,"href":"https:\/\/www.europesays.com\/es\/wp-json\/wp\/v2\/categories?post=130011"},{"taxonomy":"post_tag","embeddable":true,"href":"https:\/\/www.europesays.com\/es\/wp-json\/wp\/v2\/tags?post=130011"}],"curies":[{"name":"wp","href":"https:\/\/api.w.org\/{rel}","templated":true}]}}