{"id":130013,"date":"2025-09-21T17:38:16","date_gmt":"2025-09-21T17:38:16","guid":{"rendered":"https:\/\/www.europesays.com\/es\/130013\/"},"modified":"2025-09-21T17:38:16","modified_gmt":"2025-09-21T17:38:16","slug":"movistar-plus-lanza-el-ultimo-bombazo-del-cine-espanol-solo-3-meses-despues-de-su-estreno-en-cines","status":"publish","type":"post","link":"https:\/\/www.europesays.com\/es\/130013\/","title":{"rendered":"Movistar Plus+ lanza el \u00faltimo bombazo del cine espa\u00f1ol solo 3 meses despu\u00e9s de su estreno en cines"},"content":{"rendered":"<p>Muchas veces no reconocemos el valor de nuestro propio cine, y tienen que venir de fuera a demostrar que lo que hacemos aqu\u00ed es bueno y se merece reconocimiento. Y en este grupo de grandes pel\u00edculas que triunfan fuera de nuestras fronteras se encuentra <strong>&#8216;Sir\u00e2t&#8217;, la \u00faltima pel\u00edcula de Oliver Laxe<\/strong>, y que ha elegido la Academia de Cine para representarnos en los Oscar del a\u00f1o que viene. <\/p>\n<p>La pel\u00edcula gan\u00f3 este a\u00f1o en Cannes el prestigioso Premio del Jurado, y no es para menos, porque la cinta de Oliver Laxe ha sido un aut\u00e9ntico fen\u00f3meno este a\u00f1o. <strong>Lleva casi 3 millones de recaudaci\u00f3n en taquilla<\/strong>, desde su estreno en cines en el mes de junio, y es que en Francia, que acaba de estrenarse, ya se ha colocado en el top3 de pel\u00edculas en el pa\u00eds galo. Un \u00e9xito incre\u00edble, y normal, porque la pel\u00edcula es diferente, es original, y es una muestra de la diversidad de nuestro cine. Protagonizada por Sergi L\u00f3pez, nos mete de lleno en una rave en Marruecos, y la historia va girando en torno a diferentes g\u00e9neros continuamente. Tampoco podemos hablar mucho de la trama, porque est\u00e1 repleta de plot twists que es imposible anticipar.<\/p>\n<p><strong>&#8216;Sir\u00e2t&#8217; estaba preseleccionada junto a &#8216;Romer\u00eda&#8217; de Carla Sim\u00f3n, y &#8216;Sorda&#8217; de Eva Libertad.<\/strong> Y este mi\u00e9rcoles 17 de septiembre se ha impuesto a sus competidoras para que nuestra Academia la env\u00ede a Hollywood. Pero esto no ha hecho m\u00e1s que empezar, porque los miembros de la Academia que entrega los Premios Oscar tendr\u00e1n que seleccionarla de entre cerca de 100 participantes. Se establecer\u00e1 una lista de 15 finalistas, que ver\u00e1n todos los miembros y, de ah\u00ed, surgir\u00e1 la lista final de 5 nominadas a <strong>Mejor Pel\u00edcula Internacional<\/strong>. La \u00faltima cinta espa\u00f1ola que consigui\u00f3 semejante hito fue &#8216;<a href=\"https:\/\/eltelevisero.huffingtonpost.es\/2024\/09\/esta-pelicula-espanola-es-la-mas-vista-en-netflix-en-lo-que-va-de-2024-y-no-es-as-bestas\/\" rel=\"nofollow noopener\" target=\"_blank\">La sociedad de la nieve<\/a>&#8216;, de J.A. Bayona, en 2023.<\/p>\n<p><img loading=\"lazy\" decoding=\"async\" width=\"1200\" height=\"675\" src=\"data:image\/svg+xml,%3Csvg%20xmlns=\" http:=\"\" alt=\"\" class=\"wp-image-894677\" data-lazy- data-lazy- data-lazy-src=\"https:\/\/www.europesays.com\/es\/wp-content\/uploads\/2025\/09\/sirart-pelicula.jpg\"\/>Sergi L\u00f3pez es el protagonista de &#8216;Sir\u00e2t&#8217;.<\/p>\n<p>La pel\u00edcula de Oliver Laxe sigue actualmente en los cines, <strong>manteni\u00e9ndose en el top10 cada semana, y ahora mismo, siendo la 5\u00aa pel\u00edcula espa\u00f1ola m\u00e1s taquillera del a\u00f1o<\/strong> (una lista que lidera &#8216;Padre no hay m\u00e1s que uno 5&#8217;, con m\u00e1s de 13 millones recaudados). Pero a partir de este viernes, 19 de septiembre, tambi\u00e9n puede verse ya gratis en Movistar Plus+.<\/p>\n<p>\u00abEs muy dif\u00edcil hablar de todas las capas e ideas de las que parte esta pel\u00edcula, pero te dir\u00e9 que yo, como persona, <strong>me obligo a meditar sobre la muerte<\/strong>\u00ab, explic\u00f3 su director en una entrevista para Esquire. \u00abEs algo que me preocupa, que configura mi psicolog\u00eda, mi espiritualidad. Y he entendido que tanto para m\u00ed como para el espectador es bueno volver a realizar esos ceremoniales, esos ritos de paz en los que uno puede experimentar la muerte y, gracias a ello, tener un di\u00e1logo m\u00e1s fino y cristalino con la vida\u00bb.<\/p>\n<p><strong>Hasta el propio Carlos Boyero, el conocido como &#8216;cr\u00edtico m\u00e1s duro de nuestro pa\u00eds&#8217;, elogi\u00f3 la pel\u00edcula<\/strong>, sinti\u00e9ndose totalmente fascinado por el juego planteado por el cineasta gallego. \u00abEs extra\u00f1a en el mejor sentido. No me distraigo\u00bb, cont\u00f3 en su cr\u00edtica para &#8216;El Pa\u00eds&#8217;. \u00abSe adue\u00f1a la fascinaci\u00f3n ante el poder\u00edo visual de lo que transmite la pantalla, los sonidos se convierten en una sinfon\u00eda\u00bb<\/p>\n<p><strong>\u00bfDe qu\u00e9 va &#8216;Sir\u00e2t&#8217;?<\/strong><\/p>\n<p>Un hombre y su hijo llegan a una rave perdida en Marruecos. Buscan a Mar, su hija y hermana, desaparecida hace meses en una de esas fiestas sin amanecer. Reparten su foto una y otra vez rodeados de m\u00fasica electr\u00f3nica y un tipo de libertad que desconocen. Conocen a un grupo de raveros y deciden seguirlos a una \u00faltima fiesta que se celebrar\u00e1 en el desierto, donde esperan encontrar a la joven desaparecida.<\/p>\n","protected":false},"excerpt":{"rendered":"Muchas veces no reconocemos el valor de nuestro propio cine, y tienen que venir de fuera a demostrar&hellip;\n","protected":false},"author":2,"featured_media":130014,"comment_status":"","ping_status":"","sticky":false,"template":"","format":"standard","meta":{"footnotes":""},"categories":[169],"tags":[177,146,147,25,24,176,175,23],"class_list":{"0":"post-130013","1":"post","2":"type-post","3":"status-publish","4":"format-standard","5":"has-post-thumbnail","7":"category-cine","8":"tag-cine","9":"tag-entertainment","10":"tag-entretenimiento","11":"tag-es","12":"tag-espana","13":"tag-film","14":"tag-movies","15":"tag-spain"},"share_on_mastodon":{"url":"","error":""},"_links":{"self":[{"href":"https:\/\/www.europesays.com\/es\/wp-json\/wp\/v2\/posts\/130013","targetHints":{"allow":["GET"]}}],"collection":[{"href":"https:\/\/www.europesays.com\/es\/wp-json\/wp\/v2\/posts"}],"about":[{"href":"https:\/\/www.europesays.com\/es\/wp-json\/wp\/v2\/types\/post"}],"author":[{"embeddable":true,"href":"https:\/\/www.europesays.com\/es\/wp-json\/wp\/v2\/users\/2"}],"replies":[{"embeddable":true,"href":"https:\/\/www.europesays.com\/es\/wp-json\/wp\/v2\/comments?post=130013"}],"version-history":[{"count":0,"href":"https:\/\/www.europesays.com\/es\/wp-json\/wp\/v2\/posts\/130013\/revisions"}],"wp:featuredmedia":[{"embeddable":true,"href":"https:\/\/www.europesays.com\/es\/wp-json\/wp\/v2\/media\/130014"}],"wp:attachment":[{"href":"https:\/\/www.europesays.com\/es\/wp-json\/wp\/v2\/media?parent=130013"}],"wp:term":[{"taxonomy":"category","embeddable":true,"href":"https:\/\/www.europesays.com\/es\/wp-json\/wp\/v2\/categories?post=130013"},{"taxonomy":"post_tag","embeddable":true,"href":"https:\/\/www.europesays.com\/es\/wp-json\/wp\/v2\/tags?post=130013"}],"curies":[{"name":"wp","href":"https:\/\/api.w.org\/{rel}","templated":true}]}}