{"id":130019,"date":"2025-09-21T17:41:14","date_gmt":"2025-09-21T17:41:14","guid":{"rendered":"https:\/\/www.europesays.com\/es\/130019\/"},"modified":"2025-09-21T17:41:14","modified_gmt":"2025-09-21T17:41:14","slug":"victoria-de-marichalar-desvela-en-emparejados-su-paranoia-y-que-estrella-internacional-no-la-reconocio","status":"publish","type":"post","link":"https:\/\/www.europesays.com\/es\/130019\/","title":{"rendered":"Victoria de Marichalar desvela en &#8216;Emparejados&#8217; su \u00abparanoia\u00bb y qu\u00e9 estrella internacional no la reconoci\u00f3"},"content":{"rendered":"<p class=\"article-text\">\n        <strong>Victoria de Marichalar y Borb\u00f3n<\/strong> pas\u00f3 este s\u00e1bado por el plat\u00f3 de <strong>Emparejados <\/strong>(Antena 3) junto a su buena amiga <strong>Rochi Laff\u00f3n<\/strong>. All\u00ed cont\u00f3 c\u00f3mo vive la presi\u00f3n de la fama y el hecho de estar sometida al escrutinio constante de la prensa del coraz\u00f3n. Sin embargo, hace ya tiempo que descubri\u00f3 que su popularidad no es universal.\n    <\/p>\n<p>    <a href=\"https:\/\/www.eldiario.es\/entrevistas\/laura-madrueno-habla-camaras-supervivientes-tension-estreno-afectan-audiencias_1_12615942.html\" data-mrf-recirculation=\"saber-mas\" data-dl-event=\"saber-mas\" rel=\"nofollow noopener\" target=\"_blank\"><\/p>\n<p class=\"know-more__title\">Laura Madrue\u00f1o habla tras las c\u00e1maras de &#8216;Supervivientes&#8217;: de la \u00abtensi\u00f3n\u00bb del estreno a lo que \u00abafectan\u00bb las audiencias<\/p>\n<p>            <img decoding=\"async\" class=\"lazy\" loading=\"lazy\" data-src=\"https:\/\/static.eldiario.es\/clip\/eaf90ef4-4bda-4715-b12b-e02b0fc5a18e_16-9-aspect-ratio_default_0.jpg\" src=\"data:image\/svg+xml,%3Csvg xmlns=\" http:=\"\" viewbox=\"0 0 880 495\" alt=\"Laura Madrue\u00f1o habla tras las c\u00e1maras de 'Supervivientes': de la &quot;tensi\u00f3n&quot; del estreno a lo que &quot;afectan&quot; las audiencias\"\/><\/p>\n<p>                        <\/a><\/p>\n<p class=\"article-text\">\n        \u201c\u00bfAlguna vez has reconocido a alguien y esa persona no te ha conocido a ti?\u201d, le preguntaron en el programa. <strong>\u201cRihanna\u201d, contest\u00f3 sin pens\u00e1rselo dos veces<\/strong>. Como cabr\u00eda suponer, la cantante de Barbados no hab\u00eda visto jam\u00e1s a la sobrina del rey de Espa\u00f1a. \u201cLa conoc\u00ed en un desfile en Par\u00eds e incluso le ped\u00ed una foto. No me pod\u00eda ir de ah\u00ed sin hacerme una foto con Rihanna\u201d, confes\u00f3 entusiasmada.\n    <\/p>\n<p class=\"article-text\">\n        \u201cNunca le he pedido una foto a nadie, solo a ella\u201d, aclar\u00f3 la hija de la infanta Elena, por lo que tuvo una \u201csensaci\u00f3n extra\u00f1a\u201d en esa circunstancia: \u201cNormalmente me piden las fotos a m\u00ed\u201d.\n    <\/p>\n<p>    <a href=\"https:\/\/www.eldiario.es\/vertele\/noticias\/bailando-con-las-estrellas-primer-eliminado-aless-gibaja-pepe-navarro_1_12619665.html\" data-mrf-recirculation=\"saber-mas-abajo\" data-dl-event=\"saber-mas-abajo\" rel=\"nofollow noopener\" target=\"_blank\"><\/p>\n<p class=\"know-more__title\">&#8216;Bailando con las estrellas&#8217; anunci\u00f3 a su primer eliminado, pero el ganador del duelo sigue en la cuerda floja<\/p>\n<p>            <img decoding=\"async\" class=\"lazy\" loading=\"lazy\" data-src=\"https:\/\/static.eldiario.es\/clip\/dda3eb31-343a-4d0a-bdb2-80efd9d2d6be_16-9-aspect-ratio_default_0.jpg\" src=\"data:image\/svg+xml,%3Csvg xmlns=\" http:=\"\" viewbox=\"0 0 880 495\" alt=\"'Bailando con las estrellas' anunci\u00f3 a su primer eliminado, pero el ganador del duelo sigue en la cuerda floja\"\/><\/p>\n<p>                        <\/a><\/p>\n<p class=\"article-text\">\n        Victoria Federica no destaca entre las celebrities internacionales, pero su cara es de sobra conocida en Espa\u00f1a. Acostumbrada a que la fotograf\u00eden en cada lugar y a escuchar cuchicheos a su alrededor, reconoce que esto le ha hecho desarrollar cierta \u201cparanoia\u201d entre las multitudes: <strong>\u201cAunque no me est\u00e9 observando nadie, me siento superobservada en todo momento\u201d<\/strong>.\n    <\/p>\n","protected":false},"excerpt":{"rendered":"Victoria de Marichalar y Borb\u00f3n pas\u00f3 este s\u00e1bado por el plat\u00f3 de Emparejados (Antena 3) junto a su&hellip;\n","protected":false},"author":2,"featured_media":130020,"comment_status":"","ping_status":"","sticky":false,"template":"","format":"standard","meta":{"footnotes":""},"categories":[91],"tags":[38552,146,147,25,24,41743,1016,41744,23,1261],"class_list":{"0":"post-130019","1":"post","2":"type-post","3":"status-publish","4":"format-standard","5":"has-post-thumbnail","7":"category-entretenimiento","8":"tag-emparejados","9":"tag-entertainment","10":"tag-entretenimiento","11":"tag-es","12":"tag-espana","13":"tag-federica-de-marichalar","14":"tag-fotos","15":"tag-rihanna","16":"tag-spain","17":"tag-victoria"},"share_on_mastodon":{"url":"","error":""},"_links":{"self":[{"href":"https:\/\/www.europesays.com\/es\/wp-json\/wp\/v2\/posts\/130019","targetHints":{"allow":["GET"]}}],"collection":[{"href":"https:\/\/www.europesays.com\/es\/wp-json\/wp\/v2\/posts"}],"about":[{"href":"https:\/\/www.europesays.com\/es\/wp-json\/wp\/v2\/types\/post"}],"author":[{"embeddable":true,"href":"https:\/\/www.europesays.com\/es\/wp-json\/wp\/v2\/users\/2"}],"replies":[{"embeddable":true,"href":"https:\/\/www.europesays.com\/es\/wp-json\/wp\/v2\/comments?post=130019"}],"version-history":[{"count":0,"href":"https:\/\/www.europesays.com\/es\/wp-json\/wp\/v2\/posts\/130019\/revisions"}],"wp:featuredmedia":[{"embeddable":true,"href":"https:\/\/www.europesays.com\/es\/wp-json\/wp\/v2\/media\/130020"}],"wp:attachment":[{"href":"https:\/\/www.europesays.com\/es\/wp-json\/wp\/v2\/media?parent=130019"}],"wp:term":[{"taxonomy":"category","embeddable":true,"href":"https:\/\/www.europesays.com\/es\/wp-json\/wp\/v2\/categories?post=130019"},{"taxonomy":"post_tag","embeddable":true,"href":"https:\/\/www.europesays.com\/es\/wp-json\/wp\/v2\/tags?post=130019"}],"curies":[{"name":"wp","href":"https:\/\/api.w.org\/{rel}","templated":true}]}}