{"id":130021,"date":"2025-09-21T17:42:09","date_gmt":"2025-09-21T17:42:09","guid":{"rendered":"https:\/\/www.europesays.com\/es\/130021\/"},"modified":"2025-09-21T17:42:09","modified_gmt":"2025-09-21T17:42:09","slug":"primeras-impresiones-del-nuevo-buque-insignia-de-apple","status":"publish","type":"post","link":"https:\/\/www.europesays.com\/es\/130021\/","title":{"rendered":"primeras impresiones del nuevo buque insignia de Apple"},"content":{"rendered":"<p data-start=\"606\" data-end=\"1083\">Desde Londres llegan las primeras impresiones del iPhone 17 Pro, el modelo m\u00e1s ambicioso de Apple para 2025. Con un acabado naranja \u201cc\u00f3smico\u201d que sorprende, un chasis que mezcla aluminio y Ceramic Shield y un m\u00f3dulo de c\u00e1maras m\u00e1s agresivo, el dispositivo no solo quiere llamar la atenci\u00f3n por fuera. En el interior, nuevas tecnolog\u00edas de refrigeraci\u00f3n y un sensor cuadrado para selfies anticipan un cambio de rumbo en la experiencia de uso.<\/p>\n<p>  Un dise\u00f1o que no pasa desapercibido <\/p>\n<p data-start=\"1132\" data-end=\"1538\">El color naranja se roba todas las miradas. Apple apuesta por una est\u00e9tica menos sobria en su gama Pro, y el resultado convence incluso a los m\u00e1s fieles al negro mate. El m\u00f3dulo de c\u00e1maras es m\u00e1s grande y recuerda a rivales de Android de gama alta.<br data-start=\"1380\" data-end=\"1383\"\/>El chasis vuelve al <a href=\"https:\/\/es.gizmodo.com\/asi-funciona-el-escudo-termico-que-permitira-a-la-sonda-1828328098\" rel=\"nofollow noopener\" target=\"_blank\">aluminio por cuestiones t\u00e9rmicas<\/a>, mientras que la trasera en Ceramic Shield ofrece un tacto agradable y mayor resistencia a ara\u00f1azos.<\/p>\n<p>  M\u00e1s grande, m\u00e1s pesado, pero igual de premium <\/p>\n<p data-start=\"1597\" data-end=\"1887\">Las diferencias respecto al iPhone 16 Pro son m\u00ednimas en dimensiones, aunque perceptibles: 0,4 mm m\u00e1s en altura y ancho, medio mil\u00edmetro extra de grosor y cinco gramos adicionales. El cambio de titanio a aluminio no resta sensaciones de gama alta, un terreno que Apple domina con soltura.<\/p>\n<blockquote class=\"twitter-tweet\" data-width=\"500\" data-dnt=\"true\">\n<p lang=\"en\" dir=\"ltr\">The camera vs the shots <br \/>London \ud83c\uddec\ud83c\udde7<\/p>\n<p>shot on iphone 17 Pro Max \ud83d\udd25by <a href=\"https:\/\/twitter.com\/MrYantastic?ref_src=twsrc%5Etfw\" rel=\"nofollow noopener\" target=\"_blank\">@MrYantastic<\/a> <a href=\"https:\/\/t.co\/qhV5Q79ZOD\" rel=\"nofollow\">pic.twitter.com\/qhV5Q79ZOD<\/a><\/p>\n<p>\u2014 shot on iphone \uf8ff (@yltech) <a href=\"https:\/\/twitter.com\/yltech\/status\/1968863214420017367?ref_src=twsrc%5Etfw\" rel=\"nofollow noopener\" target=\"_blank\">September 19, 2025<\/a><\/p>\n<\/blockquote>\n<p>   C\u00e1mara de vapor y el reto del calor <\/p>\n<p data-start=\"1936\" data-end=\"2262\">Por primera vez, Apple incorpora refrigeraci\u00f3n por c\u00e1mara de vapor, un <a href=\"https:\/\/es.gizmodo.com\/probamos-el-nothing-phone-1-un-movil-redondo-que-lo-1849198684\" rel=\"nofollow noopener\" target=\"_blank\">sistema presente en m\u00f3viles Android de alto rendimiento<\/a>. El objetivo: evitar sobrecalentamiento en tareas exigentes como juegos o grabaci\u00f3n de v\u00eddeo en 4K. El desaf\u00edo ser\u00e1 comprobar su eficacia con temperaturas veraniegas y cuando el terminal use funda.<\/p>\n<p>  C\u00e1maras m\u00e1s vers\u00e1tiles, pero sin r\u00e9cords en zoom <\/p>\n<p data-start=\"2324\" data-end=\"2616\">Los tres sensores cuentan con 48 megap\u00edxeles, lo que potencia sobre todo al telefoto. Ofrece zoom \u00f3ptico de 4 aumentos, hasta 8 aumentos con \u201ccalidad \u00f3ptica\u201d y un m\u00e1ximo de 40x en digital. Aunque el resultado es prometedor, no compite con los r\u00e9cords de zoom de rivales como Samsung o Vivo.<\/p>\n<p>  El sensor cuadrado: la innovaci\u00f3n inesperada <\/p>\n<p data-start=\"2674\" data-end=\"2980\">La novedad m\u00e1s disruptiva llega con la c\u00e1mara frontal: un sensor cuadrado que permite grabar en horizontal sujetando el m\u00f3vil en vertical. Una soluci\u00f3n simple, pero revolucionaria, que facilita selfies y v\u00eddeos sin girar el dispositivo. Seguramente se convierta en referencia<a href=\"https:\/\/es.gizmodo.com\/google-se-defiende-ante-la-ue-las-aplicaciones-android-1788808011\" rel=\"nofollow noopener\" target=\"_blank\"> para la competencia Android.<\/a><\/p>\n<blockquote class=\"twitter-tweet\" data-width=\"500\" data-dnt=\"true\">\n<p lang=\"ar\" dir=\"rtl\">\u0645\u0646 \u0642\u0644\u0628 \u0627\u0644\u0634\u0627\u0645 \ud83c\uddf8\ud83c\uddfe\u2728<br \/>\u0623\u0648\u0644 \u062a\u062c\u0631\u0628\u0629 \u0639\u0627\u0644\u0645\u064a\u0629 \u0644\u0643\u0627\u0645\u064a\u0631\u0627 iPhone 17 Pro \u0635\u0627\u0631\u062a \u0645\u0646 \u0623\u0631\u0636 \u0633\u0648\u0631\u064a\u0627 \u0627\u0644\u063a\u0646\u064a\u0629 \u0628\u062a\u0627\u0631\u064a\u062e\u0647\u0627 \u0648\u062b\u0642\u0627\u0641\u062a\u0647\u0627.. \u062a\u062c\u0631\u0628\u0629 \u0627\u0633\u062a\u062b\u0646\u0627\u0626\u064a\u0629 \u0648\u0645\u064f\u0630\u0647\u0644\u0629 \u062c\u0645\u0639\u062a \u0627\u0644\u062a\u0642\u0646\u064a\u0629 \u0628\u0631\u0648\u062d \u0627\u0644\u0645\u0643\u0627\u0646 \u2665\ufe0f. <a href=\"https:\/\/t.co\/QwCwmYjb90\" rel=\"nofollow\">pic.twitter.com\/QwCwmYjb90<\/a><\/p>\n<p>\u2014 \u0623\u064f\u0645\u064a\u0645 | Omimah (@OmimDesigner) <a href=\"https:\/\/twitter.com\/OmimDesigner\/status\/1968990726466814186?ref_src=twsrc%5Etfw\" rel=\"nofollow noopener\" target=\"_blank\">September 19, 2025<\/a><\/p>\n<\/blockquote>\n<p>   \u00bfMerece la pena el salto al Pro? <\/p>\n<p data-start=\"3026\" data-end=\"3356\">El iPhone 17 Pro apunta a un p\u00fablico que busca m\u00e1xima potencia y herramientas profesionales, como el soporte ProRes y ProRaw para v\u00eddeo y fotograf\u00eda. Sin embargo, el modelo base iPhone 17 recibe mejoras sustanciales \u2014pantalla ProMotion, telefoto y 256 GB de partida\u2014 que lo convierten en una opci\u00f3n muy atractiva a menor precio.<\/p>\n<p>  Un a\u00f1o clave para Apple <\/p>\n<p data-start=\"3393\" data-end=\"3711\">Apple quiere mantener la corona frente a una competencia Android cada vez m\u00e1s agresiva. El iPhone 17 Pro busca convencer a los m\u00e1s exigentes, mientras que el iPhone 17 est\u00e1ndar parece dise\u00f1ado para ser el superventas de la familia. La verdadera prueba llegar\u00e1 con los an\u00e1lisis a fondo y la respuesta de los usuarios.<\/p>\n<p data-start=\"3393\" data-end=\"3711\">Fuente: <a href=\"https:\/\/www.xataka.com\/\" rel=\"nofollow noopener\" target=\"_blank\">Xataka.<\/a><\/p>\n<p>                          <script async src=\"https:\/\/platform.twitter.com\/widgets.js\" charset=\"utf-8\"><\/script><\/p>\n","protected":false},"excerpt":{"rendered":"Desde Londres llegan las primeras impresiones del iPhone 17 Pro, el modelo m\u00e1s ambicioso de Apple para 2025.&hellip;\n","protected":false},"author":2,"featured_media":130022,"comment_status":"","ping_status":"","sticky":false,"template":"","format":"standard","meta":{"footnotes":""},"categories":[81],"tags":[119,123,124,25,24,117,121,122,23,118,120],"class_list":{"0":"post-130021","1":"post","2":"type-post","3":"status-publish","4":"format-standard","5":"has-post-thumbnail","7":"category-ciencia-y-tecnologia","8":"tag-ciencia","9":"tag-ciencia-y-tecnologia","10":"tag-cienciaytecnologia","11":"tag-es","12":"tag-espana","13":"tag-science","14":"tag-science-and-technology","15":"tag-scienceandtechnology","16":"tag-spain","17":"tag-technology","18":"tag-tecnologia"},"share_on_mastodon":{"url":"","error":""},"_links":{"self":[{"href":"https:\/\/www.europesays.com\/es\/wp-json\/wp\/v2\/posts\/130021","targetHints":{"allow":["GET"]}}],"collection":[{"href":"https:\/\/www.europesays.com\/es\/wp-json\/wp\/v2\/posts"}],"about":[{"href":"https:\/\/www.europesays.com\/es\/wp-json\/wp\/v2\/types\/post"}],"author":[{"embeddable":true,"href":"https:\/\/www.europesays.com\/es\/wp-json\/wp\/v2\/users\/2"}],"replies":[{"embeddable":true,"href":"https:\/\/www.europesays.com\/es\/wp-json\/wp\/v2\/comments?post=130021"}],"version-history":[{"count":0,"href":"https:\/\/www.europesays.com\/es\/wp-json\/wp\/v2\/posts\/130021\/revisions"}],"wp:featuredmedia":[{"embeddable":true,"href":"https:\/\/www.europesays.com\/es\/wp-json\/wp\/v2\/media\/130022"}],"wp:attachment":[{"href":"https:\/\/www.europesays.com\/es\/wp-json\/wp\/v2\/media?parent=130021"}],"wp:term":[{"taxonomy":"category","embeddable":true,"href":"https:\/\/www.europesays.com\/es\/wp-json\/wp\/v2\/categories?post=130021"},{"taxonomy":"post_tag","embeddable":true,"href":"https:\/\/www.europesays.com\/es\/wp-json\/wp\/v2\/tags?post=130021"}],"curies":[{"name":"wp","href":"https:\/\/api.w.org\/{rel}","templated":true}]}}