{"id":130025,"date":"2025-09-21T17:44:09","date_gmt":"2025-09-21T17:44:09","guid":{"rendered":"https:\/\/www.europesays.com\/es\/130025\/"},"modified":"2025-09-21T17:44:09","modified_gmt":"2025-09-21T17:44:09","slug":"ultima-hora-del-conflicto-en-oriente-proximo-en-directo-los-tanques-israelies-se-adentran-mas-en-ciudad-de-gaza-internacional","status":"publish","type":"post","link":"https:\/\/www.europesays.com\/es\/130025\/","title":{"rendered":"\u00daltima hora del conflicto en Oriente Pr\u00f3ximo, en directo | Los tanques israel\u00edes se adentran m\u00e1s en Ciudad de Gaza | Internacional"},"content":{"rendered":"<p class=\"ev-title\">Netanyahu afirma que \u201cno se establecer\u00e1 un Estado palestino\u201d y que anunciar\u00e1 la respuesta de Israel tras su reuni\u00f3n con Trump<\/p>\n<p>El anuncio del reconocimiento de Palestina por parte de varios pa\u00edses\u00a0era tan esperado como la reacci\u00f3n que ha generado en Israel. El primer ministro, Benjamin Netanyahu, lo ha calificado -como en casos anteriores- de \u201cenorme recompensa al terrorismo\u201d y ha adoptado un tono de reto: \u201cTengo otro mensaje para vosotros. No suceder\u00e1. No se crear\u00e1 un Estado Palestino al oeste del r\u00edo Jord\u00e1n\u201d.\u00a0<\/p>\n<p>El Ministerio israel\u00ed de Exteriores, que cada vez recurre a un lenguaje m\u00e1s racista e islam\u00f3fobo sobre la migraci\u00f3n y las comunidades musulmanas en Europa, ha lanzado un mensaje a los pa\u00edses de la Commonwealth: \u201cNo dej\u00e9is que la ideolog\u00eda yihadista dicte vuestras pol\u00edticas\u201d.<\/p>\n<p>M\u00e1s que las reacciones de este domingo, la clave est\u00e1 en la que Netanyahu ha adelantado que tomar\u00e1 dentro de unos d\u00edas, cuando regrese de entrevistarse con el presidente de Estados Unidos, Donald Trump. Es, en resumen, la anexi\u00f3n de Cisjordania con la bendici\u00f3n de la Casa Blanca, s\u00ed o no.<\/p>\n<p>Buena parte de su partido, el derechista Likud, la impulsa; y, por supuesto, sus ministros ultranacionalistas. Uno de ellos, Itamar Ben Gvir, ha pedido responder con \u201cla aplicaci\u00f3n inmediata de la soberan\u00eda en Judea y Samaria\u201d (el nombre b\u00edblico y con el que Israel denomina oficialmente a Cisjordania) y la \u201cdestrucci\u00f3n total\u201d de la Autoridad Nacional Palestina, que ejerce una soberan\u00eda limitada y menguante sobre una peque\u00f1a parte del territorio.<\/p>\n<p>Bezalel Smotrich, de Finanzas y con m\u00e1s peso en las decisiones, pide la anexi\u00f3n para \u201celiminar definitivamente de la agenda la idea insensata de un Estado palestino\u201d. Ha propuesto quedarse con el 82% de Cisjordania. Es decir, la mayor parte del territorio y el menor n\u00famero posible de palestinos, que se concentran en las ciudades que quedar\u00edan fuera. \u00a0<\/p>\n<p>En Israel, el rechazo no se limita a la derecha pol\u00edtica. Las cr\u00edticas de la oposici\u00f3n este domingo a Netanyahu se centran en el aislamiento al que conduce al pa\u00eds. De hecho, todos los partidos jud\u00edos del Parlamento votaron el a\u00f1o pasado en contra de la creaci\u00f3n de un Estado palestino. Tambi\u00e9n se ha sumado a la condena el foro que representa a los familiares de los 48 rehenes a\u00fan en Gaza. Consideran que \u201ctodo debate sobre el reconocimiento de un Estado palestino\u201d deber\u00eda haber \u201cestado sujeto\u201d a su liberaci\u00f3n previa por Ham\u00e1s.\u00a0<\/p>\n<p>En Ramala, el presidente de la Autoridad Nacional Palestina, Mahmud Abbas, ha aplaudido el anuncio como un \u201cpaso importante y necesario para hacia una paz justa y duradera\u201d<\/p>\n","protected":false},"excerpt":{"rendered":"Netanyahu afirma que \u201cno se establecer\u00e1 un Estado palestino\u201d y que anunciar\u00e1 la respuesta de Israel tras su&hellip;\n","protected":false},"author":2,"featured_media":130026,"comment_status":"","ping_status":"","sticky":false,"template":"","format":"standard","meta":{"footnotes":""},"categories":[42],"tags":[17,18,68,70,71,72,13,14,73,69,75,11,61,62,63,64,74,19,20,9,10,15,16,77,76,12,21,22,65,66,67],"class_list":{"0":"post-130025","1":"post","2":"type-post","3":"status-publish","4":"format-standard","5":"has-post-thumbnail","7":"category-internacional","8":"tag-breaking-news","9":"tag-breakingnews","10":"tag-conflicto-arabe-israeli","11":"tag-conflictos","12":"tag-conflictos-armados","13":"tag-conflictos-internacionales","14":"tag-featured-news","15":"tag-featurednews","16":"tag-franja-gaza","17":"tag-guerra","18":"tag-hamas","19":"tag-headlines","20":"tag-internacional","21":"tag-international","22":"tag-international-news","23":"tag-internationalnews","24":"tag-israel","25":"tag-latest-news","26":"tag-latestnews","27":"tag-news","28":"tag-noticias","29":"tag-noticias-destacadas","30":"tag-noticiasdestacadas","31":"tag-oriente-proximo","32":"tag-palestina","33":"tag-titulares","34":"tag-ultimas-noticias","35":"tag-ultimasnoticias","36":"tag-world","37":"tag-world-news","38":"tag-worldnews"},"share_on_mastodon":{"url":"","error":""},"_links":{"self":[{"href":"https:\/\/www.europesays.com\/es\/wp-json\/wp\/v2\/posts\/130025","targetHints":{"allow":["GET"]}}],"collection":[{"href":"https:\/\/www.europesays.com\/es\/wp-json\/wp\/v2\/posts"}],"about":[{"href":"https:\/\/www.europesays.com\/es\/wp-json\/wp\/v2\/types\/post"}],"author":[{"embeddable":true,"href":"https:\/\/www.europesays.com\/es\/wp-json\/wp\/v2\/users\/2"}],"replies":[{"embeddable":true,"href":"https:\/\/www.europesays.com\/es\/wp-json\/wp\/v2\/comments?post=130025"}],"version-history":[{"count":0,"href":"https:\/\/www.europesays.com\/es\/wp-json\/wp\/v2\/posts\/130025\/revisions"}],"wp:featuredmedia":[{"embeddable":true,"href":"https:\/\/www.europesays.com\/es\/wp-json\/wp\/v2\/media\/130026"}],"wp:attachment":[{"href":"https:\/\/www.europesays.com\/es\/wp-json\/wp\/v2\/media?parent=130025"}],"wp:term":[{"taxonomy":"category","embeddable":true,"href":"https:\/\/www.europesays.com\/es\/wp-json\/wp\/v2\/categories?post=130025"},{"taxonomy":"post_tag","embeddable":true,"href":"https:\/\/www.europesays.com\/es\/wp-json\/wp\/v2\/tags?post=130025"}],"curies":[{"name":"wp","href":"https:\/\/api.w.org\/{rel}","templated":true}]}}