{"id":130027,"date":"2025-09-21T17:45:10","date_gmt":"2025-09-21T17:45:10","guid":{"rendered":"https:\/\/www.europesays.com\/es\/130027\/"},"modified":"2025-09-21T17:45:10","modified_gmt":"2025-09-21T17:45:10","slug":"el-psc-ganaria-las-elecciones-en-cataluna-y-alianca-se-dispararia-hasta-los-19-escanos","status":"publish","type":"post","link":"https:\/\/www.europesays.com\/es\/130027\/","title":{"rendered":"El PSC ganar\u00eda las elecciones en Catalu\u00f1a y Alian\u00e7a se disparar\u00eda hasta los 19 esca\u00f1os"},"content":{"rendered":"<p class=\"article-text\">\n        El PSC volver\u00eda a ganar las <a href=\"https:\/\/www.infolibre.es\/politica\/psc-ganaria-elecciones-parlament-35-42-escanos-erc-seria-segunda-cis-catalan_1_1748085.html\" class=\"link\" rel=\"nofollow noopener\" target=\"_blank\">elecciones en Catalu\u00f1a<\/a>, aunque perdiendo seis esca\u00f1os, mientras que la formaci\u00f3n independentista de <strong>extrema derecha Alian\u00e7a Catalana <\/strong>multiplicar\u00eda sus resultados hasta llegar a los <strong>19 asientos en el Parlament<\/strong>, seg\u00fan un sondeo publicado este domingo por La Vanguardia, informa EFE.\n    <\/p>\n<p class=\"article-text\">\n        La encuesta, realizada entre el 11 y el 17 de septiembre, tambi\u00e9n muestra una<strong> <\/strong><a href=\"https:\/\/www.infolibre.es\/politica\/jaume-giro-ultimo-nombre-goteo-figuras-jxcat-han-abandonado-politica_1_2058214.html\" class=\"link\" rel=\"nofollow noopener\" target=\"_blank\"><strong>ca\u00edda de JxCat<\/strong><\/a><strong>,<\/strong> que perder\u00eda alrededor de <strong>14 esca\u00f1os en el Parlament<\/strong>, pasando de los 35 actuales a los 21, los mismos que obtendr\u00eda ERC, que ganar\u00eda un diputado.\n    <\/p>\n<p class=\"article-text\">\n        Vox tambi\u00e9n mejorar\u00eda sus resultados y ganar\u00eda cinco esca\u00f1os, subiendo de los <strong>11 actuales hasta los 16<\/strong>, mientras que el <strong>PP retroceder\u00eda dos diputados.<\/strong>\n    <\/p>\n<p class=\"article-text\">\n        Los <strong>Comuns<\/strong> perder\u00edan un diputado y se<strong> quedar\u00edan con cinco<\/strong>, al borde de perder el grupo parlamentario propio, mientras que la CUP retendr\u00eda los cuatro esca\u00f1os que obtuvo en 2023.\n    <\/p>\n<p><a href=\"https:\/\/www.infolibre.es\/politica\/psc-ganaria-elecciones-parlament-35-42-escanos-erc-seria-segunda-cis-catalan_1_1748085.html\" class=\"news-know-more partner-vertical-tablet-desktop\" data-dl-event=\"select_content\" data-dl-params=\"{&quot;content_type&quot;:&quot;ver_mas&quot;,&quot;im_link_page_name&quot;:&quot;articulo\\\/politica\\\/1748085&quot;,&quot;im_link_text&quot;:&quot;El PSC ganar\\u00eda las elecciones del 12M con 35-42 esca\\u00f1os y ERC ser\\u00eda segunda, seg\\u00fan el CIS catal\\u00e1n&quot;}\" rel=\"nofollow noopener\" target=\"_blank\"><\/p>\n<p>            <img decoding=\"async\" class=\"lazy\" src=\"data:image\/svg+xml,%3Csvg xmlns=\" http:=\"\" viewbox=\"0 0 1200 675\" alt=\"El PSC ganar\u00eda las elecciones del 12M con 35-42 esca\u00f1os y ERC ser\u00eda segunda, seg\u00fan el CIS catal\u00e1n\"\/><\/p>\n<p>El PSC ganar\u00eda las elecciones del 12M con 35-42 esca\u00f1os y ERC ser\u00eda segunda, seg\u00fan el CIS catal\u00e1n<\/p>\n<p>Ver m\u00e1s<\/p>\n<p><\/a><\/p>\n<p class=\"article-text\">\n        Seg\u00fan este sondeo, el<strong> PSC no podr\u00eda revalidar la presidencia de la Generalitat <\/strong>repitiendo la suma que permiti\u00f3 la investidura de Salvador Illa como president, ya que, junto a los votos de ERC y Comuns, quedar\u00eda lejos de la mayor\u00eda absoluta (62, por los 68 necesarios).\n    <\/p>\n<p class=\"article-text\">\n        El <strong>independentismo tampoco obtendr\u00eda mayor\u00eda en el Parlamen<\/strong>t, ya que la improbable suma entre JxCat, ERC, Alian\u00e7a y la CUP llegar\u00eda a los 65 diputados.\n    <\/p>\n<p class=\"article-text\">\n        Con todo, este sondeo s\u00f3lo arroja una f\u00f3rmula que obtendr\u00eda mayor\u00eda en el Parlament: la suma imposible de JxCat, Alian\u00e7a Catalana, Vox y PPC, que superar\u00eda por un esca\u00f1o los 68 votos requeridos.\n    <\/p>\n","protected":false},"excerpt":{"rendered":"El PSC volver\u00eda a ganar las elecciones en Catalu\u00f1a, aunque perdiendo seis esca\u00f1os, mientras que la formaci\u00f3n independentista&hellip;\n","protected":false},"author":2,"featured_media":130028,"comment_status":"","ping_status":"","sticky":false,"template":"","format":"standard","meta":{"footnotes":""},"categories":[8],"tags":[3244,5669,17,18,1980,41746,4374,25,38747,24,13,14,41745,11,19,20,9,10,15,16,14637,23,12,21,22],"class_list":{"0":"post-130027","1":"post","2":"type-post","3":"status-publish","4":"format-standard","5":"has-post-thumbnail","7":"category-espana","8":"tag-3244","9":"tag-alianca","10":"tag-breaking-news","11":"tag-breakingnews","12":"tag-cataluna","13":"tag-dispararia","14":"tag-elecciones","15":"tag-es","16":"tag-escanos","17":"tag-espana","18":"tag-featured-news","19":"tag-featurednews","20":"tag-ganaria","21":"tag-headlines","22":"tag-latest-news","23":"tag-latestnews","24":"tag-news","25":"tag-noticias","26":"tag-noticias-destacadas","27":"tag-noticiasdestacadas","28":"tag-psc","29":"tag-spain","30":"tag-titulares","31":"tag-ultimas-noticias","32":"tag-ultimasnoticias"},"share_on_mastodon":{"url":"","error":""},"_links":{"self":[{"href":"https:\/\/www.europesays.com\/es\/wp-json\/wp\/v2\/posts\/130027","targetHints":{"allow":["GET"]}}],"collection":[{"href":"https:\/\/www.europesays.com\/es\/wp-json\/wp\/v2\/posts"}],"about":[{"href":"https:\/\/www.europesays.com\/es\/wp-json\/wp\/v2\/types\/post"}],"author":[{"embeddable":true,"href":"https:\/\/www.europesays.com\/es\/wp-json\/wp\/v2\/users\/2"}],"replies":[{"embeddable":true,"href":"https:\/\/www.europesays.com\/es\/wp-json\/wp\/v2\/comments?post=130027"}],"version-history":[{"count":0,"href":"https:\/\/www.europesays.com\/es\/wp-json\/wp\/v2\/posts\/130027\/revisions"}],"wp:featuredmedia":[{"embeddable":true,"href":"https:\/\/www.europesays.com\/es\/wp-json\/wp\/v2\/media\/130028"}],"wp:attachment":[{"href":"https:\/\/www.europesays.com\/es\/wp-json\/wp\/v2\/media?parent=130027"}],"wp:term":[{"taxonomy":"category","embeddable":true,"href":"https:\/\/www.europesays.com\/es\/wp-json\/wp\/v2\/categories?post=130027"},{"taxonomy":"post_tag","embeddable":true,"href":"https:\/\/www.europesays.com\/es\/wp-json\/wp\/v2\/tags?post=130027"}],"curies":[{"name":"wp","href":"https:\/\/api.w.org\/{rel}","templated":true}]}}