{"id":130039,"date":"2025-09-21T17:53:11","date_gmt":"2025-09-21T17:53:11","guid":{"rendered":"https:\/\/www.europesays.com\/es\/130039\/"},"modified":"2025-09-21T17:53:11","modified_gmt":"2025-09-21T17:53:11","slug":"el-amr25-es-el-ultimo-coche","status":"publish","type":"post","link":"https:\/\/www.europesays.com\/es\/130039\/","title":{"rendered":"El AMR25 es el \u00faltimo coche"},"content":{"rendered":"<p data-journey-content=\"true\" data-node-id=\"3\" class=\"css-6wxqfj emevuu60\">Al comenzar el fin de semana de Azerbaiy\u00e1n, Fernando Alonso ya avisaba que el trazado de Bak\u00fa no favorec\u00eda las aptitudes del AMR25, y as\u00ed se ha visto con el paso de las sesiones. En los primeros entrenamientos libres, el \u201814\u2019 denot\u00f3 problemas de sobreviraje y falta de velocidad punta en recta. A pesar de ello, el espa\u00f1ol logr\u00f3 <a href=\"https:\/\/www.caranddriver.com\/es\/formula-1\/a67976718\/fernando-alonso-puertas-milagro-aston-martin-f1-gp-azerbaiyan-accion\/\" target=\"_blank\" data-vars-ga-outbound-link=\"https:\/\/www.caranddriver.com\/es\/formula-1\/a67976718\/fernando-alonso-puertas-milagro-aston-martin-f1-gp-azerbaiyan-accion\/\" data-vars-ga-ux-element=\"Hyperlink\" data-vars-ga-call-to-action=\"quedarse a 69 mil\u00e9simas de pasar a la Q3\" data-node-id=\"3.1\" class=\"body-link css-168zq96 emevuu60\" rel=\"nofollow noopener\">quedarse a 69 mil\u00e9simas de pasar a la Q3<\/a>, e incluso manten\u00eda la esperanza de estar en la pelea por los puntos. <\/p>\n<p>Fernando Alonso y su ca\u00edda con Aston Martin en Bak\u00fa<\/p>\n<p data-journey-content=\"true\" data-node-id=\"7\" class=\"css-6wxqfj emevuu60\">La carrera ya comenzaba con mal pie para el piloto de Aston Martin, con una salida en falso que terminaba<strong data-node-id=\"7.1\"> con cinco segundos de sanci\u00f3n. De hecho, Fernando Alonso reportaba por radio que \u201che reaccionado a Oscar Piastri, lo siento\u201d<\/strong>. Poco despu\u00e9s, en la vuelta ocho de carrera, Gabriel Bortoleto lograr\u00eda rebasar al \u201814\u2019, que se encontraba en la 11\u00aa posici\u00f3n alej\u00e1ndose as\u00ed del top 10. Posteriormente, en el giro 22, el asturiano parar\u00eda en boxes para montar la goma dura, cayendo hasta la antepen\u00faltima posici\u00f3n.<\/p>\n<p data-journey-content=\"true\" data-node-id=\"9\" class=\"css-6wxqfj emevuu60\">A partir de ese momento, ambos Haas lograr\u00edan rebasar a Fernando Alonso en pista, al igual que el Williams de Alex Albon, <strong data-node-id=\"9.1\">por lo que finalmente terminar\u00eda en la 15\u00aa posici\u00f3n, mientras que su compa\u00f1ero de equipo rebasar\u00eda la l\u00ednea de meta en la 17\u00aa<\/strong>, tan s\u00f3lo por delante de ambos Alpine y del Sauber de Nico H\u00fclkenberg, cumpli\u00e9ndose as\u00ed el <a href=\"https:\/\/www.caranddriver.com\/es\/formula-1\/a67960364\/fernando-alonso-desolado-ritmo-aston-martin-f1-gp-azerbaiyan-alpine\/\" target=\"_blank\" data-vars-ga-outbound-link=\"https:\/\/www.caranddriver.com\/es\/formula-1\/a67960364\/fernando-alonso-desolado-ritmo-aston-martin-f1-gp-azerbaiyan-alpine\/\" data-vars-ga-ux-element=\"Hyperlink\" data-vars-ga-call-to-action=\"mal presagio que ten\u00eda el espa\u00f1ol a inicios del fin de semana.\" data-node-id=\"9.3\" class=\"body-link css-168zq96 emevuu60\" rel=\"nofollow noopener\">mal presagio que ten\u00eda el espa\u00f1ol a inicios del fin de semana.<\/a> A pesar de ello, de cara al siguiente GP de Singapur, el de Aston Martin espera ser m\u00e1s competitivo con su AMR25.<\/p>\n<p><img draggable=\"true\" alt=\"fernando alonso aston martin f1\" title=\"Fernando Alonso Aston Martin F1\" loading=\"lazy\" width=\"5240\" height=\"3493\" decoding=\"async\" data-nimg=\"1\" style=\"color:transparent;width:100%;height:auto;\"   src=\"https:\/\/www.europesays.com\/es\/wp-content\/uploads\/2025\/09\/gettyimages-2236550374-68cff0a654c40.jpg\" class=\"css-0 e1g79fud0\"\/><a target=\"_blank\" rel=\"noopener nofollow\" data-theme-key=\"base-link\" href=\"https:\/\/pinterest.com\/pin\/create\/button\/?url=https:\/\/www.caranddriver.com\/es\/formula-1\/a67984741\/fernando-alonso-debacle-aston-martin-f1-gp-azerbaiyan-amr25-ultimo-coche\/&amp;description=&amp;media=https:\/\/hips.hearstapps.com\/hmg-prod\/images\/gettyimages-2236550374-68cff0a654c40.jpg?resize=1600:*\" class=\"pinterest css-on9hn5 e1c1bym14\"><img decoding=\"async\" data-dynamic-svg=\"true\" src=\"https:\/\/www.caranddriver.com\/_assets\/design-tokens\/fre\/static\/icons\/social\/pinterest.e8cf655.svg?primary=%2523ffffff\" loading=\"lazy\" data-testid=\"dynamic-svg-base\" height=\"auto\" width=\"auto\" alt=\"pinterest\" class=\"css-4lml0h e1mlxuuw1\"\/><\/a><\/p>\n<p>James Sutton &#8211; Formula 1<\/p>\n<p data-journey-content=\"true\" data-node-id=\"14\" class=\"css-6wxqfj emevuu60\">\u201cReaccione al movimiento de Oscar Piastri, eso me condeno a salir tambi\u00e9n por delante del sem\u00e1foro. <strong data-node-id=\"14.1\">Pero esa penalizaci\u00f3n no cambia nada, somos el \u00faltimo coche de la parrilla y ah\u00ed estamos luchando con Alpine,<\/strong> por lo menos yo soy el 15 de los dos de Aston Martin\u201d, dec\u00eda el piloto de Aston Martin.<\/p>\n<p data-journey-content=\"true\" data-node-id=\"16\" class=\"css-6wxqfj emevuu60\">\u201c<strong data-node-id=\"16.1\">Daba igual la penalizaci\u00f3n porque no tenemos ritmo. Hoy no paso nada en la suspensi\u00f3n, no habia Safety Car ni nada, <\/strong>es algo a lo que estoy acostumbrado. Cuando salgo delante pasa de todo y suelo acabar detr\u00e1s, y cuando salgo detr\u00e1s y es un fin de semana como este hacemos todas las vueltas en la parte trasera\u201d, prosigui\u00f3.<\/p>\n<p data-journey-content=\"true\" data-node-id=\"18\" class=\"css-6wxqfj emevuu60\">\u201c<strong data-node-id=\"18.1\">Sabemos que en Las Vegas vamos a ser el \u00faltimo coche, que en M\u00e9xico vamos a ser el \u00faltimos, as\u00ed que intentaremos pasarlas r\u00e1pido y sin hacer da\u00f1os al coche<\/strong>\u201d, concluy\u00f3 <a href=\"https:\/\/www.caranddriver.com\/es\/formula-1\/pilotos\/a3517\/fernando-alonso\/\" target=\"_blank\" data-vars-ga-outbound-link=\"https:\/\/www.caranddriver.com\/es\/formula-1\/pilotos\/a3517\/fernando-alonso\/\" data-vars-ga-ux-element=\"Hyperlink\" data-vars-ga-call-to-action=\"Fernando Alonso.\" data-node-id=\"18.3\" class=\"body-link css-168zq96 emevuu60\" rel=\"nofollow noopener\">Fernando Alonso.<\/a><\/p>\n<p data-journey-content=\"true\" data-node-id=\"20\" class=\"css-6wxqfj emevuu60\">Es as\u00ed como el piloto de Aston Martin ha terminado en la 15\u00aa posici\u00f3n tras una carrera que ya comenzaba con mal pie tras esa accidentada salida.<\/p>\n<p>Contenidos relacionados<\/p>\n","protected":false},"excerpt":{"rendered":"Al comenzar el fin de semana de Azerbaiy\u00e1n, Fernando Alonso ya avisaba que el trazado de Bak\u00fa no&hellip;\n","protected":false},"author":2,"featured_media":130040,"comment_status":"","ping_status":"","sticky":false,"template":"","format":"standard","meta":{"footnotes":""},"categories":[270],"tags":[168,253,25,24,306,271,272,23,167],"class_list":{"0":"post-130039","1":"post","2":"type-post","3":"status-publish","4":"format-standard","5":"has-post-thumbnail","7":"category-formula-1","8":"tag-deportes","9":"tag-discover","10":"tag-es","11":"tag-espana","12":"tag-f1","13":"tag-formula-1","14":"tag-formula1","15":"tag-spain","16":"tag-sports"},"share_on_mastodon":{"url":"","error":""},"_links":{"self":[{"href":"https:\/\/www.europesays.com\/es\/wp-json\/wp\/v2\/posts\/130039","targetHints":{"allow":["GET"]}}],"collection":[{"href":"https:\/\/www.europesays.com\/es\/wp-json\/wp\/v2\/posts"}],"about":[{"href":"https:\/\/www.europesays.com\/es\/wp-json\/wp\/v2\/types\/post"}],"author":[{"embeddable":true,"href":"https:\/\/www.europesays.com\/es\/wp-json\/wp\/v2\/users\/2"}],"replies":[{"embeddable":true,"href":"https:\/\/www.europesays.com\/es\/wp-json\/wp\/v2\/comments?post=130039"}],"version-history":[{"count":0,"href":"https:\/\/www.europesays.com\/es\/wp-json\/wp\/v2\/posts\/130039\/revisions"}],"wp:featuredmedia":[{"embeddable":true,"href":"https:\/\/www.europesays.com\/es\/wp-json\/wp\/v2\/media\/130040"}],"wp:attachment":[{"href":"https:\/\/www.europesays.com\/es\/wp-json\/wp\/v2\/media?parent=130039"}],"wp:term":[{"taxonomy":"category","embeddable":true,"href":"https:\/\/www.europesays.com\/es\/wp-json\/wp\/v2\/categories?post=130039"},{"taxonomy":"post_tag","embeddable":true,"href":"https:\/\/www.europesays.com\/es\/wp-json\/wp\/v2\/tags?post=130039"}],"curies":[{"name":"wp","href":"https:\/\/api.w.org\/{rel}","templated":true}]}}