{"id":130043,"date":"2025-09-21T17:55:11","date_gmt":"2025-09-21T17:55:11","guid":{"rendered":"https:\/\/www.europesays.com\/es\/130043\/"},"modified":"2025-09-21T17:55:11","modified_gmt":"2025-09-21T17:55:11","slug":"mao-ye-habla-sobre-el-traspaso-de-poderes-en-el-espanyol","status":"publish","type":"post","link":"https:\/\/www.europesays.com\/es\/130043\/","title":{"rendered":"Mao Ye habla sobre el traspaso de poderes en el Espanyol"},"content":{"rendered":"<p>El <strong>Espanyol<\/strong> contin\u00faa inmerso en el proceso de cambio de propiedad, un asunto nada sencillo y que tiene muchas aristas. Es cierto, que podr\u00edamos entrar en la semana decisiva y donde podr\u00eda hacerse ya oficial la entrada de <strong>Alan Pace<\/strong> a los mandos del club blanquiazul. El CEO de la entidad perica, <strong>Mao Ye<\/strong>, fue cuestionado por todo ello en la previa del partido del <strong>Bernab\u00e9u<\/strong> y asegur\u00f3 que todo iba por buen camino.\u00a0<\/p>\n<p>\u201c<strong>Ahora estamos con tr\u00e1mites administrativos, todo se est\u00e1 integrando bien<\/strong>. Hoy nos acompa\u00f1an directivos de la nueva propiedad, vamos encajando todo a nivel de gesti\u00f3n y creemos que <strong>nos dar\u00e1 un impulso adicional al Espanyol<\/strong>\u201d, afirm\u00f3 <strong>Mao Ye<\/strong>, quien destac\u00f3 el buen arranque del conjunto de <strong>Manolo Gonz\u00e1lez<\/strong>. \u201cVenimos trabajando de la temporada pasada y la anterior con el ascenso. <strong>El bloque es el mismo, el jugador se lo est\u00e1 creyendo y est\u00e1 sacando la mejor versi\u00f3n de cada uno<\/strong>\u201d.<\/p>\n<p><a href=\"https:\/\/whatsapp.com\/channel\/0029Va7D0Eq4dTnGOrEmZ82c\" rel=\"nofollow noopener\" target=\"_blank\"><\/p>\n<p><img fetchpriority=\"high\" decoding=\"async\" width=\"724\" height=\"1024\" src=\"https:\/\/www.europesays.com\/es\/wp-content\/uploads\/2025\/09\/Whatsapp-724x1024.png\" alt=\"\"  \/><\/p>\n<p><\/a><\/p>\n","protected":false},"excerpt":{"rendered":"El Espanyol contin\u00faa inmerso en el proceso de cambio de propiedad, un asunto nada sencillo y que tiene&hellip;\n","protected":false},"author":2,"featured_media":130044,"comment_status":"","ping_status":"","sticky":false,"template":"","format":"standard","meta":{"footnotes":""},"categories":[268],"tags":[168,25,24,280,282,281,23,167],"class_list":{"0":"post-130043","1":"post","2":"type-post","3":"status-publish","4":"format-standard","5":"has-post-thumbnail","7":"category-futbol","8":"tag-deportes","9":"tag-es","10":"tag-espana","11":"tag-football","12":"tag-futbol","13":"tag-soccer","14":"tag-spain","15":"tag-sports"},"share_on_mastodon":{"url":"","error":""},"_links":{"self":[{"href":"https:\/\/www.europesays.com\/es\/wp-json\/wp\/v2\/posts\/130043","targetHints":{"allow":["GET"]}}],"collection":[{"href":"https:\/\/www.europesays.com\/es\/wp-json\/wp\/v2\/posts"}],"about":[{"href":"https:\/\/www.europesays.com\/es\/wp-json\/wp\/v2\/types\/post"}],"author":[{"embeddable":true,"href":"https:\/\/www.europesays.com\/es\/wp-json\/wp\/v2\/users\/2"}],"replies":[{"embeddable":true,"href":"https:\/\/www.europesays.com\/es\/wp-json\/wp\/v2\/comments?post=130043"}],"version-history":[{"count":0,"href":"https:\/\/www.europesays.com\/es\/wp-json\/wp\/v2\/posts\/130043\/revisions"}],"wp:featuredmedia":[{"embeddable":true,"href":"https:\/\/www.europesays.com\/es\/wp-json\/wp\/v2\/media\/130044"}],"wp:attachment":[{"href":"https:\/\/www.europesays.com\/es\/wp-json\/wp\/v2\/media?parent=130043"}],"wp:term":[{"taxonomy":"category","embeddable":true,"href":"https:\/\/www.europesays.com\/es\/wp-json\/wp\/v2\/categories?post=130043"},{"taxonomy":"post_tag","embeddable":true,"href":"https:\/\/www.europesays.com\/es\/wp-json\/wp\/v2\/tags?post=130043"}],"curies":[{"name":"wp","href":"https:\/\/api.w.org\/{rel}","templated":true}]}}