{"id":130045,"date":"2025-09-21T17:56:07","date_gmt":"2025-09-21T17:56:07","guid":{"rendered":"https:\/\/www.europesays.com\/es\/130045\/"},"modified":"2025-09-21T17:56:07","modified_gmt":"2025-09-21T17:56:07","slug":"siempre-he-tenido-presente-la-frase-que-me-repetia-mi-madre-cuando-el-miedo-paralizaba-mis-ganas-de-ser-libre-de-ilusionarme-y-de-vivir","status":"publish","type":"post","link":"https:\/\/www.europesays.com\/es\/130045\/","title":{"rendered":"Siempre he tenido presente la frase que me repet\u00eda mi madre cuando el miedo paralizaba mis ganas de ser libre, de ilusionarme y de vivir"},"content":{"rendered":"<p bis_size=\"{&quot;x&quot;:118,&quot;y&quot;:48,&quot;w&quot;:658,&quot;h&quot;:172,&quot;abs_x&quot;:337,&quot;abs_y&quot;:2300}\" data-pm-slice=\"1 1 []\">Hablar de <strong>Luz Casal<\/strong> es hablar de <strong>una de las voces m\u00e1s ic\u00f3nicas de nuestro pa\u00eds.<\/strong> Con una trayectoria que supera las cuatro d\u00e9cadas, la cantante gallega ha convertido cada escenario en un espacio de emociones compartidas. De su inconfundible timbre brotaron himnos como &#8216;Entre mis recuerdos&#8217; o &#8216;Piensa en m\u00ed&#8217;, y su capacidad para conectar con varias generaciones la ha consolidado como una de las artistas m\u00e1s queridas.<\/p>\n<p bis_size=\"{&quot;x&quot;:118,&quot;y&quot;:248,&quot;w&quot;:658,&quot;h&quot;:143,&quot;abs_x&quot;:337,&quot;abs_y&quot;:2500}\">Pero detr\u00e1s de su \u00e9xito profesional tambi\u00e9n se esconde <strong>una mujer que ha sabido reinventarse en cada etapa de su vida,<\/strong> incluso cuando los retos personales parec\u00edan querer paralizarla. Luz nunca ha ocultado las adversidades a las que se ha enfrentado, y precisamente de esas experiencias ha sacado sus mayores <a href=\"https:\/\/www.clara.es\/estilo-de-vida\/50-frases-sobre-vivir-presente-que-te-motivaran-a-disfrutar-vida_42948\" rel=\"nofollow noopener\" target=\"_blank\">lecciones de vida<\/a>.<\/p>\n<p><img loading=\"lazy\" decoding=\"async\" src=\"https:\/\/www.europesays.com\/es\/wp-content\/uploads\/2025\/09\/luz-casal_335c7400_250919113450_800x1212.webp.webp\" alt=\"Luz Casal\" class=\"lazyload\" width=\"800\" height=\"1212\" data-aspectratio=\"800\/1212\"\/>&#13;gtres<\/p>\n<p bis_size=\"{&quot;x&quot;:118,&quot;y&quot;:420,&quot;w&quot;:658,&quot;h&quot;:143,&quot;abs_x&quot;:337,&quot;abs_y&quot;:2672}\">A sus 66 a\u00f1os, la artista es<strong> un ejemplo de resiliencia y autenticidad. <\/strong>Su mensaje es claro: vivir con ilusi\u00f3n y libertad, aunque el miedo intente aparecer en el camino. Y como ella misma confiesa, <strong>ha encontrado en las palabras de su madre un motor para avanzar,<\/strong> incluso en los momentos m\u00e1s duros.<\/p>\n<p>&#13;<br \/>\nFrases motivadoras para animar a alguienLAS PALABRAS DE LUZ CASAL SOBRE EL MIEDO Y LA VIDA<\/p>\n<p bis_size=\"{&quot;x&quot;:118,&quot;y&quot;:649,&quot;w&quot;:658,&quot;h&quot;:115,&quot;abs_x&quot;:337,&quot;abs_y&quot;:2901}\">En una entrevista para el programa de RTVE &#8216;Las 3 Puertas&#8217;, Luz Casal confesaba que, aunque no se considera una persona miedosa, s\u00ed ha tenido que enfrentarse a <a href=\"https:\/\/www.clara.es\/estilo-de-vida\/frases-que-invitan-cambio-tu-vida_43610\" rel=\"nofollow noopener\" target=\"_blank\">etapas dif\u00edciles<\/a> en las que el miedo amenazaba con frenar sus ganas de vivir:<\/p>\n<p bis_size=\"{&quot;x&quot;:118,&quot;y&quot;:792,&quot;w&quot;:658,&quot;h&quot;:115,&quot;abs_x&quot;:337,&quot;abs_y&quot;:3044}\">\u00abEl miedo coarta demasiado mis ganas de ser libre, de actuar, de ilusionarme y de vivir. Alg\u00fan momento de baj\u00f3n gordo no niego que lo tuviera, pero siempre he tenido presente ciertas cosas, como por ejemplo <strong>mi madre repet\u00eda muchas veces: &#8216;no se puede tener todo&#8217;.\u00bb<\/strong><\/p>\n<p><img loading=\"lazy\" decoding=\"async\" src=\"https:\/\/www.europesays.com\/es\/wp-content\/uploads\/2025\/09\/luz-casal_b36c4c81_008_250919113535_800x1216.webp.webp\" alt=\"Luz Casal\" class=\"lazyload\" width=\"800\" height=\"1216\" data-aspectratio=\"800\/1216\"\/>&#13;gtres<\/p>\n<p bis_size=\"{&quot;x&quot;:118,&quot;y&quot;:935,&quot;w&quot;:658,&quot;h&quot;:115,&quot;abs_x&quot;:337,&quot;abs_y&quot;:3187}\">Una frase que, seg\u00fan ella, ha sido clave para relativizar y encontrar un equilibrio vital. Porque, como a\u00f1ade, cuando atraves\u00f3 esos episodios complicados en su vida, se repet\u00eda: <strong>\u00abTengo una vida muy atractiva, he tenido mucha suerte en la vida.\u00bb<\/strong> Ese recordatorio, heredado de su madre, se ha convertido en <a href=\"https:\/\/www.clara.es\/estilo-de-vida\/frases-motivadoras-sobre-vida-para-animar-a-quien-necesite_23282\" rel=\"nofollow noopener\" target=\"_blank\">una especie de mantra<\/a> que la acompa\u00f1a cada vez que el miedo amenaza con colarse en su d\u00eda a d\u00eda.<\/p>\n<p>&#13;<img loading=\"lazy\" decoding=\"async\"   src=\"https:\/\/www.europesays.com\/es\/wp-content\/uploads\/2025\/09\/dolores-redondo-adjunta_fac6918a_250918120006_900x900.webp.webp\" alt=\"Dolores Redondo adjunta\" class=\"image lazyload\" width=\"900\" height=\"900\" data-aspectratio=\"900\/900\"\/>\u00bfC\u00d3MO GESTIONAR EL MIEDO Y VIVIR CON M\u00c1S ILUSI\u00d3N?<\/p>\n<p bis_size=\"{&quot;x&quot;:118,&quot;y&quot;:1249,&quot;w&quot;:658,&quot;h&quot;:115,&quot;abs_x&quot;:337,&quot;abs_y&quot;:3501}\">La psic\u00f3loga <a bis_size=\"{&quot;x&quot;:229,&quot;y&quot;:1252,&quot;w&quot;:124,&quot;h&quot;:24,&quot;abs_x&quot;:448,&quot;abs_y&quot;:3504}\" href=\"https:\/\/www.clara.es\/bienestar\/silvia-congost-psicologa-sobre-el-miedo-al-cambio-el-verdadero-obstaculo-es-el-miedo-al-sufrimiento_41659\" rel=\"nofollow noopener\" target=\"_blank\">Silvia Congost<\/a> lo resume de manera sencilla: <strong>\u00abTodo lo que hacemos en la vida siempre es para obtener placer o evitar sufrir\u00bb.<\/strong> Y precisamente por eso es tan importante aprender a gestionar el miedo para no dejar que se convierta en un freno en nuestra vida.<\/p>\n<p bis_size=\"{&quot;x&quot;:118,&quot;y&quot;:1392,&quot;w&quot;:658,&quot;h&quot;:115,&quot;abs_x&quot;:337,&quot;abs_y&quot;:3644}\">Peque\u00f1os gestos cotidianos pueden marcar la diferencia. Igual que <strong>Luz Casal recurre a las palabras de su madre<\/strong> para <a href=\"https:\/\/www.clara.es\/estilo-de-vida\/mas-100-frases-motivadoras-para-que-buscan-inspiracion_23259\" rel=\"nofollow noopener\" target=\"_blank\">reencontrar la calma<\/a>, t\u00fa tambi\u00e9n puedes aplicar estrategias sencillas cuando sientas que la ansiedad o la inseguridad aparecen.<\/p>\n<p><img loading=\"lazy\" decoding=\"async\" src=\"https:\/\/www.europesays.com\/es\/wp-content\/uploads\/2025\/09\/luz-casal_40f23383_250919113650_800x1216.webp.webp\" alt=\"Luz Casal\" class=\"lazyload\" width=\"800\" height=\"1216\" data-aspectratio=\"800\/1216\"\/>&#13;gtres<br \/>\nIdeas pr\u00e1cticas para vencer el miedo en tu d\u00eda a d\u00eda:<\/p>\n<ul>\n<li bis_size=\"{&quot;x&quot;:118,&quot;y&quot;:1706,&quot;w&quot;:658,&quot;h&quot;:57,&quot;abs_x&quot;:337,&quot;abs_y&quot;:3958}\"><strong>Respira y observa:<\/strong> detenerse un momento y practicar respiraciones profundas ayuda a calmar la mente y rebajar la tensi\u00f3n.<\/li>\n<li bis_size=\"{&quot;x&quot;:118,&quot;y&quot;:1848,&quot;w&quot;:658,&quot;h&quot;:57,&quot;abs_x&quot;:337,&quot;abs_y&quot;:4100}\"><strong>Cambia el foco:<\/strong> en lugar de pensar en lo que falta, agradece lo que ya tienes. El agradecimiento es un ant\u00eddoto poderoso contra la ansiedad.<\/li>\n<li bis_size=\"{&quot;x&quot;:118,&quot;y&quot;:1991,&quot;w&quot;:658,&quot;h&quot;:57,&quot;abs_x&quot;:337,&quot;abs_y&quot;:4243}\"><strong>Mu\u00e9vete:<\/strong> caminar, practicar yoga o cualquier ejercicio f\u00edsico ayuda a liberar endorfinas y reducir la sensaci\u00f3n de amenaza.<\/li>\n<li bis_size=\"{&quot;x&quot;:118,&quot;y&quot;:2133,&quot;w&quot;:658,&quot;h&quot;:57,&quot;abs_x&quot;:337,&quot;abs_y&quot;:4385}\"><strong>Pon l\u00edmites al pensamiento negativo:<\/strong> dedica solo un tiempo concreto a \u201cpreocuparte\u201d y luego redirige tu atenci\u00f3n a otra actividad.<\/li>\n<li bis_size=\"{&quot;x&quot;:118,&quot;y&quot;:2275,&quot;w&quot;:658,&quot;h&quot;:86,&quot;abs_x&quot;:337,&quot;abs_y&quot;:4527}\"><strong>Rod\u00e9ate de calma:<\/strong> hablar con alguien de confianza o escuchar m\u00fasica que te inspire puede reconectar con la ilusi\u00f3n, como hace Luz con sus propias canciones.<\/li>\n<\/ul>\n<p><img loading=\"lazy\" decoding=\"async\" src=\"https:\/\/www.europesays.com\/es\/wp-content\/uploads\/2025\/09\/luz-casal_cc5e3ff3_250919113725_800x1200.webp.webp\" alt=\"Luz Casal\" class=\"lazyload\" width=\"800\" height=\"1200\" data-aspectratio=\"800\/1200\"\/>&#13;gtres<\/p>\n<p bis_size=\"{&quot;x&quot;:118,&quot;y&quot;:2447,&quot;w&quot;:658,&quot;h&quot;:115,&quot;abs_x&quot;:337,&quot;abs_y&quot;:4699}\">La historia de Luz Casal nos recuerda que <strong>no se trata de vivir sin miedo, sino de aprender a convivir con \u00e9l y restarle poder. <\/strong>Porque, como demuestra la cantante, el secreto est\u00e1 en poner el foco en lo que realmente importa: lo sencillo, lo cercano y lo que nos conecta con la vida.<\/p>\n","protected":false},"excerpt":{"rendered":"Hablar de Luz Casal es hablar de una de las voces m\u00e1s ic\u00f3nicas de nuestro pa\u00eds. Con una&hellip;\n","protected":false},"author":2,"featured_media":130046,"comment_status":"","ping_status":"","sticky":false,"template":"","format":"standard","meta":{"footnotes":""},"categories":[174],"tags":[255,146,147,25,24,256,23],"class_list":{"0":"post-130045","1":"post","2":"type-post","3":"status-publish","4":"format-standard","5":"has-post-thumbnail","7":"category-famosos","8":"tag-celebrities","9":"tag-entertainment","10":"tag-entretenimiento","11":"tag-es","12":"tag-espana","13":"tag-famosos","14":"tag-spain"},"share_on_mastodon":{"url":"","error":""},"_links":{"self":[{"href":"https:\/\/www.europesays.com\/es\/wp-json\/wp\/v2\/posts\/130045","targetHints":{"allow":["GET"]}}],"collection":[{"href":"https:\/\/www.europesays.com\/es\/wp-json\/wp\/v2\/posts"}],"about":[{"href":"https:\/\/www.europesays.com\/es\/wp-json\/wp\/v2\/types\/post"}],"author":[{"embeddable":true,"href":"https:\/\/www.europesays.com\/es\/wp-json\/wp\/v2\/users\/2"}],"replies":[{"embeddable":true,"href":"https:\/\/www.europesays.com\/es\/wp-json\/wp\/v2\/comments?post=130045"}],"version-history":[{"count":0,"href":"https:\/\/www.europesays.com\/es\/wp-json\/wp\/v2\/posts\/130045\/revisions"}],"wp:featuredmedia":[{"embeddable":true,"href":"https:\/\/www.europesays.com\/es\/wp-json\/wp\/v2\/media\/130046"}],"wp:attachment":[{"href":"https:\/\/www.europesays.com\/es\/wp-json\/wp\/v2\/media?parent=130045"}],"wp:term":[{"taxonomy":"category","embeddable":true,"href":"https:\/\/www.europesays.com\/es\/wp-json\/wp\/v2\/categories?post=130045"},{"taxonomy":"post_tag","embeddable":true,"href":"https:\/\/www.europesays.com\/es\/wp-json\/wp\/v2\/tags?post=130045"}],"curies":[{"name":"wp","href":"https:\/\/api.w.org\/{rel}","templated":true}]}}