{"id":130059,"date":"2025-09-21T18:04:09","date_gmt":"2025-09-21T18:04:09","guid":{"rendered":"https:\/\/www.europesays.com\/es\/130059\/"},"modified":"2025-09-21T18:04:09","modified_gmt":"2025-09-21T18:04:09","slug":"la-protagonista-de-she-hulk-pide-boicotear-a-disney-la-plataforma-de-su-serie-por-cancelar-a-jimmy-kimmel","status":"publish","type":"post","link":"https:\/\/www.europesays.com\/es\/130059\/","title":{"rendered":"La protagonista de &#8216;She Hulk&#8217; pide boicotear a Disney+, la plataforma de su serie, por cancelar a Jimmy Kimmel"},"content":{"rendered":"<p class=\"article-text\">\n        La actriz canadiense<strong> Tatiana Maslany<\/strong>, protagonista de la serie <strong>She Hulk: Abogada Hulka<\/strong>, ha puesto el grito en el cielo por la cancelaci\u00f3n del show de <strong>Jimmy Kimmel<\/strong>.\n    <\/p>\n<p>    <a href=\"https:\/\/www.eldiario.es\/series\/la-que-se-avecina-duracion-capitulos-temporada-16-amazon-prime-video-telecinco-laura-caballero_1_12620084.html\" data-mrf-recirculation=\"saber-mas\" data-dl-event=\"saber-mas\" rel=\"nofollow noopener\" target=\"_blank\"><\/p>\n<p class=\"know-more__title\">&#8216;La que se avecina&#8217; reducir\u00e1 la duraci\u00f3n de sus cap\u00edtulos con el estreno de la temporada 16: \u00abEs una bendici\u00f3n\u00bb<\/p>\n<p>            <img decoding=\"async\" class=\"lazy\" loading=\"lazy\" data-src=\"https:\/\/static.eldiario.es\/clip\/b003c3f4-59b1-4d8d-aa52-6b82aa905653_16-9-aspect-ratio_default_0.jpg\" src=\"data:image\/svg+xml,%3Csvg xmlns=\" http:=\"\" viewbox=\"0 0 880 495\" alt=\"'La que se avecina' reducir\u00e1 la duraci\u00f3n de sus cap\u00edtulos con el estreno de la temporada 16: &quot;Es una bendici\u00f3n&quot;\"\/><\/p>\n<p>                        <\/a><\/p>\n<p class=\"article-text\">\n        Maslany ha publicado un mensaje en Instagram en el que se\u00f1ala directamente a <strong>Disney<\/strong>, la empresa propietaria de la cadena <strong>ABC <\/strong>en la que se emit\u00eda dicho programa. Es m\u00e1s, pide a sus seguidores en las redes sociales (m\u00e1s de 500.000) <strong>que cancelen sus suscripciones de Disney+<\/strong>. Curiosamente, es en esta plataforma donde se emiti\u00f3 su serie hace tres a\u00f1os.\n    <\/p>\n<p class=\"article-text\">\n        <strong>\u201c\u00a1Cancela tus suscripciones a Disney+, Hulu y ESPN!\u201d<\/strong>, dice el texto de la int\u00e9rprete, acompa\u00f1ado de una imagen del rodaje de She Hulk, informa <a href=\"https:\/\/deadline.com\/2025\/09\/celebrities-disney-boycott-kimmel-1236548919\/\" target=\"_blank\" data-mrf-recirculation=\"links-noticia\" class=\"link\" rel=\"nofollow noopener\">Deadline<\/a>. No parece que quiera ocultar su v\u00ednculo indirecto con la compa\u00f1\u00eda, sino m\u00e1s bien lo contrario.\n    <\/p>\n<p class=\"article-text\">\n        La cancelaci\u00f3n del show de Jimmy Kimmel ha provocado un <a href=\"https:\/\/www.eldiario.es\/vertele\/noticias\/jimmy-fallon-nbc-jimmy-kimmel-donald-trump_1_12616689.html\" target=\"_blank\" data-mrf-recirculation=\"links-noticia\" class=\"link\" rel=\"nofollow noopener\">terremoto pol\u00edtico<\/a> en Estados Unidos y un aluvi\u00f3n de apoyos hacia el c\u00f3mico tanto dentro como fuera de la televisi\u00f3n.\n    <\/p>\n<p>    <a href=\"https:\/\/www.eldiario.es\/vertele\/entrevistas\/laura-madrueno-habla-camaras-supervivientes-tension-estreno-afectan-audiencias_1_12615942.html\" data-mrf-recirculation=\"saber-mas-abajo\" data-dl-event=\"saber-mas-abajo\" rel=\"nofollow noopener\" target=\"_blank\"><\/p>\n<p class=\"know-more__title\">Laura Madrue\u00f1o habla tras las c\u00e1maras de &#8216;Supervivientes&#8217;: de la \u201ctensi\u00f3n\u201d del estreno a lo que \u201cafectan\u201d las audiencias<\/p>\n<p>            <img decoding=\"async\" class=\"lazy\" loading=\"lazy\" data-src=\"https:\/\/static.eldiario.es\/clip\/eaf90ef4-4bda-4715-b12b-e02b0fc5a18e_16-9-aspect-ratio_default_0.jpg\" src=\"data:image\/svg+xml,%3Csvg xmlns=\" http:=\"\" viewbox=\"0 0 880 495\" alt=\"Laura Madrue\u00f1o habla tras las c\u00e1maras de 'Supervivientes': de la &quot;tensi\u00f3n&quot; del estreno a lo que &quot;afectan&quot; las audiencias\"\/><\/p>\n<p>                        <\/a><\/p>\n<p class=\"article-text\">\n        ABC suspendi\u00f3 el exitoso programa despu\u00e9s de que su presentador dijera que la extrema derecha estadounidense (el movimiento MAGA, concretamente) pretend\u00eda \u201csacar provecho del asesinato de Charlie Kirk\u201d. Pero hay un detalle que ha encendido las alarmas: la cadena peg\u00f3 este inesperado volantazo cuando la Comisi\u00f3n Federal de Comunicaciones (organismo dependiente del Gobierno de Trump) <a href=\"https:\/\/www.eldiario.es\/internacional\/abc-suspende-programa-comico-jimmy-kimmel-comentario-asesinato-charlie-kirk-trump-celebra_1_12611722.html\" target=\"_blank\" data-mrf-recirculation=\"links-noticia\" class=\"link\" rel=\"nofollow noopener\">amenaz\u00f3 con represalias<\/a> si no se tomaban medidas contra Kimmel. El presidente no tard\u00f3 en aplaudir la reacci\u00f3n de ABC, aunque cree que llega tarde.\n    <\/p>\n","protected":false},"excerpt":{"rendered":"La actriz canadiense Tatiana Maslany, protagonista de la serie She Hulk: Abogada Hulka, ha puesto el grito en&hellip;\n","protected":false},"author":2,"featured_media":130060,"comment_status":"","ping_status":"","sticky":false,"template":"","format":"standard","meta":{"footnotes":""},"categories":[91],"tags":[41751,35691,1060,146,147,25,24,27024,2395,20984,34,1043,1440,156,41750,23],"class_list":{"0":"post-130059","1":"post","2":"type-post","3":"status-publish","4":"format-standard","5":"has-post-thumbnail","7":"category-entretenimiento","8":"tag-boicotear","9":"tag-cancelar","10":"tag-disney","11":"tag-entertainment","12":"tag-entretenimiento","13":"tag-es","14":"tag-espana","15":"tag-fallon","16":"tag-hulk","17":"tag-jimmy","18":"tag-pide","19":"tag-plataforma","20":"tag-protagonista","21":"tag-serie","22":"tag-she","23":"tag-spain"},"share_on_mastodon":{"url":"","error":""},"_links":{"self":[{"href":"https:\/\/www.europesays.com\/es\/wp-json\/wp\/v2\/posts\/130059","targetHints":{"allow":["GET"]}}],"collection":[{"href":"https:\/\/www.europesays.com\/es\/wp-json\/wp\/v2\/posts"}],"about":[{"href":"https:\/\/www.europesays.com\/es\/wp-json\/wp\/v2\/types\/post"}],"author":[{"embeddable":true,"href":"https:\/\/www.europesays.com\/es\/wp-json\/wp\/v2\/users\/2"}],"replies":[{"embeddable":true,"href":"https:\/\/www.europesays.com\/es\/wp-json\/wp\/v2\/comments?post=130059"}],"version-history":[{"count":0,"href":"https:\/\/www.europesays.com\/es\/wp-json\/wp\/v2\/posts\/130059\/revisions"}],"wp:featuredmedia":[{"embeddable":true,"href":"https:\/\/www.europesays.com\/es\/wp-json\/wp\/v2\/media\/130060"}],"wp:attachment":[{"href":"https:\/\/www.europesays.com\/es\/wp-json\/wp\/v2\/media?parent=130059"}],"wp:term":[{"taxonomy":"category","embeddable":true,"href":"https:\/\/www.europesays.com\/es\/wp-json\/wp\/v2\/categories?post=130059"},{"taxonomy":"post_tag","embeddable":true,"href":"https:\/\/www.europesays.com\/es\/wp-json\/wp\/v2\/tags?post=130059"}],"curies":[{"name":"wp","href":"https:\/\/api.w.org\/{rel}","templated":true}]}}