{"id":130066,"date":"2025-09-21T18:08:12","date_gmt":"2025-09-21T18:08:12","guid":{"rendered":"https:\/\/www.europesays.com\/es\/130066\/"},"modified":"2025-09-21T18:08:12","modified_gmt":"2025-09-21T18:08:12","slug":"fallece-una-mujer-de-71-anos-al-salirse-su-coche-de-la-carretera-en-cartagena","status":"publish","type":"post","link":"https:\/\/www.europesays.com\/es\/130066\/","title":{"rendered":"Fallece una mujer de 71 a\u00f1os al salirse su coche de la carretera en Cartagena"},"content":{"rendered":"<p><img fetchpriority=\"high\" class=\"v-a-img\" src=\"https:\/\/www.europesays.com\/es\/wp-content\/uploads\/2025\/09\/santa-lucia-kLxD-RSaelCw4qvO5Id45bh0i3KI-1200x840@La Verdad.jpg\" loading=\"eager\" decoding=\"async\" alt=\"Imagen de archivo del hospital Santa Luc\u00eda.\"  width=\"1200\" height=\"840\"\/><\/p>\n<p>Imagen de archivo del hospital Santa Luc\u00eda.          Pablo S\u00e1nchez \/ AGM        <\/p>\n<p>Su marido, de 75 a\u00f1os, que iba conduciendo, fue trasladado al hospital Santa Luc\u00eda con pron\u00f3stico grave<\/p>\n<p class=\"v-mdl-ath__p v-mdl-ath__p--6\">\nDomingo, 21 de septiembre 2025, 16:26<\/p>\n<p class=\"v-p\">La lista negra de muertes en carretera continu\u00f3 aumentando este fin de semana. Una mujer de 71 a\u00f1os falleci\u00f3 este s\u00e1bado en un accidente de tr\u00e1fico registrado en Cartagena, cerca del pol\u00edgono industrial Cabezo Beaza, seg\u00fan confirmaron fuentes municipales. La mujer viajaba como copiloto en un veh\u00edculo que conduc\u00eda su marido, de 75 a\u00f1os, que fue trasladado al hospital Santa Luc\u00eda con pron\u00f3stico grave. <\/p>\n<p class=\"v-p\">La Polic\u00eda Local de Cartagena ha iniciado una investigaci\u00f3n para tratar de aclarar las circunstancias del siniestro, ocurrido a las 15.30 horas de este s\u00e1bado. El coche en el que viajaban los septuagenarios circulaba por la carretera de San F\u00e9lix, cerca del citado pol\u00edgono industrial, cuando se sali\u00f3 de la v\u00eda por causas que se indagan. El cuerpo de la mujer fue trasladado al Instituto de Medicina Legal para la realizaci\u00f3n de la autopsia.<\/p>\n<p class=\"v-p\">El pasado a\u00f1o 48 vecinos de la Regi\u00f3n se dejaron la vida sobre el asfalto y otros 251 acabaron en un hospital con lesiones de gravedad, muchas de ellas permanentes, de acuerdo a la estad\u00edstica que maneja la Direcci\u00f3n General de Tr\u00e1fico (DGT). En lo que va de a\u00f1o -hasta el pasado 17 de septiembre- han sido 42 los fallecidos y 203 los heridos graves.<\/p>\n<p>Comenta<\/p>\n<p>Reporta un error<\/p>\n","protected":false},"excerpt":{"rendered":"Imagen de archivo del hospital Santa Luc\u00eda. Pablo S\u00e1nchez \/ AGM Su marido, de 75 a\u00f1os, que iba&hellip;\n","protected":false},"author":2,"featured_media":130067,"comment_status":"","ping_status":"","sticky":false,"template":"","format":"standard","meta":{"footnotes":""},"categories":[8],"tags":[988,17,18,18791,4995,3075,25,24,5992,13,14,11,19,20,2461,9,10,15,16,41615,23,12,21,22],"class_list":{"0":"post-130066","1":"post","2":"type-post","3":"status-publish","4":"format-standard","5":"has-post-thumbnail","7":"category-espana","8":"tag-anos","9":"tag-breaking-news","10":"tag-breakingnews","11":"tag-carretera","12":"tag-cartagena","13":"tag-coche","14":"tag-es","15":"tag-espana","16":"tag-fallece","17":"tag-featured-news","18":"tag-featurednews","19":"tag-headlines","20":"tag-latest-news","21":"tag-latestnews","22":"tag-mujer","23":"tag-news","24":"tag-noticias","25":"tag-noticias-destacadas","26":"tag-noticiasdestacadas","27":"tag-salirse","28":"tag-spain","29":"tag-titulares","30":"tag-ultimas-noticias","31":"tag-ultimasnoticias"},"share_on_mastodon":{"url":"","error":""},"_links":{"self":[{"href":"https:\/\/www.europesays.com\/es\/wp-json\/wp\/v2\/posts\/130066","targetHints":{"allow":["GET"]}}],"collection":[{"href":"https:\/\/www.europesays.com\/es\/wp-json\/wp\/v2\/posts"}],"about":[{"href":"https:\/\/www.europesays.com\/es\/wp-json\/wp\/v2\/types\/post"}],"author":[{"embeddable":true,"href":"https:\/\/www.europesays.com\/es\/wp-json\/wp\/v2\/users\/2"}],"replies":[{"embeddable":true,"href":"https:\/\/www.europesays.com\/es\/wp-json\/wp\/v2\/comments?post=130066"}],"version-history":[{"count":0,"href":"https:\/\/www.europesays.com\/es\/wp-json\/wp\/v2\/posts\/130066\/revisions"}],"wp:featuredmedia":[{"embeddable":true,"href":"https:\/\/www.europesays.com\/es\/wp-json\/wp\/v2\/media\/130067"}],"wp:attachment":[{"href":"https:\/\/www.europesays.com\/es\/wp-json\/wp\/v2\/media?parent=130066"}],"wp:term":[{"taxonomy":"category","embeddable":true,"href":"https:\/\/www.europesays.com\/es\/wp-json\/wp\/v2\/categories?post=130066"},{"taxonomy":"post_tag","embeddable":true,"href":"https:\/\/www.europesays.com\/es\/wp-json\/wp\/v2\/tags?post=130066"}],"curies":[{"name":"wp","href":"https:\/\/api.w.org\/{rel}","templated":true}]}}