{"id":130070,"date":"2025-09-21T18:10:16","date_gmt":"2025-09-21T18:10:16","guid":{"rendered":"https:\/\/www.europesays.com\/es\/130070\/"},"modified":"2025-09-21T18:10:16","modified_gmt":"2025-09-21T18:10:16","slug":"el-granollers-impone-su-ritmo-y-frena-la-remontada-del-ademar-36-39","status":"publish","type":"post","link":"https:\/\/www.europesays.com\/es\/130070\/","title":{"rendered":"El Granollers impone su ritmo y frena la remontada del Ademar (36-39)"},"content":{"rendered":"<p>El Palacio de los Deportes Urbano Gonz\u00e1lez Escapa\u00a0fue testigo de un duelo intenso que no termin\u00f3 a favor del Abanca Ademar. En la segunda jornada de la Liga ASOBAL, el equipo leon\u00e9s perdi\u00f3 por 36-39 ante el Fraikin BM Granollers, que se mostr\u00f3 superior durante buena parte del partido, especialmente en ataque, mientras la defensa local no logr\u00f3 imponerse.<\/p>\n<p>Granollers impone su ritmo desde el inicio<\/p>\n<p>Desde los primeros compases, Granollers marc\u00f3 el ritmo con transiciones r\u00e1pidas y un ataque fluido que puso en aprietos a los locales. En apenas cuatro minutos, ya consegu\u00edan abrir una peque\u00f1a brecha en el marcador, gracias a una defensa que presionaba y dificultaba la creaci\u00f3n ofensiva del Ademar.<\/p>\n<p>Los leoneses, por su parte, sufrieron para encontrar su juego. A pesar de la insistencia de Gonzalo P\u00e9rez y algunos destellos de calidad, la falta de precisi\u00f3n en los lanzamientos y la incapacidad para contener los ataques visitantes permitieron a Granollers distanciarse hasta los siete goles en el minuto 20 (8-15). Fue entonces cuando el equipo de Dani Gordo reaccion\u00f3 con una mayor intensidad defensiva y el apoyo crucial de \u00c1lvaro P\u00e9rez bajo palos, logrando reducir la diferencia al descanso (16-20).<\/p>\n<p>La reacci\u00f3n tard\u00eda que no fue suficiente<\/p>\n<p>El Ademar mostr\u00f3 car\u00e1cter y rebaj\u00f3 la diferencia hasta quedarse a cuatro goles en los minutos finales, apoyado en paradas clave y un ataque m\u00e1s fluido. Sin embargo, no logr\u00f3 prolongar esa racha y Granollers supo mantener la calma para asegurar la victoria.<\/p>\n<p>Segunda mitad con alternativas<\/p>\n<p>El inicio de la segunda mitad pareci\u00f3 devolver la ventaja al equipo catal\u00e1n, que r\u00e1pidamente ampli\u00f3 la renta a ocho goles (18-26). Sin embargo, la entrada de Saeid en la porter\u00eda le dio un nuevo aire al Ademar, que comenz\u00f3 a recortar distancias poco a poco gracias a su velocidad y rapidez en ataque.<\/p>\n<p>Cuando restaban poco m\u00e1s de 14 minutos, los locales estaban a solo cuatro goles (28-32), con el p\u00fablico alentando y la esperanza intacta. No obstante, la veteran\u00eda y control del Granollers en el tramo final evitaron que la remontada se hiciera realidad, manteniendo la ventaja hasta el pitido final.<\/p>\n<p>Un lanzamiento clave de Gonzalo P\u00e9rez en los \u00faltimos minutos que podr\u00eda haber acercado a\u00fan m\u00e1s al Ademar no encontr\u00f3 porter\u00eda, sellando la derrota local. As\u00ed, el equipo leon\u00e9s deber\u00e1 seguir trabajando para mejorar su defensa y no dejar escapar oportunidades en futuros encuentros en casa.<\/p>\n<p>Tres claves del partido<\/p>\n<p><strong>1. Eficacia ofensiva de Granollers<\/strong><\/p>\n<p>El equipo catal\u00e1n fue muy efectivo en ataque durante todo el partido, especialmente en la segunda mitad, donde aprovech\u00f3 la falta de intensidad defensiva del Ademar para ampliar su ventaja. Sus r\u00e1pidas transiciones y aciertos bajo presi\u00f3n marcaron la diferencia.<\/p>\n<p><strong>2. Problemas defensivos del Ademar<\/strong><\/p>\n<p>La defensa local no logr\u00f3 frenar las acometidas visitantes, especialmente en los primeros 20 minutos y en el arranque del segundo tiempo. A pesar de los ajustes t\u00e1cticos de Dani Gordo y la entrada de Saeid en porter\u00eda, el equipo sufri\u00f3 para contener a Granollers, que encontr\u00f3 con facilidad espacios para anotar.<\/p>\n<p><strong>3. La reacci\u00f3n tard\u00eda que no fue suficiente<\/strong><\/p>\n<p>El Ademar mostr\u00f3 car\u00e1cter y rebaj\u00f3 la diferencia hasta quedarse a cuatro goles en los minutos finales, apoyado en paradas clave y un ataque m\u00e1s fluido. Sin embargo, no logr\u00f3 prolongar esa racha y Granollers supo mantener la calma para asegurar la victoria.<\/p>\n<p>Presencia destacada en las gradas<\/p>\n<p>Fuera de la pista, el partido tuvo un invitado especial en las gradas: I\u00f1aki Urdangarin, acompa\u00f1ado por su pareja, viaj\u00f3 hasta Le\u00f3n para apoyar a su hijo Pablo Urdangarin, extremo del Granollers, quien este verano estuvo en conversaciones para unirse al Ademar, pero finalmente opt\u00f3 por quedarse en el club catal\u00e1n.<\/p>\n<p><img decoding=\"async\" width=\"1290\" height=\"813\" alt=\"WhatsApp Image 2025-09-21 at 14.46.22\" src=\"https:\/\/www.europesays.com\/es\/wp-content\/uploads\/2025\/09\/2025092114464767065.jpg\" loading=\"lazy\"  \/><br \/>\nI\u00f1aki Urdangarin, acompa\u00f1ado por su pareja en el\u00a0Palacio de los Deportes Urbano Gonz\u00e1lez Escapa.<\/p>\n<p><strong>Ficha t\u00e9cnica<\/strong><\/p>\n<p><strong>36 \u00a0Abanca Ademar:\u00a0<\/strong>\u00a0Saied; Zapico, Edu Fern\u00e1ndez (5), Adri Fern\u00e1ndez, Rodri P\u00e9rez (2), Alberto Mart\u00edn (2), Dar\u00edo Sanz (3) &#8211; siete inicial &#8211; \u00c1lvaro P\u00e9rez, Wasiak (5), Mi\u00f1ambres (6), Rozada, Sergio S\u00e1nchez (1), Gonzalo (11), Samu S\u00e1iz, Albizu (1), Benites<\/p>\n<p><strong>39\u00a0Fraikin Granollers:<\/strong> Krivokapic; Deumal (5), Fischer, Figueras (4), Palomino (3), Reguart (6), Urdangar\u00edn (5) &#8211; siete inicial &#8211; Panitti, Espigul\u00e9, Freitas (2), Fis (4), Povill (1), Armengol, Domingo (3), Franco (6)<\/p>\n<p><strong>Parciales:<\/strong> 2-3, 5-6, 5-10, 8-14, 10-17, 16-20 (descanso) 18-26, 22-29, 26-32, 29-33, 32-37, 36-39 (final)<\/p>\n<p><strong>\u00c1rbitros:<\/strong> Rosendo L\u00f3pez y Friera Cavada. Excluyeron a Gonzalo y a Edu Fern\u00e1ndez por parte del Abanca Ademar y a Urdangar\u00edn, Freitas, Deumal y a Palomino por parte del Fraikin Granollers.<\/p>\n<p><strong>Incidencias:<\/strong> Palacio de los Deportes Urbano Gonz\u00e1lez Escapa. Jornada 2 de la Liga Asobal<\/p>\n","protected":false},"excerpt":{"rendered":"El Palacio de los Deportes Urbano Gonz\u00e1lez Escapa\u00a0fue testigo de un duelo intenso que no termin\u00f3 a favor&hellip;\n","protected":false},"author":2,"featured_media":130071,"comment_status":"","ping_status":"","sticky":false,"template":"","format":"standard","meta":{"footnotes":""},"categories":[278],"tags":[21857,376,168,25,24,375,23,167],"class_list":{"0":"post-130070","1":"post","2":"type-post","3":"status-publish","4":"format-standard","5":"has-post-thumbnail","7":"category-balonmano","8":"tag-abanca-ademar","9":"tag-balonmano","10":"tag-deportes","11":"tag-es","12":"tag-espana","13":"tag-handball","14":"tag-spain","15":"tag-sports"},"share_on_mastodon":{"url":"","error":""},"_links":{"self":[{"href":"https:\/\/www.europesays.com\/es\/wp-json\/wp\/v2\/posts\/130070","targetHints":{"allow":["GET"]}}],"collection":[{"href":"https:\/\/www.europesays.com\/es\/wp-json\/wp\/v2\/posts"}],"about":[{"href":"https:\/\/www.europesays.com\/es\/wp-json\/wp\/v2\/types\/post"}],"author":[{"embeddable":true,"href":"https:\/\/www.europesays.com\/es\/wp-json\/wp\/v2\/users\/2"}],"replies":[{"embeddable":true,"href":"https:\/\/www.europesays.com\/es\/wp-json\/wp\/v2\/comments?post=130070"}],"version-history":[{"count":0,"href":"https:\/\/www.europesays.com\/es\/wp-json\/wp\/v2\/posts\/130070\/revisions"}],"wp:featuredmedia":[{"embeddable":true,"href":"https:\/\/www.europesays.com\/es\/wp-json\/wp\/v2\/media\/130071"}],"wp:attachment":[{"href":"https:\/\/www.europesays.com\/es\/wp-json\/wp\/v2\/media?parent=130070"}],"wp:term":[{"taxonomy":"category","embeddable":true,"href":"https:\/\/www.europesays.com\/es\/wp-json\/wp\/v2\/categories?post=130070"},{"taxonomy":"post_tag","embeddable":true,"href":"https:\/\/www.europesays.com\/es\/wp-json\/wp\/v2\/tags?post=130070"}],"curies":[{"name":"wp","href":"https:\/\/api.w.org\/{rel}","templated":true}]}}