{"id":130088,"date":"2025-09-21T18:21:08","date_gmt":"2025-09-21T18:21:08","guid":{"rendered":"https:\/\/www.europesays.com\/es\/130088\/"},"modified":"2025-09-21T18:21:08","modified_gmt":"2025-09-21T18:21:08","slug":"recreo-traslada-su-6a-edicion-a-la-petxina","status":"publish","type":"post","link":"https:\/\/www.europesays.com\/es\/130088\/","title":{"rendered":"Recreo traslada su 6\u00aa edici\u00f3n a La Petxina"},"content":{"rendered":"<p>VAL\u00c8NCIA.\u00a0La sexta edici\u00f3n de Recreo Valencia Art Book Fair tendr\u00e1 lugar del 3 al 5 de octubre de 2025, reuniendo a editoriales y proyectos de todo el mundo. Como novedad, este a\u00f1o el evento se celebra en una nueva localizaci\u00f3n, el Complejo Cultural La Petxina y lo m\u00e1s importante, contar\u00e1 con nuevos horarios ampliados de apertura y cierre.<\/p>\n<p>Este a\u00f1o la gr\u00e1fica de Recreo ha sido dise\u00f1ada por Antonio Ballesteros, dise\u00f1ador invitado que propone un imaginario visual construido a partir de un juego de decodificaci\u00f3n. Su propuesta emula estrategias de ocultamiento digital como las que utilizan palabras codificadas para sortear buscadores en internet, donde los n\u00fameros se transforman en letras y se combinan con dibujos de su proyecto CURVA.<\/p>\n<p>Entre las propuestas de su programa, el viernes se presentar\u00e1 \u201c2013\u20132025\u201d del artista valenciano \u00c1lex Marco, un volumen que re\u00fane doce a\u00f1os de trabajo del artista y que cuenta con la participaci\u00f3n de Antonio Ballesteros y C\u00e9sar Novella. Tambi\u00e9n habr\u00e1 ocasi\u00f3n de conocer la experiencia de Quintal, una singular mezcla de editorial, librer\u00eda y taller de risograf\u00eda de Par\u00eds, que compartir\u00e1 su visi\u00f3n sobre la edici\u00f3n como pr\u00e1ctica artesanal y apasionada.<\/p>\n<p>El s\u00e1bado trendremos la intervenci\u00f3n de <strong>Sam Kim<\/strong>, fundador de Common Imprint, que abordar\u00e1 las redes editoriales en Asia y c\u00f3mo \u00e9stas generan plataformas colectivas de intercambio y experimentaci\u00f3n. Acto seguido, <strong>Carolina Velasco<\/strong> presentar\u00e1 el proyecto \u201cPara:labra de:liciosa con cari\u00f1o\u201d, un experimento editorial que juega entre lo visual y lo escrito, entre el deseo y el humor, para explorar lo marginal y lo gestual.<\/p>\n<p>El domingo ser\u00e1 el turno de <strong>Y\u00e1snaya A. Gil<\/strong>, autora de Oaxaca, que conversar\u00e1 con <strong>Aina Monferrer<\/strong> sobre la potencia de las lenguas no hegem\u00f3nicas para cuestionar el colonialismo en el mundo editorial y abrir nuevas formas de cuidado y traducci\u00f3n. Para finalizar, <strong>Geo Padu<\/strong>, junto a Estivi y Jhan Pool, presentar\u00e1 GEOMOFA, un libro nacido de la pasi\u00f3n por los mapas, el urbanismo y el juego, que transformar\u00e1 la lectura en un viaje l\u00fadico por Valencia.<\/p>\n<p>Durante los tres d\u00edas se podr\u00e1 visitar la exposici\u00f3n Kids Photobook Archive, comisariada por <strong>Tambourine<\/strong>, una colecci\u00f3n \u00fanica de m\u00e1s de veinte fotolibros infantiles publicados entre 1930 y 1980, que invita tanto a ni\u00f1os como a adultos a descubrir un subg\u00e9nero poco explorado en el que la fotograf\u00eda despliega todo su potencial narrativo.<\/p>\n<p>La feria tambi\u00e9n se extiende m\u00e1s all\u00e1 del espacio expositivo con su tradicional celebraci\u00f3n nocturna. La noche del <strong>s\u00e1bado 4 de octubre<\/strong>, la <strong>Sala Peter Rock<\/strong> acoger\u00e1 la fiesta de Recreo, con un set del colectivo <strong>Hits With Tits<\/strong>, continuar\u00e1 con una sesi\u00f3n de <strong>x.drey<\/strong> y culminar\u00e1 con el espect\u00e1culo sonoro de <strong>Angelinayuli<\/strong>. De este modo, Recreo Art Book Fair vuelve a ser mucho m\u00e1s que una feria: un espacio vivo, inclusivo y multidisciplinar que combina libros, pensamiento cr\u00edtico, m\u00fasica y celebraci\u00f3n, generando una comunidad en torno a la cultura impresa contempor\u00e1nea.<\/p>\n","protected":false},"excerpt":{"rendered":"VAL\u00c8NCIA.\u00a0La sexta edici\u00f3n de Recreo Valencia Art Book Fair tendr\u00e1 lugar del 3 al 5 de octubre de&hellip;\n","protected":false},"author":2,"featured_media":130089,"comment_status":"","ping_status":"","sticky":false,"template":"","format":"standard","meta":{"footnotes":""},"categories":[172],"tags":[224,146,147,25,24,225,23],"class_list":{"0":"post-130088","1":"post","2":"type-post","3":"status-publish","4":"format-standard","5":"has-post-thumbnail","7":"category-libros","8":"tag-books","9":"tag-entertainment","10":"tag-entretenimiento","11":"tag-es","12":"tag-espana","13":"tag-libros","14":"tag-spain"},"share_on_mastodon":{"url":"","error":""},"_links":{"self":[{"href":"https:\/\/www.europesays.com\/es\/wp-json\/wp\/v2\/posts\/130088","targetHints":{"allow":["GET"]}}],"collection":[{"href":"https:\/\/www.europesays.com\/es\/wp-json\/wp\/v2\/posts"}],"about":[{"href":"https:\/\/www.europesays.com\/es\/wp-json\/wp\/v2\/types\/post"}],"author":[{"embeddable":true,"href":"https:\/\/www.europesays.com\/es\/wp-json\/wp\/v2\/users\/2"}],"replies":[{"embeddable":true,"href":"https:\/\/www.europesays.com\/es\/wp-json\/wp\/v2\/comments?post=130088"}],"version-history":[{"count":0,"href":"https:\/\/www.europesays.com\/es\/wp-json\/wp\/v2\/posts\/130088\/revisions"}],"wp:featuredmedia":[{"embeddable":true,"href":"https:\/\/www.europesays.com\/es\/wp-json\/wp\/v2\/media\/130089"}],"wp:attachment":[{"href":"https:\/\/www.europesays.com\/es\/wp-json\/wp\/v2\/media?parent=130088"}],"wp:term":[{"taxonomy":"category","embeddable":true,"href":"https:\/\/www.europesays.com\/es\/wp-json\/wp\/v2\/categories?post=130088"},{"taxonomy":"post_tag","embeddable":true,"href":"https:\/\/www.europesays.com\/es\/wp-json\/wp\/v2\/tags?post=130088"}],"curies":[{"name":"wp","href":"https:\/\/api.w.org\/{rel}","templated":true}]}}