{"id":130120,"date":"2025-09-21T18:39:08","date_gmt":"2025-09-21T18:39:08","guid":{"rendered":"https:\/\/www.europesays.com\/es\/130120\/"},"modified":"2025-09-21T18:39:08","modified_gmt":"2025-09-21T18:39:08","slug":"es-italo-argentino-y-piloto-de-red-bull-y-fue-campeon-en-europa-otro-paso-en-su-sueno-para-formula-1","status":"publish","type":"post","link":"https:\/\/www.europesays.com\/es\/130120\/","title":{"rendered":"Es \u00edtalo-argentino y piloto de Red Bull, y fue campe\u00f3n en Europa: otro paso en su sue\u00f1o para F\u00f3rmula 1"},"content":{"rendered":"<p><img alt=\"El festejo de Mattia Colnaghi\" class=\"global-image\" decoding=\"async\" fetchpriority=\"high\" height=\"1366\" loading=\"eager\" src=\"https:\/\/www.europesays.com\/es\/wp-content\/uploads\/2025\/09\/7PGUH7WZ2JA4LJGHKMO6VVWFS4.jpeg\" width=\"2048\"\/>El festejo de Mattia Colnaghi con la bandera argentina<\/p>\n<p class=\"paragraph\">El \u00edtalo-argentino <a rel=\"noopener noreferrer nofollow\" href=\"https:\/\/www.infobae.com\/deportes\/2025\/08\/22\/tras-los-pasos-de-colapinto-radiografia-del-argentino-fichado-por-red-bull-y-que-suena-con-llegar-a-la-f1\/\" target=\"_blank\" title=\"https:\/\/www.infobae.com\/deportes\/2025\/08\/22\/tras-los-pasos-de-colapinto-radiografia-del-argentino-fichado-por-red-bull-y-que-suena-con-llegar-a-la-f1\/\"><b>Mattia Colnaghi<\/b><\/a> se consagr\u00f3 campe\u00f3n de forma anticipada de la <b>Eurocup 3<\/b>, una de las categor\u00edas promocionales hacia la <b>F\u00f3rmula 1<\/b>. El joven de 17 a\u00f1os logr\u00f3 un doble podio este fin de semana en el circuito espa\u00f1ol de <b>Jerez de la Frontera<\/b>, donde gan\u00f3 y fue tercero. Esto le permiti\u00f3 asegurarse el t\u00edtulo en la s\u00e9ptima y pen\u00faltima fecha de la temporada. <\/p>\n<p class=\"paragraph\">El chico, nacido (26\/06\/2008) en Monza, Italia, e hijo de una Argentina, fue reclutado por el programa <b>Red Bull Junior<\/b> y en el escenario ib\u00e9rico ya luci\u00f3 en su monoposto Taatus los colores de la bebida energizante. <\/p>\n<p class=\"paragraph\">En la primera competencia llevada a cabo este s\u00e1bado, Mattia complet\u00f3 el podio detr\u00e1s del tailand\u00e9s <b>Enzo Tarnvanichkul <\/b>y el franc\u00e9s<b> Jules Caranta<\/b>, ambos tambi\u00e9n integrantes de la academia de desarrollo de pilotos Red Bull.<\/p>\n<p class=\"paragraph\">Este domingo, <b>Colnaghi<\/b> parti\u00f3 adelante luego de conseguir la pole positions (mejor tiempo en la clasificaci\u00f3n) y se impuso. Fue escoltado por el polaco <b>Kacper Sztuka <\/b>y el mexicano <b>Ernesto Rivera<\/b>. <\/p>\n<p class=\"paragraph\">\u201cMi pasi\u00f3n por el automovilismo empez\u00f3 muy pronto. Siempre he visto la F1 por televisi\u00f3n y siempre me han encantado los coches de carreras. Mi padre tambi\u00e9n es un gran apasionado del deporte, as\u00ed que asistimos a muchos fines de semana de F1, lo que despert\u00f3 mi amor por este deporte\u201d, cont\u00f3 <a rel=\"noopener noreferrer nofollow\" href=\"https:\/\/www.infobae.com\/deportes\/2025\/09\/03\/entrevista-con-mattia-colnaghi-el-italo-argentino-reclutado-por-red-bull-mi-sueno-es-ser-campeon-de-la-formula-1\/\" target=\"_blank\" title=\"https:\/\/www.infobae.com\/deportes\/2025\/09\/03\/entrevista-con-mattia-colnaghi-el-italo-argentino-reclutado-por-red-bull-mi-sueno-es-ser-campeon-de-la-formula-1\/\"><b>Mattia en una entrevista con Infobae<\/b><\/a>. <\/p>\n<p><img alt=\"Mattia Colnaghi cruza primero la\" class=\"global-image\" decoding=\"async\" fetchpriority=\"low\" height=\"1366\" loading=\"lazy\" src=\"https:\/\/www.europesays.com\/es\/wp-content\/uploads\/2025\/09\/IJNWJ6DYXNFZJLFQBZBRNGKR4Y.jpeg\" width=\"2048\"\/>Mattia Colnaghi cruza primero la meta en Jerez y se consagra campe\u00f3n anticipado de la Eurocup 3 <\/p>\n<p class=\"paragraph\">Suele viajar a Argentina para las fiestas de Fin de A\u00f1o y Navidad y confes\u00f3 que \u201cmi madre (Martina Bisio) es argentina, de la Patagonia. He estado en Argentina varias veces, cuando visit\u00e9 Argentina para ver a mis familiares, en Chubut, ya que la mitad de mi familia est\u00e1 all\u00ed. Pero normalmente me quedo en Buenos Aires\u201d.<\/p>\n<p class=\"paragraph\">De sus visitas a estas tierras, cuenta que \u201csuelo ir principalmente durante el invierno (europeo) para visitar a familiares. Me encanta la Capital, Buenos Aires; hay mucho que hacer y ver. Tambi\u00e9n disfruto mucho de la comida argentina, como <b>las empanadas, los alfajores y un buen asado, me gusta mucho tambi\u00e9n el arroz con leche. De los que mencion\u00e9, el asado es mi favorito<\/b>\u201d.<\/p>\n<p class=\"paragraph\">Debut\u00f3 en karting en 2020 una vez que se levantaron las restricciones por la pandemia de COVID-19. El a\u00f1o pasado fue campe\u00f3n de la <b>F\u00f3rmula 4 Espa\u00f1ola, con seis victorias y 12 podios sobre 21 competencias<\/b>. <\/p>\n<p class=\"paragraph\">El a\u00f1o pr\u00f3ximo pegar\u00e1 el salto a la <b>F\u00f3rmula 3<\/b> y comenzar\u00e1 a compartir los fines de semana con la F1. Su llegada al ambiente de <b>Red Bull <\/b>caus\u00f3 impacto y cont\u00f3 c\u00f3mo se dio esa posibilidad: \u201cTuve el privilegio de unirme al equipo Red Bull Junior en 2026, conduciendo tambi\u00e9n el coche de MP Motorsport en la FIA F\u00f3rmula 3. Me contactaron despu\u00e9s de un inicio de temporada bastante bueno hasta ahora. Mostraron un inter\u00e9s y me alegr\u00f3 formar parte de un equipo tan importante, as\u00ed que llegamos a un acuerdo\u201d.<\/p>\n<p class=\"paragraph\">Mientras tanto, terminar\u00e1 la temporada de la <b>Eurocup 3 <\/b>y la pr\u00f3xima y \u00faltima fecha ser\u00e1 nuevamente en Espa\u00f1a, en el <b>Circuito de Catalu\u00f1a<\/b>, en Montmel\u00f3. <\/p>\n","protected":false},"excerpt":{"rendered":"El festejo de Mattia Colnaghi con la bandera argentina El \u00edtalo-argentino Mattia Colnaghi se consagr\u00f3 campe\u00f3n de forma&hellip;\n","protected":false},"author":2,"featured_media":130121,"comment_status":"","ping_status":"","sticky":false,"template":"","format":"standard","meta":{"footnotes":""},"categories":[270],"tags":[168,25,24,306,271,272,23,167],"class_list":{"0":"post-130120","1":"post","2":"type-post","3":"status-publish","4":"format-standard","5":"has-post-thumbnail","7":"category-formula-1","8":"tag-deportes","9":"tag-es","10":"tag-espana","11":"tag-f1","12":"tag-formula-1","13":"tag-formula1","14":"tag-spain","15":"tag-sports"},"share_on_mastodon":{"url":"","error":""},"_links":{"self":[{"href":"https:\/\/www.europesays.com\/es\/wp-json\/wp\/v2\/posts\/130120","targetHints":{"allow":["GET"]}}],"collection":[{"href":"https:\/\/www.europesays.com\/es\/wp-json\/wp\/v2\/posts"}],"about":[{"href":"https:\/\/www.europesays.com\/es\/wp-json\/wp\/v2\/types\/post"}],"author":[{"embeddable":true,"href":"https:\/\/www.europesays.com\/es\/wp-json\/wp\/v2\/users\/2"}],"replies":[{"embeddable":true,"href":"https:\/\/www.europesays.com\/es\/wp-json\/wp\/v2\/comments?post=130120"}],"version-history":[{"count":0,"href":"https:\/\/www.europesays.com\/es\/wp-json\/wp\/v2\/posts\/130120\/revisions"}],"wp:featuredmedia":[{"embeddable":true,"href":"https:\/\/www.europesays.com\/es\/wp-json\/wp\/v2\/media\/130121"}],"wp:attachment":[{"href":"https:\/\/www.europesays.com\/es\/wp-json\/wp\/v2\/media?parent=130120"}],"wp:term":[{"taxonomy":"category","embeddable":true,"href":"https:\/\/www.europesays.com\/es\/wp-json\/wp\/v2\/categories?post=130120"},{"taxonomy":"post_tag","embeddable":true,"href":"https:\/\/www.europesays.com\/es\/wp-json\/wp\/v2\/tags?post=130120"}],"curies":[{"name":"wp","href":"https:\/\/api.w.org\/{rel}","templated":true}]}}