{"id":130125,"date":"2025-09-21T18:42:08","date_gmt":"2025-09-21T18:42:08","guid":{"rendered":"https:\/\/www.europesays.com\/es\/130125\/"},"modified":"2025-09-21T18:42:08","modified_gmt":"2025-09-21T18:42:08","slug":"los-duques-de-sussex-reaparecen-en-un-acto-benefico-organizado-por-kevin-costner","status":"publish","type":"post","link":"https:\/\/www.europesays.com\/es\/130125\/","title":{"rendered":"Los duques de Sussex reaparecen en un acto ben\u00e9fico organizado por Kevin Costner"},"content":{"rendered":"<p data-gtm-element-container=\"modulo-texto-link\" class=\"paragraph\">Tras su reciente visita al Reino Unido, donde la semana pasada mantuvo un esperado encuentro con su padre, el rey Carlos III, el pr\u00edncipe Enrique reapareci\u00f3 este s\u00e1bado junto a su esposa, Meghan Markle, en el emblem\u00e1tico concierto ben\u00e9fico One805LIVE!,  impulsado por el actor Kevin Costner y celebrado en la residencia que el propio int\u00e9rprete posee frente a la costa de Santa B\u00e1rbara, en California.<\/p>\n<p data-gtm-element-container=\"modulo-texto-link\" class=\"paragraph\">Esta es la tercera ocasi\u00f3n consecutiva en la que el duque de Sussex participa en una cita solidaria, destinada a recaudar fondos para dotar a los servicios de emergencia del condado y financiar programas de apoyo a la salud mental de los socorristas.<\/p>\n<p data-gtm-element-container=\"modulo-texto-link\" class=\"paragraph\">La elecci\u00f3n del evento no es casual, ya que Enrique, que sirvi\u00f3 durante una d\u00e9cada en el ej\u00e9rcito brit\u00e1nico como piloto de helic\u00f3ptero, ha mostrado reiteradamente su inter\u00e9s en apoyar tanto a los cuerpos de seguridad como a la atenci\u00f3n a la salud mental, causas que considera centrales en su labor p\u00fablica. A esta circunstancia, se suma el hecho de que tanto \u00e9l como su pareja, mantienen actualmente un fuerte v\u00ednculo con la comunidad de Santa B\u00e1rbara, donde residen desde el a\u00f1o 2020.<\/p>\n<blockquote class=\"instagram-media\" data-instgrm-captioned=\"\" data-instgrm-permalink=\"https:\/\/www.instagram.com\/reel\/DO3DZ5pjRiZ\/?utm_source=ig_embed&amp;utm_campaign=loading\" data-instgrm-version=\"14\" style=\" background:#FFF; border:0; border-radius:3px; box-shadow:0 0 1px 0 rgba(0,0,0,0.5),0 1px 10px 0 rgba(0,0,0,0.15); margin: 1px; max-width:540px; min-width:326px; padding:0; width:99.375%; width:-webkit-calc(100% - 2px); width:calc(100% - 2px);\"\/>\n<p data-gtm-element-container=\"modulo-texto-link\" class=\"paragraph\">La velada, que cont\u00f3 con las actuaciones de reconocidos artistas internacionales como Trisha Yearwood, Good Charlotte y The Fray y la presencia de diversos personajes p\u00fablicos como Maria Shriver, exesposa de Arnold Schwarzenegger, y la periodista Oprah Winfrey, alcanz\u00f3 uno de sus momentos \u00e1lgidos cuando el hijo menor de Carlos III se encarg\u00f3 de entregar un reconocimiento al jefe de bomberos del condado de Santa B\u00e1rbara, Mark Hartwig, en agradecimiento a su labor.<\/p>\n<p data-gtm-element-container=\"modulo-texto-link\" class=\"paragraph\">Minutos antes, la duquesa de Sussex, vestida con un elegante camisero azul medianoche sin mangas y tacones en tono canela, hizo tambi\u00e9n una breve aparici\u00f3n sobre el escenario para compartir ante el p\u00fablico un abrazo con el pr\u00edncipe antes de cederle el protagonismo.<\/p>\n<p>Viaje a Europa<\/p>\n<p data-gtm-element-container=\"modulo-texto-link\" class=\"paragraph\">La presencia de la pareja en California llega despu\u00e9s de un mes de septiembre cargado de compromisos profesionales   para Enrique en su viaje por Europa. El hijo menor de Carlos III se desplaz\u00f3 hasta el Reino Unido y Ucrania, donde particip\u00f3 en diversos actos ben\u00e9ficos para expresar su apoyo a militares heridos y veteranos de guerra. Su agenda incluy\u00f3 una parada cargada de simbolismo en Windsor, donde rindi\u00f3 homenaje a su abuela, la reina Isabel II, en el tercer aniversario de su fallecimiento, depositando una corona de flores en su tumba.<\/p>\n<p data-gtm-element-container=\"modulo-texto-link\" class=\"paragraph\">Su visita a su tierra natal estuvo tambi\u00e9n marcada por un breve reencuentro con su padre. El pasado mi\u00e9rcoles, 10 de septiembre, Enrique acudi\u00f3 a Clarence House, en Londres, donde mantuvo una reuni\u00f3n privada con el monarca que se prolong\u00f3 durante 55 minutos. Fue la primera vez que ambos se ve\u00edan desde febrero de 2024.<\/p>\n<p>        Lee tambi\u00e9n<\/p>\n<p>    Enric Trias<\/p>\n<p>             <img loading=\"lazy\" decoding=\"async\" data-full-src=\"https:\/\/www.lavanguardia.com\/uploads\/2024\/08\/17\/66c0720b249f7.jpeg\" alt=\"El pr\u00edncipe Enrique y Meghan Markle en la visita a la escuela La Giralda en Bogot\u00e1 (Colombia)\" width=\"104\" height=\"108\" src=\"https:\/\/www.europesays.com\/es\/wp-content\/uploads\/2025\/09\/66c0720b249f7.r_d.998-626.jpeg\" class=\"lazy\"\/><\/p>\n<p data-gtm-element-container=\"modulo-texto-link\" class=\"paragraph\">En declaraciones realizadas meses atr\u00e1s, el duque de Sussex hab\u00eda expresado su deseo de \u201creconciliarse\u201d con el resto de la familia real, aunque admit\u00eda que la relaci\u00f3n con su progenitor segu\u00eda siendo complicada, sobre todo por cuestiones vinculadas a su seguridad.<\/p>\n<p><script async src=\"\/\/www.instagram.com\/embed.js\"><\/script><\/p>\n","protected":false},"excerpt":{"rendered":"Tras su reciente visita al Reino Unido, donde la semana pasada mantuvo un esperado encuentro con su padre,&hellip;\n","protected":false},"author":2,"featured_media":130126,"comment_status":"","ping_status":"","sticky":false,"template":"","format":"standard","meta":{"footnotes":""},"categories":[174],"tags":[255,146,147,25,24,256,23],"class_list":{"0":"post-130125","1":"post","2":"type-post","3":"status-publish","4":"format-standard","5":"has-post-thumbnail","7":"category-famosos","8":"tag-celebrities","9":"tag-entertainment","10":"tag-entretenimiento","11":"tag-es","12":"tag-espana","13":"tag-famosos","14":"tag-spain"},"share_on_mastodon":{"url":"","error":""},"_links":{"self":[{"href":"https:\/\/www.europesays.com\/es\/wp-json\/wp\/v2\/posts\/130125","targetHints":{"allow":["GET"]}}],"collection":[{"href":"https:\/\/www.europesays.com\/es\/wp-json\/wp\/v2\/posts"}],"about":[{"href":"https:\/\/www.europesays.com\/es\/wp-json\/wp\/v2\/types\/post"}],"author":[{"embeddable":true,"href":"https:\/\/www.europesays.com\/es\/wp-json\/wp\/v2\/users\/2"}],"replies":[{"embeddable":true,"href":"https:\/\/www.europesays.com\/es\/wp-json\/wp\/v2\/comments?post=130125"}],"version-history":[{"count":0,"href":"https:\/\/www.europesays.com\/es\/wp-json\/wp\/v2\/posts\/130125\/revisions"}],"wp:featuredmedia":[{"embeddable":true,"href":"https:\/\/www.europesays.com\/es\/wp-json\/wp\/v2\/media\/130126"}],"wp:attachment":[{"href":"https:\/\/www.europesays.com\/es\/wp-json\/wp\/v2\/media?parent=130125"}],"wp:term":[{"taxonomy":"category","embeddable":true,"href":"https:\/\/www.europesays.com\/es\/wp-json\/wp\/v2\/categories?post=130125"},{"taxonomy":"post_tag","embeddable":true,"href":"https:\/\/www.europesays.com\/es\/wp-json\/wp\/v2\/tags?post=130125"}],"curies":[{"name":"wp","href":"https:\/\/api.w.org\/{rel}","templated":true}]}}