{"id":130127,"date":"2025-09-21T18:43:10","date_gmt":"2025-09-21T18:43:10","guid":{"rendered":"https:\/\/www.europesays.com\/es\/130127\/"},"modified":"2025-09-21T18:43:10","modified_gmt":"2025-09-21T18:43:10","slug":"vivimos-en-una-diarrea-diaria-de-imagenes","status":"publish","type":"post","link":"https:\/\/www.europesays.com\/es\/130127\/","title":{"rendered":"\u201cVivimos en una diarrea diaria de im\u00e1genes\u201d"},"content":{"rendered":"<p><strong>El fot\u00f3grafo Daniel S\u00e1nchez Alonso recoge en su libro \u201cRetrato Editorial en Tiempos de SMS\u201d una cuidada selecci\u00f3n de fotos entre miles de im\u00e1genes suyas, publicadas durante treinta a\u00f1os de oficio. M\u00fasicos, actores, pol\u00edticos, cineastas o personajes de la jet set aparecen en la obra, editada por el sello \u201cParemos la Ciudad\u201d. En su trayectoria, ha compaginado la vertiente profesional con su obra personal, expuesta de manera individual y colectiva desde 1996. Daniel S\u00e1nchez (1972) es m\u00e1s conocido en ambientes fotogr\u00e1ficos bajo el sobrenombre Dan San, denominaci\u00f3n que adem\u00e1s de comprimir su filiaci\u00f3n se vincula con la cultura japonesa: \u201cSan\u201d es un sufijo que muestra respeto y cortes\u00eda.<\/strong><\/p>\n<p><strong>\u2014\u00bfDesde cu\u00e1ndo sumergido en la fotograf\u00eda?<\/strong><\/p>\n<p>\u2014Desde 1993. Como dec\u00eda un amigo, eres fot\u00f3grafo profesional desde que publicas tu primera foto. En mi caso fue en el diario Ya, con foto de unas sillas en una subasta de artistas, a beneficio de una ONG con la que yo estaba colaborando. Esa fue la primera foto. Luego empec\u00e9 a publicar m\u00e1s a partir de 1995.<\/p>\n<p><strong>\u2014En tres d\u00e9cadas de oficio, \u00bfqu\u00e9 ha ido a mejor y qu\u00e9 ha ido a peor? \u00bfQu\u00e9 se ha perdido?<\/strong><\/p>\n<p>\u2014Pues de oficio casi no se habla, porque ahora todo es muy f\u00e1cil. Se busca la recompensa instant\u00e1nea, como pasa con las redes sociales, con lo cual hay menos conciencia de lo que es verdaderamente el oficio. En el caso concreto de la fotograf\u00eda, con el sistema digital, puedes cerrar los ojos, disparar una c\u00e1mara y casi siempre va a salir bien. El oficio, antes, era saber qu\u00e9 pel\u00edculas hab\u00eda, atreverse a meter un rollo en la c\u00e1mara y saber qu\u00e9 hacer con ello, saber medir la luz, etc\u00e9tera. Hemos avanzado en facilidades, pero, por contra, se disfruta y se observa menos.<\/p>\n<p><strong>\u2014Tambi\u00e9n habr\u00e1 alentado el intrusismo. Cualquiera puede hacer una foto\u2026<\/strong><\/p>\n<p>\u2014El pastel ahora es m\u00e1s peque\u00f1o y se reparte entre infinitamente m\u00e1s gente a la que, simplemente, les chifla la fotograf\u00eda, pero no hay oficio. El oficio se hace durante a\u00f1os y d\u00e9cadas.<\/p>\n<p><img loading=\"lazy\" decoding=\"async\" class=\"wp-image-560404 size-medium\" src=\"data:image\/svg+xml,%3Csvg%20xmlns=\" http:=\"\" alt=\"Ram\u00f3n Masats. Fotograf\u00eda de Dan San.\" width=\"300\" height=\"200\" title=\"Daniel S\u00e1nchez: \u201cVivimos en una diarrea diaria de im\u00e1genes\u201d 2\" data-lazy- data-lazy- data-lazy-src=\"https:\/\/www.europesays.com\/es\/wp-content\/uploads\/2025\/09\/Ramon-Masats-master-2000x-300x200.jpg\"\/>Ram\u00f3n Masats. Fotograf\u00eda de Dan San.<\/p>\n<p><strong>\u2014Has vivido el tr\u00e1nsito de lo anal\u00f3gico a lo digital.<\/strong><\/p>\n<p>\u2014S\u00ed. Precisamente el t\u00edtulo del libro se le ocurri\u00f3 a mi mujer, periodista. Habla de \u201cRetrato Editorial en Tiempos de SMS\u201d, porque era en la \u00e9poca en que con un tel\u00e9fono pod\u00edas hablar y como mucho mandar un SMS. La gente que retratabas no estaba tan pendiente de su imagen. Hab\u00eda mayor atenci\u00f3n, mayor conversaci\u00f3n, generar ese retrato que al final es como generar la conversaci\u00f3n. Ahora es todo mucho m\u00e1s r\u00e1pido, m\u00e1s instintivo, con m\u00e1s conciencia del yo, yo, yo, de a ver c\u00f3mo voy a quedar para redes.<\/p>\n<p><strong>\u2014Ese t\u00edtulo vinculado a los SMS suena algo antiguo frente a WhatsApp o TikTok, equivale al gozne entre la era digital y la era anal\u00f3gica.<\/strong><\/p>\n<p>\u2014S\u00ed, es una manera de fluir por el mundo, la conversaci\u00f3n. Todo viene muy bien definido en un texto de Ana S\u00e1nchez dentro del libro: es una manera de vivir y de fluir con menos inmediatez, con m\u00e1s pausa, con m\u00e1s observaci\u00f3n.<\/p>\n<p><strong>\u2014\u2026Qu\u00e9 es la t\u00e9cnica que empleas, algo as\u00ed como slow photo.<\/strong><\/p>\n<p>\u2014S\u00ed, pero en ocasiones es todo lo contrario. Es la adrenalina de llegar a un sitio y elegir r\u00e1pidamente un rinc\u00f3n, un sitio donde vas a retratar al personaje, acorde al medio donde se va a publicar, sabiendo lo que busca ese medio y sabiendo qui\u00e9n es el personaje y qu\u00e9 te va a contar. O si es alguien que saca disco o un libro o es un psic\u00f3logo o es un pol\u00edtico. En funci\u00f3n de eso, pues les tratas. En la revista Emprendedores, por ejemplo, cog\u00eda a unos chavales que hab\u00edan montado una empresa, los sacaba a la calle, con sus port\u00e1tiles, y hac\u00eda un retrato como si fuera para la revista Rolling Stone. O sea, que tambi\u00e9n es divertirse. Adrenalina y divertirse. En ocasiones es un retrato instintivo, muy r\u00e1pido, y en otras es m\u00e1s pausado, con m\u00e1s observaci\u00f3n.<\/p>\n<p><strong>\u2014\u00bfLos m\u00f3viles han ayudado o entorpecen la calidad de la fotograf\u00eda?<\/strong><\/p>\n<p>\u2014Los m\u00f3viles han beneficiado la informaci\u00f3n para la sociedad, a nivel de fotograf\u00eda, de texto y de inmediatez informativa. Aunque, por otro lado, hay tal diarrea informativa que al final la gente est\u00e1 menos enterada, porque los canales son m\u00faltiples y no todos verificados, no todos con la misma precisi\u00f3n. Pero nos ha tra\u00eddo mucha informaci\u00f3n, la facilidad de que cualquiera con un m\u00f3vil pueda contar los incendios que est\u00e1n pasando o equis acontecimientos antes de que llegue un fot\u00f3grafo. Por contra, se presta menos atenci\u00f3n. Se hace m\u00e1s r\u00e1pido, se hacen un mont\u00f3n de fotos con m\u00f3vil, pero no se recurre a alguien con m\u00e1s poso. Ya no que sea profesional, porque lo profesional es cuando comes de ello, pero que tenga mayor recorrido. Antes, con las c\u00e1maras de pel\u00edcula, los aficionados siempre cortaban cabezas o pies, el flash de esa peque\u00f1a c\u00e1mara nunca llegaba a los cuatro metros y la gente siempre sal\u00eda oscura. Ahora todo el mundo saca aparentemente buenas fotos y eso la ha democratizado. Pero, por contra, para la profesi\u00f3n se ha perdido, con tanta fotograf\u00eda y tantos canales de informaci\u00f3n, ese misterio de cuando viajabas a los sitios a traer un reportaje para contar a la gente algo.<\/p>\n<p><img loading=\"lazy\" decoding=\"async\" class=\"size-medium wp-image-560405\" src=\"data:image\/svg+xml,%3Csvg%20xmlns=\" http:=\"\" alt=\"El \u201cMaestro Reverendo\u201d. Fotograf\u00eda de Dan San.\" width=\"245\" height=\"300\" title=\"Daniel S\u00e1nchez: \u201cVivimos en una diarrea diaria de im\u00e1genes\u201d 3\" data-lazy- data-lazy- data-lazy-src=\"https:\/\/www.europesays.com\/es\/wp-content\/uploads\/2025\/09\/Maestro-Reverendo-0005-master-2000x-245x300.jpg\"\/>El \u201cMaestro Reverendo\u201d. Fotograf\u00eda de Dan San.<\/p>\n<p><strong>\u2014Parece que la falsedad en el ecosistema informativo tambi\u00e9n se multiplica en el mundo de la imagen.<\/strong><\/p>\n<p>\u2014Se puede manipular la fotograf\u00eda desde el momento en que haces una captura, cuando ya es una imagen subjetiva. Pones tu mirada, encuadrando de una determinada manera, y lo puedes utilizar para contar en un sentido o en otro. Con lo cual ya es una opini\u00f3n desde el momento en que fotograf\u00edas. Ahora se puede manipular, pero antes tambi\u00e9n. Se habla de c\u00f3mo se manipula ahora con Photoshop y con la Inteligencia Artificial. Pero ya en los tiempos de pel\u00edcula se retocaban, con cuchilla. Siempre ha existido.<\/p>\n<p><strong>\u2014En treinta a\u00f1os tambi\u00e9n ha habido un mayor reconocimiento de la fotograf\u00eda como arte, como disciplina art\u00edstica.<\/strong><\/p>\n<p>\u2014S\u00ed, es como la hermana menor. Especialmente en este pa\u00eds, donde se respeta menos la creatividad, el arte y la fotograf\u00eda. Siempre hay alguien que dice que su primo tiene una c\u00e1mara y hace fotos. Y la gente con el color se entusiasma, pero falta cultura y criterio. Ha ganado mucha cuota con festivales, con gente que ha estudiado fotograf\u00eda o comunicaci\u00f3n. Y ah\u00ed s\u00ed, hay una riqueza mucho mayor.<\/p>\n<p><strong>\u2014Adem\u00e1s del libro, de forma simult\u00e1nea, montas exposiciones itinerantes: Guadalajara, Santander y Palencia. \u00bfAlguna m\u00e1s prevista?<\/strong><\/p>\n<p>\u2014S\u00ed, est\u00e1 previsto Terrassa y, para el a\u00f1o que viene, Badajoz. Hay que ir cerrando fechas y buscar salas en Madrid, en Barcelona. En Segovia est\u00e1 El Torre\u00f3n, est\u00e1 Caja Rural. Tengo que hablar con la directora de Caja Rural. A ver si puede ser en esas salas.<\/p>\n<p><strong>\u2014\u00bfCon qu\u00e9 criterios has seleccionado los retratos entre miles de tu archivo?<\/strong><\/p>\n<p>\u2014S\u00ed, entre los miles que he ido encontrando, porque todav\u00eda quedan muchos en archivo que a\u00fan no he encontrado. Dar\u00eda para un segundo libro y para los siguientes retratos que quiero seguir haciendo. Hab\u00eda unos cuarenta y tantos que entraron en la primera exposici\u00f3n, en Guadalajara. Luego ampli\u00e9 la muestra en Santander y en Palencia lleg\u00f3 hasta los 64. En Terrassa caben hasta 100. El lenguaje de una exposici\u00f3n y el de un libro son distintos. Las secuencias, los ritmos, c\u00f3mo se ven unos con otros, tambi\u00e9n van cambiando.<\/p>\n<p><strong>\u2014\u00bfC\u00f3mo preparas una foto? \u00bfEstudias al personaje?<\/strong><\/p>\n<p>\u2014Cuando Internet no estaba desarrollado como ahora, ten\u00edas tus referencias. No sab\u00edas mucho, aunque depende de la cultura que tuvieras. Bien musical o de literatura o de pol\u00edtica, etc\u00e9tera. Ah\u00ed creabas tu imaginario. Tambi\u00e9n ve\u00edas esa publicaci\u00f3n que te encarga ese retrato. \u00bfPor qu\u00e9 la foto? Si est\u00e1 sacando un disco o si, yo qu\u00e9 s\u00e9, es alguien que est\u00e1 en pol\u00edtica en ese momento. Creas tu propia idea de c\u00f3mo le quieres sacar, qu\u00e9 quieres contar. Hay una parte, en mi caso, en que tienes que jugar a la intuici\u00f3n. Puedes ir con una idea muy clara de lo que quieres retratar, pero se te puede dar la vuelta completamente. Te puede cambiar la luz, puede ser que quedes en un sitio y luego tenga que ser otro\u2026 Es decir, tienes que ser flexible. Me gusta tambi\u00e9n esa chispa de ser capaz de improvisar.<\/p>\n<p><img loading=\"lazy\" decoding=\"async\" class=\"size-medium wp-image-560407\" src=\"data:image\/svg+xml,%3Csvg%20xmlns=\" http:=\"\" alt=\"Estudiantes de la escuela taurina de Salamanca. Fotograf\u00eda de Dan San.\" width=\"300\" height=\"200\" title=\"Daniel S\u00e1nchez: \u201cVivimos en una diarrea diaria de im\u00e1genes\u201d 4\" data-lazy- data-lazy- data-lazy-src=\"https:\/\/www.europesays.com\/es\/wp-content\/uploads\/2025\/09\/Escuela-Taurina-Salamanca-0075-master-2000x-300x200.jpg\"\/>Estudiantes de la escuela taurina de Salamanca. Fotograf\u00eda de Dan San.<\/p>\n<p><strong>\u2014\u00bfAlgunos fot\u00f3grafos que sean referencia?<\/strong><\/p>\n<p>\u2014Un fot\u00f3grafo retratista muy bueno se llamaba Arnold Newman. Hay muchos m\u00e1s referentes. Mark Seliger ha fotografiado y sigue fotografiando a muchos m\u00fasicos. Annie Leibovitz, tambi\u00e9n. Y fuera del retrato, digamos m\u00e1s de autor, Javier Campano, Bernard Plossu o Manuel Sonseca. Son referencias de espa\u00f1oles, aunque Bernard es medio franc\u00e9s, con esa fotograf\u00eda po\u00e9tica y evocadora que me sigue fascinando.<\/p>\n<p><strong>\u2014Estamos pasando de la edad textual a la era de la imagen, con una avalancha de im\u00e1genes que complica discernir lo bueno de la paja\u2026<\/strong><\/p>\n<p>\u2014Vivimos en una diarrea diaria de im\u00e1genes. Se vuelcan im\u00e1genes sin pensar a trav\u00e9s de WhatsApp y de redes sociales, sin m\u00e1s, simplemente para decir \u201cestoy comiendo esto, estoy en este sitio\u201d, pero no hay ni reflexi\u00f3n ni observaci\u00f3n. Las im\u00e1genes requieren educar el ojo. Del que las crea, pero tambi\u00e9n del espectador. No solamente en fotograf\u00eda, tambi\u00e9n en la vida en general. Depende de cada uno tener una mirada o una intenci\u00f3n cr\u00edtica, que quiera cuestionar qu\u00e9 es lo que est\u00e1 viendo, qu\u00e9 est\u00e1 leyendo, qu\u00e9 escucha, y decidir si gusta o si no. Pero si lo das todo por bueno, pues estamos en esa diarrea brutal. Hay que mantenerse alejado de las redes y de esa gran multitud de canales de informaci\u00f3n que nos bombardean la cabeza y no nos dejan vivir.<\/p>\n<p><strong>\u2014Inteligencia Artificial: \u00bfoportunidad o riesgo?<\/strong><\/p>\n<p>\u2014Mucha gente cree que es m\u00e1s una oportunidad, una nueva facilidad, igual que cuando lleg\u00f3 la fotograf\u00eda digital para la poblaci\u00f3n general. Facilit\u00f3 que la gente pudiera verse en fotos, que antes quedaban mal, oscuras, con cabezas cortadas. Por otro lado, para la profesi\u00f3n de fotograf\u00eda es una debacle. Podr\u00e1 ayudar a infinidad de empresas a hacer fotos de producto, a inventar im\u00e1genes sin tener que contratar a un fot\u00f3grafo. El profesional de la fotograf\u00eda ha visto mermada la cantidad de trabajo con el mundo digital, pero con la Inteligencia Artificial es una aut\u00e9ntica debacle. No solamente para la fotograf\u00eda, sino tambi\u00e9n para los dobladores, abogados, actores, para creativos en general, dise\u00f1adores gr\u00e1ficos. Va a ser una convulsi\u00f3n brutal en estos pr\u00f3ximos a\u00f1os.<\/p>\n<p><strong>\u2014\u00bfOtros proyectos en marcha?<\/strong><\/p>\n<p>\u2014Hace a\u00f1o y medio comenc\u00e9 un documental sobre Conservaci\u00f3n de Archivos Fotogr\u00e1ficos. En principio era un proyecto fotogr\u00e1fico, pero ped\u00eda entrevistar a los protagonistas y al momento entend\u00ed que se convert\u00eda en un documental. Empec\u00e9 entrevistando a fot\u00f3grafos, a herederas de archivos fotogr\u00e1ficos y a instituciones. La idea es que escueza y crear conciencia entre p\u00fablico e instituciones, para que entiendan la importancia de acoger archivos fotogr\u00e1ficos. Y al p\u00fablico en general, para que comprenda que esos archivos almacenan nuestro patrimonio y nuestra memoria. Memoria de pueblos, de fiestas, de ciudades, de barrios, que no los podemos dejar abandonados. Los herederos hablan de la dificultad de gestionar un archivo, documentarlo, comprar materiales de archivo, etc. Se trata de crear conciencia entre el p\u00fablico, porque ah\u00ed est\u00e1 la memoria de todos, la historia de todos. Empec\u00e9 yo solo, de manera m\u00e1s conservadora, y luego empec\u00e9 a trabajar con una guionista y un realizador. Es un equipo buen\u00edsimo, con lo cual ha cogido un empaque mucho m\u00e1s profesional, con un guion m\u00e1s elaborado. Nos quedan unas cuantas entrevistas, encontrar subvenciones y buscar financiaci\u00f3n privada. No es de mucho presupuesto, pero requiere de financiaci\u00f3n. Tambi\u00e9n tengo previsto publicar de aqu\u00ed a finales de a\u00f1o un par de libros, m\u00e1s \u00edntimos, en una tirada inferior. Y algo que alimenta el alma, mucho m\u00e1s personal, pero tambi\u00e9n seguramente se va a exponer en febrero.<\/p>\n<p><img loading=\"lazy\" decoding=\"async\" class=\"size-full wp-image-560403\" src=\"data:image\/svg+xml,%3Csvg%20xmlns=\" http:=\"\" alt=\"El fot\u00f3grafo, Daniel S\u00e1nchez Alonso.\" width=\"227\" height=\"227\" title=\"Daniel S\u00e1nchez: \u201cVivimos en una diarrea diaria de im\u00e1genes\u201d 5\" data-lazy- data-lazy- data-lazy-src=\"https:\/\/www.europesays.com\/es\/wp-content\/uploads\/2025\/09\/001_L1019671_150ppp_6x6.jpg\"\/>El fot\u00f3grafo, Daniel S\u00e1nchez Alonso.<br \/>\nEscribiendo la vida con luz<\/p>\n<p>Las fotograf\u00edas de Dan San han aparecido durante d\u00e9cadas en multitud de cabeceras de prensa y editoriales. Ha colaborado en medios como El Pa\u00eds Semanal, Rolling Stone, Vanity Fair, Elle, Yo Dona, FHM, Le Parisien Mag, Bloomberg o XL Semanal, entre otros. Tambi\u00e9n para clientes corporativos como Xbox, Google, YouTube, Universal Pictures, Microsoft, Telemadrid o Planeta. Ha dirigido adem\u00e1s videos para marcas de gastronom\u00eda y otros documentales desde hace m\u00e1s de diez a\u00f1os.<\/p>\n<p>Su trabajo durante el confinamiento en 2020 forma parte de Archivo Covid en la Universidad de Alcal\u00e1 de Henares. Ha participado en las ferias Flecha, entreFotos y su obra se encuentra en colecciones privadas dentro y fuera de Espa\u00f1a. Ha publicado varios libros de fotograf\u00eda como cuadernos de artista, en edici\u00f3n \u00fanica. En oto\u00f1o de 2025 ver\u00e1n la luz dos t\u00edtulos m\u00e1s de trabajos personales en los que lleva trabajando desde hace tiempo. M\u00e1s informaci\u00f3n, en su web, dansanphoto.com<\/p>\n","protected":false},"excerpt":{"rendered":"El fot\u00f3grafo Daniel S\u00e1nchez Alonso recoge en su libro \u201cRetrato Editorial en Tiempos de SMS\u201d una cuidada selecci\u00f3n&hellip;\n","protected":false},"author":2,"featured_media":130128,"comment_status":"","ping_status":"","sticky":false,"template":"","format":"standard","meta":{"footnotes":""},"categories":[173],"tags":[229,233,231,230,232,234,146,147,25,24,23],"class_list":{"0":"post-130127","1":"post","2":"type-post","3":"status-publish","4":"format-standard","5":"has-post-thumbnail","7":"category-arte-y-diseno","8":"tag-arte","9":"tag-arte-y-diseno","10":"tag-arts","11":"tag-arts-and-design","12":"tag-design","13":"tag-diseno","14":"tag-entertainment","15":"tag-entretenimiento","16":"tag-es","17":"tag-espana","18":"tag-spain"},"share_on_mastodon":{"url":"","error":""},"_links":{"self":[{"href":"https:\/\/www.europesays.com\/es\/wp-json\/wp\/v2\/posts\/130127","targetHints":{"allow":["GET"]}}],"collection":[{"href":"https:\/\/www.europesays.com\/es\/wp-json\/wp\/v2\/posts"}],"about":[{"href":"https:\/\/www.europesays.com\/es\/wp-json\/wp\/v2\/types\/post"}],"author":[{"embeddable":true,"href":"https:\/\/www.europesays.com\/es\/wp-json\/wp\/v2\/users\/2"}],"replies":[{"embeddable":true,"href":"https:\/\/www.europesays.com\/es\/wp-json\/wp\/v2\/comments?post=130127"}],"version-history":[{"count":0,"href":"https:\/\/www.europesays.com\/es\/wp-json\/wp\/v2\/posts\/130127\/revisions"}],"wp:featuredmedia":[{"embeddable":true,"href":"https:\/\/www.europesays.com\/es\/wp-json\/wp\/v2\/media\/130128"}],"wp:attachment":[{"href":"https:\/\/www.europesays.com\/es\/wp-json\/wp\/v2\/media?parent=130127"}],"wp:term":[{"taxonomy":"category","embeddable":true,"href":"https:\/\/www.europesays.com\/es\/wp-json\/wp\/v2\/categories?post=130127"},{"taxonomy":"post_tag","embeddable":true,"href":"https:\/\/www.europesays.com\/es\/wp-json\/wp\/v2\/tags?post=130127"}],"curies":[{"name":"wp","href":"https:\/\/api.w.org\/{rel}","templated":true}]}}