{"id":130131,"date":"2025-09-21T18:45:10","date_gmt":"2025-09-21T18:45:10","guid":{"rendered":"https:\/\/www.europesays.com\/es\/130131\/"},"modified":"2025-09-21T18:45:10","modified_gmt":"2025-09-21T18:45:10","slug":"la-serie-de-epoca-que-triunfa-en-netflix-con-el-actor-que-dio-vida-a-tomas-en-la-promesa","status":"publish","type":"post","link":"https:\/\/www.europesays.com\/es\/130131\/","title":{"rendered":"La serie de \u00e9poca que triunfa en Netflix con el actor que dio vida a Tom\u00e1s en &#8216;La Promesa&#8217;"},"content":{"rendered":"<p data-journey-content=\"true\" data-node-id=\"3\" class=\"css-6wxqfj emevuu60\">Si hay una<strong data-node-id=\"3.1\"> telenovela espa\u00f1ola<\/strong> que triunfa en nuestros d\u00edas es, sin duda, &#8216;<a href=\"https:\/\/www.diezminutos.es\/telenovela-la-promesa\/\" target=\"_blank\" data-vars-ga-outbound-link=\"https:\/\/www.diezminutos.es\/telenovela-la-promesa\/\" data-vars-ga-ux-element=\"Hyperlink\" data-vars-ga-call-to-action=\"La Promesa\" data-node-id=\"3.3\" data-mrf-link=\"https:\/\/www.diezminutos.es\/telenovela-la-promesa\/\" class=\"body-link css-177bzfx emevuu60\" rel=\"nofollow noopener\">La Promesa<\/a>&#8216;, que emite a diario La 1 de TVE y que ha servido de trampol\u00edn para muchos actores debutantes, como <strong data-node-id=\"3.5\"><a href=\"https:\/\/www.diezminutos.es\/teleprograma\/series-tv\/a66047219\/ana-garces-nueva-serie-oasis-tras-la-promesa-bambu-netflix\/\" target=\"_blank\" data-vars-ga-outbound-link=\"https:\/\/www.diezminutos.es\/teleprograma\/series-tv\/a66047219\/ana-garces-nueva-serie-oasis-tras-la-promesa-bambu-netflix\/\" data-vars-ga-ux-element=\"Hyperlink\" data-vars-ga-call-to-action=\"Ana Garc\u00e9s\" data-node-id=\"3.5.0\" class=\"body-link css-177bzfx emevuu60\" rel=\"nofollow noopener\">Ana Garc\u00e9s<\/a>. <\/strong>Sin embargo, otros int\u00e9rpretes de la ficci\u00f3n ya eran conocidos por los telespectadores, entre otros, <strong data-node-id=\"3.7\"><a href=\"https:\/\/www.diezminutos.es\/telenovela\/espanolas\/a65593728\/eva-martin-la-promesa-actriz-series-debut-telenovelas\/\" target=\"_blank\" data-vars-ga-outbound-link=\"https:\/\/www.diezminutos.es\/telenovela\/espanolas\/a65593728\/eva-martin-la-promesa-actriz-series-debut-telenovelas\/\" data-vars-ga-ux-element=\"Hyperlink\" data-vars-ga-call-to-action=\"Eva Mart\u00edn\" data-node-id=\"3.7.0\" class=\"body-link css-177bzfx emevuu60\" rel=\"nofollow noopener\">Eva Mart\u00edn<\/a><\/strong> o <strong data-node-id=\"3.9\"><a href=\"https:\/\/www.diezminutos.es\/telenovela\/espanolas\/a65487314\/isabel-serrano-la-promesa-series-amar-en-tiempos-revueltos-servir-y-proteger-la-encrucijada\/\" target=\"_blank\" data-vars-ga-outbound-link=\"https:\/\/www.diezminutos.es\/telenovela\/espanolas\/a65487314\/isabel-serrano-la-promesa-series-amar-en-tiempos-revueltos-servir-y-proteger-la-encrucijada\/\" data-vars-ga-ux-element=\"Hyperlink\" data-vars-ga-call-to-action=\"Isabel Serrano\" data-node-id=\"3.9.0\" class=\"body-link css-177bzfx emevuu60\" rel=\"nofollow noopener\">Isabel Serrano<\/a><\/strong>. Pero hoy queremos hablarte de uno, que aunque <strong data-node-id=\"3.11\">estuvo pocos cap\u00edtulos en &#8216;La Promesa&#8217;<\/strong>, no pas\u00f3 desapercibido, y hoy vemos en otra gran producci\u00f3n espa\u00f1ola, que triunfa en <strong data-node-id=\"3.13\">Nefflix<\/strong>.<\/p>\n<p data-journey-content=\"true\" data-node-id=\"6\" class=\"css-6wxqfj emevuu60\">Se trata de <a href=\"https:\/\/www.diezminutos.es\/telenovela\/espanolas\/a44934695\/la-promesa-jordi-coll-actor-vida-series\/\" target=\"_blank\" data-vars-ga-outbound-link=\"https:\/\/www.diezminutos.es\/telenovela\/espanolas\/a44934695\/la-promesa-jordi-coll-actor-vida-series\/\" data-vars-ga-ux-element=\"Hyperlink\" data-vars-ga-call-to-action=\"Jordi Coll\" data-node-id=\"6.1\" class=\"body-link css-177bzfx emevuu60\" rel=\"nofollow noopener\">Jordi Coll<\/a>, que interpret\u00f3 al fallecido <strong data-node-id=\"6.3\"><a href=\"https:\/\/www.diezminutos.es\/telenovela\/espanolas\/a61150107\/la-promesa-tomas-falsas-mejores\/\" target=\"_blank\" data-vars-ga-outbound-link=\"https:\/\/www.diezminutos.es\/telenovela\/espanolas\/a61150107\/la-promesa-tomas-falsas-mejores\/\" data-vars-ga-ux-element=\"Hyperlink\" data-vars-ga-call-to-action=\"Tom\u00e1s\" data-node-id=\"6.3.0\" class=\"body-link css-177bzfx emevuu60\" rel=\"nofollow noopener\">Tom\u00e1s<\/a><\/strong>, el heredero del marquesado de Luj\u00e1n, en<strong data-node-id=\"6.5\"> &#8216;La Promesa&#8217;<\/strong>, y ahora vemos en &#8216;<a href=\"https:\/\/www.diezminutos.es\/teleprograma\/series-tv\/a64068190\/la-favorita-1922-reparto-estreno-serie\/\" target=\"_blank\" data-vars-ga-outbound-link=\"https:\/\/www.diezminutos.es\/teleprograma\/series-tv\/a64068190\/la-favorita-1922-reparto-estreno-serie\/\" data-vars-ga-ux-element=\"Hyperlink\" data-vars-ga-call-to-action=\"La Favorita 1922\" data-node-id=\"6.7\" data-mrf-link=\"https:\/\/www.diezminutos.es\/teleprograma\/series-tv\/a64068190\/la-favorita-1922-reparto-estreno-serie\/\" class=\"body-link css-177bzfx emevuu60\" rel=\"nofollow noopener\">La Favorita 1922<\/a>&#8216;, de Telecinco. Participa en <strong data-node-id=\"6.9\">seis episodios<\/strong>, de los 16 que tiene, como F\u00e9lix Montenegro, un famoso actor que queda fascinado con <strong data-node-id=\"6.11\">Elena (<a href=\"https:\/\/www.diezminutos.es\/teleprograma\/series-tv\/a63864534\/las-hijas-de-la-criada-sonsoles-onega-serie-reparto-primera-imagen\/\" target=\"_blank\" data-vars-ga-outbound-link=\"https:\/\/www.diezminutos.es\/teleprograma\/series-tv\/a63864534\/las-hijas-de-la-criada-sonsoles-onega-serie-reparto-primera-imagen\/\" data-vars-ga-ux-element=\"Hyperlink\" data-vars-ga-call-to-action=\"Ver\u00f3nica S\u00e1nchez\" data-node-id=\"6.11.1\" class=\"body-link css-177bzfx emevuu60\" rel=\"nofollow noopener\">Ver\u00f3nica S\u00e1nchez<\/a>)<\/strong>. Se encuentran por casualidad, pero \u00e9l no es indiferente a la muchacha, por lo que decide celebrar en el restaurante una de sus exclusivas fiestas, que marcar\u00e1 un antes y un despu\u00e9s en la vida de la joven.  <\/p>\n<p><img draggable=\"true\" alt=\"jordi coll en 'la favorita 1922'\" title=\"Jordi Coll en 'La Favorita 1922'\" loading=\"lazy\" width=\"3362\" height=\"2000\" decoding=\"async\" data-nimg=\"1\" style=\"color:transparent;width:100%;height:auto;\"   src=\"https:\/\/www.europesays.com\/es\/wp-content\/uploads\/2025\/09\/la-favorita-1922-jordi-coll-681dde33c250b.jpg\" class=\"css-0 e1g79fud0\"\/><\/p>\n<p>JULIA CARBALLADA<\/p>\n<p>&#8216;La Favorita 1922&#8217;, una ficci\u00f3n que triunfa en Netflix<\/p>\n<p data-journey-content=\"true\" data-node-id=\"10\" class=\"css-6wxqfj emevuu60\">Protagonizada por <strong data-node-id=\"10.1\"><a href=\"https:\/\/www.diezminutos.es\/famosos-corazon\/famosos-espanoles\/a64846724\/veronica-sanchez-pareja-luis-fernandez-rumores\/\" target=\"_blank\" data-vars-ga-outbound-link=\"https:\/\/www.diezminutos.es\/famosos-corazon\/famosos-espanoles\/a64846724\/veronica-sanchez-pareja-luis-fernandez-rumores\/\" data-vars-ga-ux-element=\"Hyperlink\" data-vars-ga-call-to-action=\"Ver\u00f3nica S\u00e1nchez\" data-node-id=\"10.1.0\" data-mrf-link=\"https:\/\/www.diezminutos.es\/famosos-corazon\/famosos-espanoles\/a64846724\/veronica-sanchez-pareja-luis-fernandez-rumores\/\" class=\"body-link css-177bzfx emevuu60\" rel=\"nofollow noopener\">Ver\u00f3nica S\u00e1nchez<\/a> y <a href=\"https:\/\/www.diezminutos.es\/telenovela\/espanolas\/a35099761\/luis-fernandez-es-ivan-en-servir-y-proteger-soy-muy-afortunado\/\" target=\"_blank\" data-vars-ga-outbound-link=\"https:\/\/www.diezminutos.es\/telenovela\/espanolas\/a35099761\/luis-fernandez-es-ivan-en-servir-y-proteger-soy-muy-afortunado\/\" data-vars-ga-ux-element=\"Hyperlink\" data-vars-ga-call-to-action=\"Luis Fern\u00e1ndez\" data-node-id=\"10.1.2\" data-mrf-link=\"https:\/\/www.diezminutos.es\/telenovela\/espanolas\/a35099761\/luis-fernandez-es-ivan-en-servir-y-proteger-soy-muy-afortunado\/\" class=\"body-link css-177bzfx emevuu60\" rel=\"nofollow noopener\">Luis Fern\u00e1ndez<\/a><\/strong>,  &#8216;<a href=\"https:\/\/www.diezminutos.es\/teleprograma\/series-tv\/a63088747\/la-favorita-1922-telecinco-serie-epoca-primeras-imagenes-cuando-se-estrena\/\" target=\"_blank\" data-vars-ga-outbound-link=\"https:\/\/www.diezminutos.es\/teleprograma\/series-tv\/a63088747\/la-favorita-1922-telecinco-serie-epoca-primeras-imagenes-cuando-se-estrena\/\" data-vars-ga-ux-element=\"Hyperlink\" data-vars-ga-call-to-action=\"La serie tiene unos principios muy claros\" data-node-id=\"10.3\" data-mrf-link=\"https:\/\/www.diezminutos.es\/teleprograma\/series-tv\/a63088747\/la-favorita-1922-telecinco-serie-epoca-primeras-imagenes-cuando-se-estrena\/\" class=\"body-link css-177bzfx emevuu60\" rel=\"nofollow noopener\">La Favorita 1922&#8242;<\/a> est\u00e1 creada por Ram\u00f3n Campos y su empresa Bamb\u00fa Producciones, igual que &#8216;La Promesa&#8217;. La trama nos habla de <strong data-node-id=\"10.5\">dos mujeres que tienen que huir y reinventarse<\/strong> en la encorsetada sociedad de Madrid de principios del siglo XX. Elena de Valmonte <strong data-node-id=\"10.7\">(<a href=\"https:\/\/www.diezminutos.es\/telenovela\/espanolas\/a64429722\/gran-reserva-el-origen-serie-veronica-sanchez-buena-como-la-favorita\/\" target=\"_blank\" data-vars-ga-outbound-link=\"https:\/\/www.diezminutos.es\/telenovela\/espanolas\/a64429722\/gran-reserva-el-origen-serie-veronica-sanchez-buena-como-la-favorita\/\" data-vars-ga-ux-element=\"Hyperlink\" data-vars-ga-call-to-action=\"Ver\u00f3nica S\u00e1nchez\" data-node-id=\"10.7.1\" data-mrf-link=\"https:\/\/www.diezminutos.es\/telenovela\/espanolas\/a64429722\/gran-reserva-el-origen-serie-veronica-sanchez-buena-como-la-favorita\/\" class=\"body-link css-177bzfx emevuu60\" rel=\"nofollow noopener\">Ver\u00f3nica S\u00e1nchez<\/a>) <\/strong>es una mujer culta que tiene una pasi\u00f3n<strong data-node-id=\"10.9\">: la cocina. <\/strong>Junto a su <strong data-node-id=\"10.11\">fiel doncella, Cecilia <\/strong><strong data-node-id=\"10.12\"><strong data-node-id=\"10.12.0\">(Raquel Querol)<\/strong><\/strong>, se refugian en un restaurante cerrado hace a\u00f1os y es entonces cuando Elena decide <strong data-node-id=\"10.16\">reabrirlo y convertirlo en uno de los mejores de la ciudad<\/strong>. <\/p>\n<p data-journey-content=\"true\" data-node-id=\"14\" class=\"css-6wxqfj emevuu60\">Contacta con el propietario del establecimiento, Julio <strong data-node-id=\"14.1\">(<a href=\"https:\/\/www.diezminutos.es\/telenovela\/a1550450\/luis-fernandez-tamara-adrian-diputada-transexual\/\" target=\"_blank\" data-vars-ga-outbound-link=\"https:\/\/www.diezminutos.es\/telenovela\/a1550450\/luis-fernandez-tamara-adrian-diputada-transexual\/\" data-vars-ga-ux-element=\"Hyperlink\" data-vars-ga-call-to-action=\"Luis Fern\u00e1ndez\" data-node-id=\"14.1.1\" data-mrf-link=\"https:\/\/www.diezminutos.es\/telenovela\/a1550450\/luis-fernandez-tamara-adrian-diputada-transexual\/\" class=\"body-link css-177bzfx emevuu60\" rel=\"nofollow noopener\">Luis Fern\u00e1ndez<\/a>)<\/strong>, que se lo alquila pero con &#8216;letra peque\u00f1a&#8217; y se lanza a la aventura, contratando a las<strong data-node-id=\"14.3\"> mejores cocineras y criadas del pa\u00eds:<\/strong> Ana Ferrer <strong data-node-id=\"14.5\">(<a href=\"https:\/\/www.diezminutos.es\/famosos-corazon\/famosos-espanoles\/a29579628\/andrea-duro-cambio-look\/\" target=\"_blank\" data-vars-ga-outbound-link=\"https:\/\/www.diezminutos.es\/famosos-corazon\/famosos-espanoles\/a29579628\/andrea-duro-cambio-look\/\" data-vars-ga-ux-element=\"Hyperlink\" data-vars-ga-call-to-action=\"Andrea Duro\" data-node-id=\"14.5.1\" data-mrf-link=\"https:\/\/www.diezminutos.es\/famosos-corazon\/famosos-espanoles\/a29579628\/andrea-duro-cambio-look\/\" class=\"body-link css-177bzfx emevuu60\" rel=\"nofollow noopener\">Andrea Duro<\/a>) <\/strong>como jefa de sala, Lourdes Mendieta <strong data-node-id=\"14.7\">(Maribel Salas) <\/strong>como cocinera y Rosa <strong data-node-id=\"14.9\">(Elena Maroto)<\/strong> como repostera. Pero son muchos los obst\u00e1culos que encuentran en un mundo dominado por hombres.<\/p>\n<p><img src=\"https:\/\/www.europesays.com\/es\/wp-content\/uploads\/2025\/09\/1758480310_866_ded5e1ed-0131-401e-b7e8-7a68de80543b_1684752816.file\" alt=\"Headshot of Vilma Degorgue Alegre\" title=\"Headshot of Vilma Degorgue Alegre\" width=\"100%\" height=\"100%\" decoding=\"async\" loading=\"lazy\" class=\"css-o0wq4v ev8dhu53\"\/><\/p>\n<p>Vilma Degorgue es una experimentada periodista, con 30 a\u00f1os de recorrido profesional. Entre otras cosas, est\u00e1 especializada en contenidos de televisi\u00f3n, principalmente ficci\u00f3n y, m\u00e1s concretamente, en series turcas y latinoamericanas. Lleva desde el a\u00f1o 2000 entrevistando a actores y actrices mexicanos, colombianos, argentinos, chilenos, etc, y hasta 2020 estuvo viajando a diversos pa\u00edses de Am\u00e9rica Latina y Estados Unidos (Miami, Venezuela, M\u00e9xico, Colombia, Chile, Argentina, Per\u00fa) para cubrir grabaciones de series\/telenovelas que despu\u00e9s se emit\u00edan en Espa\u00f1a, y para entrevistar a los actores que formaban parte de ellas. \u00a0\u00a0\u00a0<\/p>\n<p>Desde que irrumpieron las telenovelas turcas, se ha especializado en estos productos, entrevistando a los actores que trabajan en ellas y estando al tanto de cualquier novedad en relaci\u00f3n a las ficciones y los int\u00e9rpretes de ese pa\u00eds. \u00a0\u00a0<\/p>\n<p>Nacida en Barcelona, se licenci\u00f3 en Periodismo, en 1993, en la Universidad Aut\u00f3noma de la ciudad condal, cursando dos Erasmus, uno en Francia (Grenoble) y otro en Gran Breta\u00f1a (Cardiff). Comenz\u00f3 su carrera en su ciudad natal, trabajando en Europa Press Catalunya, pero al a\u00f1o se traslad\u00f3 a Madrid, y desde 1995 trabaja en la capital de Espa\u00f1a. Ha pasado por agencias (Europa Press, Euroimagen), televisi\u00f3n (Antena3, Telecinco, RTVE y Telemadrid), revistas (Teleindiscreta, Telenovela, colaboraciones en Lecturas y Semana) y ha sido coordinadora del Portal del Consumidor de la Comunidad de Madrid. Estos a\u00f1os de experiencia, y gracias a tres idiomas que habla (franc\u00e9s, ingl\u00e9s y alem\u00e1n, adem\u00e1s de su catal\u00e1n natal) le han permitido viajar por todo el mundo para entrevistar a personajes de la vida p\u00fablica y realizar reportajes casi todos relacionados con el mundo art\u00edstico y social. \u00a0\u00a0\u00a0<\/p>\n<p>Desde el a\u00f1o 2000 est\u00e1 vinculada, entre otras empresas, a la revista Telenovela (que ahora forma parte de Diez Minutos) y, desde su paso por el Portal del Consumidor de la Comunidad de Madrid (2006-2016), se ha especializado en prensa e informaci\u00f3n digital, gracias a cursos y experiencia en webs y portales de informaci\u00f3n en internet. En los \u00faltimos a\u00f1os, ha creado dos peri\u00f3dicos digitales, <a href=\"https:\/\/elmiradordemadrid.es\/\" target=\"_blank\" rel=\"nofollow noopener\">www.elmiradordemadrid.es<\/a> y <a href=\"https:\/\/elmiradordebenidorm.es\/\" target=\"_blank\" rel=\"nofollow noopener\">www.elmiradordebenidorm.es<\/a>, que son de su propiedad y gestiona junto con otros colaboradores. \u00a0\u00a0<\/p>\n","protected":false},"excerpt":{"rendered":"Si hay una telenovela espa\u00f1ola que triunfa en nuestros d\u00edas es, sin duda, &#8216;La Promesa&#8216;, que emite a&hellip;\n","protected":false},"author":2,"featured_media":130132,"comment_status":"","ping_status":"","sticky":false,"template":"","format":"standard","meta":{"footnotes":""},"categories":[171],"tags":[253,146,147,25,24,23,214],"class_list":{"0":"post-130131","1":"post","2":"type-post","3":"status-publish","4":"format-standard","5":"has-post-thumbnail","7":"category-tv","8":"tag-discover","9":"tag-entertainment","10":"tag-entretenimiento","11":"tag-es","12":"tag-espana","13":"tag-spain","14":"tag-tv"},"share_on_mastodon":{"url":"","error":""},"_links":{"self":[{"href":"https:\/\/www.europesays.com\/es\/wp-json\/wp\/v2\/posts\/130131","targetHints":{"allow":["GET"]}}],"collection":[{"href":"https:\/\/www.europesays.com\/es\/wp-json\/wp\/v2\/posts"}],"about":[{"href":"https:\/\/www.europesays.com\/es\/wp-json\/wp\/v2\/types\/post"}],"author":[{"embeddable":true,"href":"https:\/\/www.europesays.com\/es\/wp-json\/wp\/v2\/users\/2"}],"replies":[{"embeddable":true,"href":"https:\/\/www.europesays.com\/es\/wp-json\/wp\/v2\/comments?post=130131"}],"version-history":[{"count":0,"href":"https:\/\/www.europesays.com\/es\/wp-json\/wp\/v2\/posts\/130131\/revisions"}],"wp:featuredmedia":[{"embeddable":true,"href":"https:\/\/www.europesays.com\/es\/wp-json\/wp\/v2\/media\/130132"}],"wp:attachment":[{"href":"https:\/\/www.europesays.com\/es\/wp-json\/wp\/v2\/media?parent=130131"}],"wp:term":[{"taxonomy":"category","embeddable":true,"href":"https:\/\/www.europesays.com\/es\/wp-json\/wp\/v2\/categories?post=130131"},{"taxonomy":"post_tag","embeddable":true,"href":"https:\/\/www.europesays.com\/es\/wp-json\/wp\/v2\/tags?post=130131"}],"curies":[{"name":"wp","href":"https:\/\/api.w.org\/{rel}","templated":true}]}}