{"id":130151,"date":"2025-09-21T18:55:06","date_gmt":"2025-09-21T18:55:06","guid":{"rendered":"https:\/\/www.europesays.com\/es\/130151\/"},"modified":"2025-09-21T18:55:06","modified_gmt":"2025-09-21T18:55:06","slug":"sevilla-barca-en-directo-resultado-y-goles","status":"publish","type":"post","link":"https:\/\/www.europesays.com\/es\/130151\/","title":{"rendered":"Sevilla &#8211; Bar\u00e7a, en directo: resultado y goles"},"content":{"rendered":"<p> \ud83d\udea8 Descubre <strong>MDScore<\/strong><br \/>Descarga la mejor app para seguir los resultados de f\u00fatbol en directo, los marcadores de todas las competiciones, estad\u00edsticas&#8230;<br \/>Podr\u00e1s personalizar alertas de tu equipo favorito, lleva la pasi\u00f3n por el f\u00fatbol en tu bolsillo.<br \/>\u26bd Una app obligatoria para todo aficionado al f\u00fatbol<br \/>\ud83d\udcf2 Ya te la puedes descargar:<br \/>\ud83d\udd17 IOS Android<br \/><a target=\"_blank\" rel=\"noopener noreferrer nofollow\" href=\"https:\/\/onelink.to\/mdscore\">Descargar gratis<\/a><\/p>\n<p>Muchas gracias por su atenci\u00f3n y hasta la pr\u00f3xima.<\/p>\n<p>Triunfo azulgrana por 0-5 y Pina que se coloca pichichi de la Liga F.<\/p>\n<p>\u00a0<\/p>\n<p><img loading=\"lazy\" decoding=\"async\" width=\"38\" height=\"38\" class=\"lazy float-right\" alt=\"\" src=\"https:\/\/www.europesays.com\/es\/wp-content\/uploads\/2025\/09\/60f287b9d7e3a.png\"\/> <\/p>\n<p>95&#8242; La catalana firma el &#8216;hat trick&#8217; antes del pitido final.<\/p>\n<p>\u00a0<\/p>\n<p>90&#8242; El partido se va al 97&#8242;<\/p>\n<p>\u00a0<\/p>\n<p>86&#8242; Se equivoca la colegiada tras revisarlo. Mantiene el fuera de juego.\u00a0<\/p>\n<p>\u00a0<\/p>\n<p>83&#8242; La azulgrana <strong>Pina <\/strong>es derribada por <strong>Marqu\u00e9s <\/strong>pero estaba en fuera de juego. Pere Romeu pide la revisi\u00f3n.<\/p>\n<p>\u00a0<\/p>\n<p><img loading=\"lazy\" decoding=\"async\" width=\"38\" height=\"38\" class=\"lazy float-right\" alt=\"\" src=\"https:\/\/www.europesays.com\/es\/wp-content\/uploads\/2025\/09\/60f287b9d7e3a.png\"\/> <\/p>\n<p>\u00a0<\/p>\n<p>74&#8242; Transforma el penalti enga\u00f1ando a Sullastres<\/p>\n<p>71&#8242; El t\u00e9cnico local entrega la cartulina para pedir revisi\u00f3n.<\/p>\n<p>\u00a0<\/p>\n<p><img loading=\"lazy\" decoding=\"async\" width=\"38\" height=\"38\" class=\"lazy float-right\" alt=\"\" src=\"https:\/\/www.europesays.com\/es\/wp-content\/uploads\/2025\/09\/60f287b98c5ab.png\"\/> <\/p>\n<p>70&#8242; Cerrato corta el pase de Alexia con la mano. Penalti.<\/p>\n<p>\u00a0<\/p>\n<p>67&#8242; Disparo de Alexia y buen despeje de la meta.\u00a0<\/p>\n<p>\u00a0<\/p>\n<p><img loading=\"lazy\" decoding=\"async\" width=\"38\" height=\"38\" class=\"lazy float-right\" alt=\"\" src=\"https:\/\/www.europesays.com\/es\/wp-content\/uploads\/2025\/09\/60f287baec3ae.png\"\/> <\/p>\n<p>58&#8242; En el Bar\u00e7a entran Graham, Pajor y Alexia en lugar de Vicky, Salma y Sydney.\u00a0<br \/>En el Sevilla entran Wifi y Cerrato en lugar de Gabarro y Kanteh.<\/p>\n<p>\u00a0<\/p>\n<p>54&#8242; Gran bal\u00f3n entre l\u00edneas de Aitana a Vicky y esta se duerme y Sullastres sale r\u00e1pido para quitarle el bal\u00f3n.<\/p>\n<p>\u00a0<\/p>\n<p>52&#8242; Tiro lejano que detiene Sullastres sin problemas<\/p>\n<p>\u00a0<\/p>\n<p><img loading=\"lazy\" decoding=\"async\" width=\"38\" height=\"38\" class=\"lazy float-right\" alt=\"\" src=\"https:\/\/www.europesays.com\/es\/wp-content\/uploads\/2025\/09\/60f287b9d7e3a.png\"\/> <\/p>\n<p>49&#8242; Casimarca Vicky en un centro en envenenado de la madrile\u00f1a que despeja Sullastres y en la segunda acci\u00f3n, centro magn\u00edfico de Patri y remate de Vicky para poner el tercero.<\/p>\n<p>\u00a0<\/p>\n<p><img loading=\"lazy\" decoding=\"async\" width=\"38\" height=\"38\" class=\"lazy float-right\" alt=\"\" src=\"https:\/\/www.europesays.com\/es\/wp-content\/uploads\/2025\/09\/1758137233_769_60f287bb741c3.png\"\/> <\/p>\n<p>Echa a rodar el bal\u00f3n ante los 1.856 espectadores presentes en el Estadio Jes\u00fas Navas<\/p>\n<p>\u00a0<\/p>\n<p>48&#8242; Final del primer tiempo con triunfo azulgrana por 0-2.<\/p>\n<p>\u00a0<\/p>\n<p>45&#8242; Las dos revisiones de los goles hacen que el primer tiempo se vaya al 48&#8242;<\/p>\n<p>\u00a0<\/p>\n<p><img loading=\"lazy\" decoding=\"async\" width=\"38\" height=\"38\" class=\"lazy float-right\" alt=\"\" src=\"https:\/\/www.europesays.com\/es\/wp-content\/uploads\/2025\/09\/60f287b9d7e3a.png\"\/> <\/p>\n<p>39&#8242; Disparo lejano de Pina y toca el bal\u00f3n en una rival para despistar a Sullastres y convertirse en el segundo del Bar\u00e7a.<\/p>\n<p>\u00a0<\/p>\n<p>38&#8242; Gran pase de Patri entre l\u00edneas y disparo de Vicky que despeja la meta local.<\/p>\n<p>\u00a0<\/p>\n<p>36&#8242; Intentaba el Bar\u00e7a una jugada ensayada en una falta en la zona de tres cuartos pero el pase inicial de Mar\u00eda Le\u00f3n le sale mal y no se ejecuta lo previsto.\u00a0<\/p>\n<p>\u00a0<\/p>\n<p>32&#8242; Se reanuda el partido.\u00a0<\/p>\n<p>\u00a0<\/p>\n<p>30&#8242; Ha podido marcar el Bar\u00e7a el segundo pero no acierta a rematar bien la madrile\u00f1a.\u00a0<\/p>\n<p>\u00a0<\/p>\n<p>25&#8242; Se duele la azulgrana de un golpe en la cara en una pugna con la defensa local.<\/p>\n<p>\u00a0<\/p>\n<p><img loading=\"lazy\" decoding=\"async\" width=\"38\" height=\"38\" class=\"lazy float-right\" alt=\"\" src=\"https:\/\/www.europesays.com\/es\/wp-content\/uploads\/2025\/09\/60f287ba90e4d.png\"\/> <\/p>\n<p>23&#8242; La jugadora local derriba a <strong>Pina <\/strong>cuando esta se iba con el bal\u00f3n controlado.<\/p>\n<p>\u00a0<\/p>\n<p><img loading=\"lazy\" decoding=\"async\" width=\"38\" height=\"38\" class=\"lazy float-right\" alt=\"\" src=\"https:\/\/www.europesays.com\/es\/wp-content\/uploads\/2025\/09\/60f287b9d7e3a.png\"\/> <\/p>\n<p>19&#8242; Pase de la muerte de <strong>Aitana <\/strong>al \u00e1rea para que aparezca <strong>Salma <\/strong>y remate a placer. Se estrena la aragonesa esta temporada.<\/p>\n<p>\u00a0<\/p>\n<p>15&#8242; Control azulgrana pero no acaba de conseguir inquietar la meta local.\u00a0<\/p>\n<p>\u00a0<\/p>\n<p>10&#8242; Lo sacar\u00e1 <strong>Claudia Pina<\/strong>.\u00a0<\/p>\n<p>\u00a0<\/p>\n<p>7&#8242; Tiro envenenado de <strong>Pina <\/strong>desde la izquierda. Derechazo con efecto que iba directo a la escuadra y que <strong>Sullastres <\/strong>salva con una manopla espectacular.\u00a0<\/p>\n<p>\u00a0<\/p>\n<p><strong>4&#8242; <\/strong>El saque ser\u00e1 desde zona de tres cuartos de ataque. Jugada ensayada entre <strong>Pina<\/strong> y <strong>Mar\u00eda Le\u00f3n <\/strong>y el mal centro de esta lo despeja la meta.\u00a0<\/p>\n<p>\u00a0<\/p>\n<p>2&#8242; Las primeras jugadas son para el Bar\u00e7a, pero todav\u00eda a ritmo lento.<\/p>\n<p>\u00a0<\/p>\n<p><img loading=\"lazy\" decoding=\"async\" width=\"38\" height=\"38\" class=\"lazy float-right\" alt=\"\" src=\"https:\/\/www.europesays.com\/es\/wp-content\/uploads\/2025\/09\/1758137233_769_60f287bb741c3.png\"\/><\/p>\n<p>Todo listo en el Jes\u00fas Navas para que arranque este <strong>Sevilla FC &#8211; FC Barcelona de la Liga F<\/strong>. Las jugadores ya est\u00e1n en el t\u00fanel de vestuarios dispuestas para salir al c\u00e9sped<\/p>\n<p><img loading=\"lazy\" decoding=\"async\" width=\"38\" height=\"38\" class=\"lazy float-right\" alt=\"\" src=\"https:\/\/www.europesays.com\/es\/wp-content\/uploads\/2025\/09\/1758137234_122_60f287c0bb1bf.png\"\/> <\/p>\n<p>El equipo de Pere Romeu, por su parte, formar\u00e1 con: Cata Colla, Ona Batlle, Mapi Le\u00f3n, Laia Alexandrim, Brughts; Patri, Aitana, Sydney; Pina, Pajor y Vickey L\u00f3pez.<\/p>\n<p>\u00a0<\/p>\n<p><img loading=\"lazy\" decoding=\"async\" width=\"38\" height=\"38\" class=\"lazy float-right\" alt=\"\" src=\"https:\/\/www.europesays.com\/es\/wp-content\/uploads\/2025\/09\/1758137234_122_60f287c0bb1bf.png\"\/> <\/p>\n<p>El<strong> Sevilla FC <\/strong>saldr\u00e1 a jugar contra el Bar\u00e7a con el siguiente once: Sullastres, D\u00e9bora, Eva Llamas, Isa \u00c1lvarez, Esther, Iris, Alicia, Rosa M., Kanteh, Inma Gabarr\u00f3 y Andrea.<\/p>\n<p>\u00a0<\/p>\n<p>\u00a0<\/p>\n<p>\u00a1Buenas tardes! Bienvenidos a la narraci\u00f3n del<strong> Sevilla-FC Barcelona de Liga F<\/strong> que empezar\u00e1 a las 16 horas en el Estadio Jes\u00fas Navas de la capital andaluza.<\/p>\n<p>\u00a0<\/p>\n","protected":false},"excerpt":{"rendered":"\ud83d\udea8 Descubre MDScoreDescarga la mejor app para seguir los resultados de f\u00fatbol en directo, los marcadores de todas&hellip;\n","protected":false},"author":2,"featured_media":130152,"comment_status":"","ping_status":"","sticky":false,"template":"","format":"standard","meta":{"footnotes":""},"categories":[5],"tags":[17,18,25,24,13,14,11,19,20,9,10,15,16,23,12,21,22],"class_list":{"0":"post-130151","1":"post","2":"type-post","3":"status-publish","4":"format-standard","5":"has-post-thumbnail","7":"category-titulares","8":"tag-breaking-news","9":"tag-breakingnews","10":"tag-es","11":"tag-espana","12":"tag-featured-news","13":"tag-featurednews","14":"tag-headlines","15":"tag-latest-news","16":"tag-latestnews","17":"tag-news","18":"tag-noticias","19":"tag-noticias-destacadas","20":"tag-noticiasdestacadas","21":"tag-spain","22":"tag-titulares","23":"tag-ultimas-noticias","24":"tag-ultimasnoticias"},"share_on_mastodon":{"url":"","error":""},"_links":{"self":[{"href":"https:\/\/www.europesays.com\/es\/wp-json\/wp\/v2\/posts\/130151","targetHints":{"allow":["GET"]}}],"collection":[{"href":"https:\/\/www.europesays.com\/es\/wp-json\/wp\/v2\/posts"}],"about":[{"href":"https:\/\/www.europesays.com\/es\/wp-json\/wp\/v2\/types\/post"}],"author":[{"embeddable":true,"href":"https:\/\/www.europesays.com\/es\/wp-json\/wp\/v2\/users\/2"}],"replies":[{"embeddable":true,"href":"https:\/\/www.europesays.com\/es\/wp-json\/wp\/v2\/comments?post=130151"}],"version-history":[{"count":0,"href":"https:\/\/www.europesays.com\/es\/wp-json\/wp\/v2\/posts\/130151\/revisions"}],"wp:featuredmedia":[{"embeddable":true,"href":"https:\/\/www.europesays.com\/es\/wp-json\/wp\/v2\/media\/130152"}],"wp:attachment":[{"href":"https:\/\/www.europesays.com\/es\/wp-json\/wp\/v2\/media?parent=130151"}],"wp:term":[{"taxonomy":"category","embeddable":true,"href":"https:\/\/www.europesays.com\/es\/wp-json\/wp\/v2\/categories?post=130151"},{"taxonomy":"post_tag","embeddable":true,"href":"https:\/\/www.europesays.com\/es\/wp-json\/wp\/v2\/tags?post=130151"}],"curies":[{"name":"wp","href":"https:\/\/api.w.org\/{rel}","templated":true}]}}