{"id":130153,"date":"2025-09-21T18:56:07","date_gmt":"2025-09-21T18:56:07","guid":{"rendered":"https:\/\/www.europesays.com\/es\/130153\/"},"modified":"2025-09-21T18:56:07","modified_gmt":"2025-09-21T18:56:07","slug":"el-horizonte-atletica-sufre-en-valladolid-su-primera-derrota-del-curso","status":"publish","type":"post","link":"https:\/\/www.europesays.com\/es\/130153\/","title":{"rendered":"El Horizonte Atl\u00e9tica sufre en Valladolid su primera derrota del curso"},"content":{"rendered":"<p>El <a href=\"https:\/\/www.elcomercio.es\/deportes\/balonmano\/horizonte-atletica-desarrollo-estrena-victoria-ante-lafuente-20250913220025-nt.html\" title=\"www.elcomercio.es\" data-voc-vtm-id=\"in-text-traffic\" data-mrf-link=\"www.elcomercio.es\" rel=\"nofollow noopener\" target=\"_blank\">Horizonte Atl\u00e9tica<\/a> perdi\u00f3 33-30 en su visita a un jovenc\u00edsimo Recoletas Arroyo. Ya avisaba en la previa Juan Mu\u00f1iz de las dificultades,  &#8230; tanto por el rival como por el horario que iba a tener el partido, y se cumplieron sus pron\u00f3sticos. El filial del Atl\u00e9tico Valladolid de Asobal impuso un ritmo fren\u00e9tico del que se contagi\u00f3 un Horizonte Atl\u00e9tica que cometi\u00f3 excesivos errores desde seis metros y en las circulaciones, como ya sucedi\u00f3 en la primera jornada, que propiciaban los contraataques locales. Y aunque en defensa jug\u00f3 mejor, no fue suficiente para frenar a los vallisoletanos que se iban hasta de cinco goles de ventaja. <\/p>\n<p class=\"v-p\">En el minuto 20 de la primera parte se vi\u00f3 obligado Juan a pedir su primer tiempo muerto, y poco a poco lograron los avilesinos ir remontado en el marcador con un Braulio que sosten\u00eda al equipo en la porter\u00eda, hasta llegar al descanso con un 17-16 favorable a Arroyo pero que dejaba la resoluci\u00f3n del partido abierta para la segunda parte. <\/p>\n<p class=\"v-p\">Salieron ambos equipos de vestuarios con sensaci\u00f3n de que iba a ser un partido igualado, y as\u00ed fue durante un tiempo. Sin embargo, la r\u00e1pida segunda exclusi\u00f3n de Ardisana hizo que el gijon\u00e9s no pudiese aportar muchos minutos, lo que el equipo not\u00f3 en exceso, junto con un Manel mermado por un virus g\u00e1strico que arrastra desde la semana pasada. Arroyo volvi\u00f3 a alejarse en el marcador lo que oblig\u00f3 a los avilesinos a volver a pedir tiempo muerto en el minuto 20 de la segunda parte, y sorprend\u00eda a Juan Mu\u00f1iz pasando a vaciar porter\u00eda y atacar con siete jugadores para intenta la remontada. <\/p>\n<p class=\"v-scr__t\">Recoletas Arroyo Cabero Edificaciones<\/p>\n<p class=\"v-scr__p v-scr__p--3\">Nicol\u00e1s Gir\u00e1ldez y Hugo Redondo; Daniel Rosales (1), Adri\u00e1n Pons, Gonzalo D\u00edez (2), Luis Gavilanes (9), Francisco de Fuentes (4), Nicol\u00e1s Gracia (2), \u00c1lvaro Arriaga (5), Marcos Pastor (1), Alejandro Miguel (2), Hugo Poladura (3), Mat\u00edas Bergara y Rodrigo Falcucci (3)<\/p>\n<p class=\"v-scr__n-c v-scr__n-c--1 \">\n 33\n<\/p>\n<p class=\"v-scr__n-c v-scr__n-c--2\">\n&#8211;\n<\/p>\n<p class=\"v-scr__n-c v-scr__n-c--3 \">\n 30\n<\/p>\n<p class=\"v-scr__t\">Horizonte Atl\u00e9tica<\/p>\n<p class=\"v-scr__p v-scr__p--3\">Adri\u00e1n Carvalho y Braulio de la Iglesia; Carlos Costoya (9), Jaime Gonz\u00e1lez (3), Carlos Garc\u00eda (4), Pablo Tedders (1), Juan Puig, Pablo Arg\u00fcelles, Adri\u00e1n Cuevas (3), Silvino Su\u00e1rez (1), Javier Ardisana (2), Luis Sierra, C\u00e9sar S\u00e1nchez (7), Hugo Monje, Manel Men\u00e9ndez y Sergio Iglesias.<\/p>\n<ul class=\"v-u\">\n<li class=\"v-u__l\">\n<p class=\"v-p\">\nMarcador cada cinco minutos<br \/>\n2-2, 6-5, 8-6, 10-7, 16-12, 17-16 (descanso), 22-21, 24-22, 27-24, 29-26, 31-29 y 33-30.\n<\/p>\n<\/li>\n<li class=\"v-u__l\">\n<p class=\"v-p\">\n\u00c1rbitros<br \/>\nIv\u00e1n Herguedas y Samuel Torres. Excluyeron a Daniel Rosales, Adri\u00e1n Pons, \u00c1lvaro Arriaga, Marcos Pastor (2), Hugo Poladura y Mat\u00edas Bergara; y Carlos Costoya, Pablo Arg\u00fcelles, Adri\u00e1n Cuevas, Silvino Su\u00e1rez y Javier Ardisana (2).\n<\/p>\n<\/li>\n<li class=\"v-u__l\">\n<p class=\"v-p\">\nIncidencias<br \/>\nPartido de la jornada 2 del grupo B de Primera Nacional Masculina disputado en el Polideportivo Municipal Antonio Garnacho de Arroyo de la Encomienda (Valladolid).\n<\/p>\n<\/li>\n<\/ul>\n<p class=\"v-p\">Asumieron en ataque el rol protagonista Carlos Costoya con nueve goles y C\u00e9sar S\u00e1nchez con siete. Y aunque se lleg\u00f3 a los \u00faltimos minutos del partido con el marcador muy ajustado, no le llegaron las fuerzas al Horizonte Atl\u00e9tica para poder revertir la situaci\u00f3n, cayendo por tres goles al finalizar el partido con el 33-30. Por parte de Recoletas Arroyo el m\u00e1ximo goleador fue Luis Gavilanes con nueve goles, aunque tambi\u00e9n cabe destacar la actuaci\u00f3n del joven Nicol\u00e1s Giraldez, portero de la selecci\u00f3n junior que se proclam\u00f3 subcampeona del mundo de la categor\u00eda, y que se encarg\u00f3 de echar el cerrojo a la porter\u00eda vallisoletana. <\/p>\n<p class=\"v-p\">Se viene una semana dura de trabajo para un Horizonte Atl\u00e9tica que el pr\u00f3ximo s\u00e1bado d\u00eda 27 se medir\u00e1 en La Magdalena al Royal Premium Gij\u00f3n en el primer derbi de la temporada. Ser\u00e1, como siempre, a partir de las seis de la tarde.<\/p>\n","protected":false},"excerpt":{"rendered":"El Horizonte Atl\u00e9tica perdi\u00f3 33-30 en su visita a un jovenc\u00edsimo Recoletas Arroyo. Ya avisaba en la previa&hellip;\n","protected":false},"author":2,"featured_media":130154,"comment_status":"","ping_status":"","sticky":false,"template":"","format":"standard","meta":{"footnotes":""},"categories":[278],"tags":[13850,376,3445,168,2244,25,24,375,14989,1078,23,167,11463,1607],"class_list":{"0":"post-130153","1":"post","2":"type-post","3":"status-publish","4":"format-standard","5":"has-post-thumbnail","7":"category-balonmano","8":"tag-atletica","9":"tag-balonmano","10":"tag-curso","11":"tag-deportes","12":"tag-derrota","13":"tag-es","14":"tag-espana","15":"tag-handball","16":"tag-horizonte","17":"tag-primera","18":"tag-spain","19":"tag-sports","20":"tag-sufre","21":"tag-valladolid"},"share_on_mastodon":{"url":"","error":""},"_links":{"self":[{"href":"https:\/\/www.europesays.com\/es\/wp-json\/wp\/v2\/posts\/130153","targetHints":{"allow":["GET"]}}],"collection":[{"href":"https:\/\/www.europesays.com\/es\/wp-json\/wp\/v2\/posts"}],"about":[{"href":"https:\/\/www.europesays.com\/es\/wp-json\/wp\/v2\/types\/post"}],"author":[{"embeddable":true,"href":"https:\/\/www.europesays.com\/es\/wp-json\/wp\/v2\/users\/2"}],"replies":[{"embeddable":true,"href":"https:\/\/www.europesays.com\/es\/wp-json\/wp\/v2\/comments?post=130153"}],"version-history":[{"count":0,"href":"https:\/\/www.europesays.com\/es\/wp-json\/wp\/v2\/posts\/130153\/revisions"}],"wp:featuredmedia":[{"embeddable":true,"href":"https:\/\/www.europesays.com\/es\/wp-json\/wp\/v2\/media\/130154"}],"wp:attachment":[{"href":"https:\/\/www.europesays.com\/es\/wp-json\/wp\/v2\/media?parent=130153"}],"wp:term":[{"taxonomy":"category","embeddable":true,"href":"https:\/\/www.europesays.com\/es\/wp-json\/wp\/v2\/categories?post=130153"},{"taxonomy":"post_tag","embeddable":true,"href":"https:\/\/www.europesays.com\/es\/wp-json\/wp\/v2\/tags?post=130153"}],"curies":[{"name":"wp","href":"https:\/\/api.w.org\/{rel}","templated":true}]}}