{"id":130161,"date":"2025-09-21T19:01:11","date_gmt":"2025-09-21T19:01:11","guid":{"rendered":"https:\/\/www.europesays.com\/es\/130161\/"},"modified":"2025-09-21T19:01:11","modified_gmt":"2025-09-21T19:01:11","slug":"asi-se-ha-vivido-la-53a-vuelta-ciclista-a-salamanca","status":"publish","type":"post","link":"https:\/\/www.europesays.com\/es\/130161\/","title":{"rendered":"As\u00ed se ha vivido la 53\u00aa Vuelta Ciclista a Salamanca"},"content":{"rendered":"<p>                                                <img decoding=\"async\" loading=\"eager\" src=\"https:\/\/www.europesays.com\/es\/wp-content\/uploads\/2025\/09\/164f7391-de97-4d4f-9090-d908754f96a5_source-aspect-ratio_1600w_0.jpg\" alt=\"Entrega de premios de la 53\u00aa Vuelta Ciclista a Salamanca\" title=\"Entrega de premios de la 53\u00aa Vuelta Ciclista a Salamanca\" fetchpriority=\"high\" height=\"1067\" width=\"1600\"\/><\/p>\n<p>                Entrega de premios de la 53\u00aa Vuelta Ciclista a Salamanca<\/p>\n<p>                    |<\/p>\n<p>                Bel\u00e9n Hurtado<\/p>\n<p class=\"paragraph-atom &#10;        A-500-300-700-N A-550-300-700-N--md  \">La <strong>53\u00aa Vuelta a Salamanca<\/strong> cerr\u00f3 su edici\u00f3n con una contrarreloj individual que recorri\u00f3 las calles hist\u00f3ricas de la ciudad hasta desembocar en la <strong>Plaza Mayor<\/strong>, abarrotada de p\u00fablico. El triunfo fue para <strong>Gari Ugarte<\/strong>, que adem\u00e1s se proclam\u00f3 ganador de la general, acompa\u00f1ado por <strong>Maksym Bilyi<\/strong> y <strong>Jose Autran<\/strong> en el podio. Entre los destacados: <strong>Miguel Dom\u00ednguez<\/strong>, mejor salmantino; <strong>Mateu Estelrich<\/strong>, sprint especial; y Ugarte, tambi\u00e9n vencedor en la CRI. Un final espectacular para una cita deportiva que sigue creciendo.<\/p>\n<p class=\"title-text-atom   &#10;    &#10;    A-500-700-500-N&#10;    A-600-700-500-N--md&#10;    \">\n    Temas relacionados\n    <\/p>\n","protected":false},"excerpt":{"rendered":"Entrega de premios de la 53\u00aa Vuelta Ciclista a Salamanca | Bel\u00e9n Hurtado La 53\u00aa Vuelta a Salamanca&hellip;\n","protected":false},"author":2,"featured_media":130162,"comment_status":"","ping_status":"","sticky":false,"template":"","format":"standard","meta":{"footnotes":""},"categories":[273],"tags":[41788,313,1757,312,168,25,24,3614,23,167,3447,1357],"class_list":{"0":"post-130161","1":"post","2":"type-post","3":"status-publish","4":"format-standard","5":"has-post-thumbnail","7":"category-ciclismo","8":"tag-53a","9":"tag-ciclismo","10":"tag-ciclista","11":"tag-cycling","12":"tag-deportes","13":"tag-es","14":"tag-espana","15":"tag-salamanca","16":"tag-spain","17":"tag-sports","18":"tag-vivido","19":"tag-vuelta"},"share_on_mastodon":{"url":"","error":""},"_links":{"self":[{"href":"https:\/\/www.europesays.com\/es\/wp-json\/wp\/v2\/posts\/130161","targetHints":{"allow":["GET"]}}],"collection":[{"href":"https:\/\/www.europesays.com\/es\/wp-json\/wp\/v2\/posts"}],"about":[{"href":"https:\/\/www.europesays.com\/es\/wp-json\/wp\/v2\/types\/post"}],"author":[{"embeddable":true,"href":"https:\/\/www.europesays.com\/es\/wp-json\/wp\/v2\/users\/2"}],"replies":[{"embeddable":true,"href":"https:\/\/www.europesays.com\/es\/wp-json\/wp\/v2\/comments?post=130161"}],"version-history":[{"count":0,"href":"https:\/\/www.europesays.com\/es\/wp-json\/wp\/v2\/posts\/130161\/revisions"}],"wp:featuredmedia":[{"embeddable":true,"href":"https:\/\/www.europesays.com\/es\/wp-json\/wp\/v2\/media\/130162"}],"wp:attachment":[{"href":"https:\/\/www.europesays.com\/es\/wp-json\/wp\/v2\/media?parent=130161"}],"wp:term":[{"taxonomy":"category","embeddable":true,"href":"https:\/\/www.europesays.com\/es\/wp-json\/wp\/v2\/categories?post=130161"},{"taxonomy":"post_tag","embeddable":true,"href":"https:\/\/www.europesays.com\/es\/wp-json\/wp\/v2\/tags?post=130161"}],"curies":[{"name":"wp","href":"https:\/\/api.w.org\/{rel}","templated":true}]}}