{"id":130174,"date":"2025-09-21T19:08:13","date_gmt":"2025-09-21T19:08:13","guid":{"rendered":"https:\/\/www.europesays.com\/es\/130174\/"},"modified":"2025-09-21T19:08:13","modified_gmt":"2025-09-21T19:08:13","slug":"lucien-laviscount-actor-de-emily-en-paris-hablo-sobre-la-quinta-temporada-de-la-serie-da-un-vuelco-inesperado","status":"publish","type":"post","link":"https:\/\/www.europesays.com\/es\/130174\/","title":{"rendered":"Lucien Laviscount, actor de \u201cEmily en Par\u00eds\u201d, habl\u00f3 sobre la quinta temporada de la serie: \u201cDa un vuelco inesperado\u201d"},"content":{"rendered":"<p><img alt=\"Lucien Laviscount adelanta que la\" class=\"global-image\" decoding=\"async\" fetchpriority=\"high\" height=\"1080\" loading=\"eager\" src=\"https:\/\/www.europesays.com\/es\/wp-content\/uploads\/2025\/09\/X6BJ42ZD5JAH5I2XIPIFS2Q5SE.jpg\" width=\"1920\"\/>Lucien Laviscount adelanta que la nueva entrega traer\u00e1 sorpresas imprevistas y cambios radicales en la trama y los personajes (Netflix)<\/p>\n<p class=\"paragraph\"><b>Lucien Laviscount<\/b>, actor brit\u00e1nico que interpreta a <b>Alfie <\/b>en la popular serie de Netflix <a href=\"https:\/\/www.infobae.com\/entretenimiento\/2025\/08\/23\/tragedia-en-emily-in-paris-diego-borella-asistente-de-direccion-murio-repentinamente-en-pleno-rodaje-de-la-serie\/\" target=\"_blank\" rel=\"noreferrer nofollow noopener\" title=\"https:\/\/www.infobae.com\/entretenimiento\/2025\/08\/23\/tragedia-en-emily-in-paris-diego-borella-asistente-de-direccion-murio-repentinamente-en-pleno-rodaje-de-la-serie\/\">Emily en Par\u00eds<\/a>, comparti\u00f3 adelantos sobre la quinta entrega de la producci\u00f3n.<\/p>\n<p class=\"paragraph\">En conversaci\u00f3n con el medio estadounidense People durante un evento en Nueva York, anticip\u00f3 que los nuevos episodios presentar\u00e1n giros inesperados en la trama.<\/p>\n<p class=\"paragraph\">\u201cLo \u00fanico que voy a decir es abr\u00f3chense el cintur\u00f3n, porque <b>esta temporada da un vuelco inesperado<\/b>\u201d, se\u00f1al\u00f3.<\/p>\n<p class=\"paragraph\">Laviscount se sum\u00f3 a la serie en la segunda temporada, encarnando a Alfie, el inter\u00e9s amoroso brit\u00e1nico de la protagonista Emily Cooper, interpretada por <a href=\"https:\/\/www.infobae.com\/entretenimiento\/2025\/08\/24\/la-tajante-opinion-de-malcolm-mcdowell-suegro-de-lily-collins-sobre-emily-en-paris-no-es-lo-mio\/\" target=\"_blank\" rel=\"noreferrer nofollow noopener\" title=\"https:\/\/www.infobae.com\/entretenimiento\/2025\/08\/24\/la-tajante-opinion-de-malcolm-mcdowell-suegro-de-lily-collins-sobre-emily-en-paris-no-es-lo-mio\/\">Lily Collins<\/a>.<\/p>\n<p class=\"paragraph\">Para la quinta temporada, la relaci\u00f3n entre ambos personajes ha finalizado y Emily atraviesa una nueva etapa en Roma junto a Marcello, personaje interpretado por <b>Eugenio Franceschini<\/b>.<\/p>\n<p><img alt=\"El rodaje de la quinta\" class=\"global-image\" decoding=\"async\" fetchpriority=\"low\" height=\"1080\" loading=\"lazy\" src=\"https:\/\/www.europesays.com\/es\/wp-content\/uploads\/2025\/09\/C3QXURAAC5FNDJ36UWGJD2CJIA.jpg\" width=\"1920\"\/>El rodaje de la quinta temporada de \u00abEmily en Par\u00eds\u00bb comenz\u00f3 en Roma, marcando una nueva etapa en el viaje profesional y personal de Emily Cooper (Netflix)<\/p>\n<p class=\"paragraph\">Pese a este cambio, el actor sugiri\u00f3 que el drama continuar\u00e1 para todos los involucrados: \u201cNo sab\u00eda qu\u00e9 esperar, ninguno de nosotros lo sabe antes de recibir los guiones, y lo que le\u00edmos para esta temporada fue\u2026 S\u00ed, nadie habr\u00eda imaginado lo que se viene\u00bb.<\/p>\n<p class=\"paragraph\">El rodaje de la nueva entrega inici\u00f3 en mayo, confirm\u00f3 <b>Lucien Laviscount<\/b>, quien destac\u00f3 la experiencia de volver a reunirse con el elenco. \u201cEs bueno estar de regreso, volver a Par\u00eds. <b>Filmamos tambi\u00e9n varias escenas en Roma<\/b>\u201d, sostuvo.<\/p>\n<p class=\"paragraph\">Entre los factores que han enriquecido la din\u00e1mica del grupo, el actor mencion\u00f3 la evoluci\u00f3n personal y profesional de sus compa\u00f1eros de reparto.<\/p>\n<p class=\"paragraph\">\u201c<b>Lily es mam\u00e1 ahora<\/b>. Todos est\u00e1n enfrentando nuevos desaf\u00edos, en distintas relaciones y amistades. Ha sido excelente reencontrarnos y ver en qu\u00e9 punto estamos\u201d, afirm\u00f3 sobre el retorno a la producci\u00f3n.<\/p>\n<p class=\"paragraph\">La producci\u00f3n de la serie, bajo la direcci\u00f3n de <b>Darren Star<\/b>, ha mantenido la misma base de reparto, con el regreso confirmado de <b>Ashley Park<\/b>, Philippine Leroy-Beaulieu, Samuel Arnold, Bruno Gouery, Paul Forman y William Abadie.<\/p>\n<p><img alt=\"La filmaci\u00f3n muestra escenas ic\u00f3nicas\" class=\"global-image\" decoding=\"async\" fetchpriority=\"low\" height=\"2406\" loading=\"lazy\" src=\"https:\/\/www.europesays.com\/es\/wp-content\/uploads\/2025\/09\/6XYD6F5OKBCCXETX5R6P3SHQUA.jpg\" width=\"3600\"\/>La filmaci\u00f3n muestra escenas ic\u00f3nicas en Roma y Par\u00eds, ampliando el universo visual y narrativo de la serie de Netflix para su quinta temporada (Netflix)<\/p>\n<p class=\"paragraph\">El propio Laviscount reflexion\u00f3 sobre su personaje: \u201cCreo que <b>Alfie siempre dice la verdad<\/b>, incluso en las situaciones m\u00e1s dif\u00edciles, y eso es un rasgo que comparto. Me gusta interpretar a Alfie, ha sido una parte importante de mi vida estos a\u00f1os\u201d.<\/p>\n<p class=\"paragraph\">Por el momento, las im\u00e1genes oficiales difundidas por Netflix muestran a <b>Lily Collins<\/b> en el papel de Emily Cooper en escenarios de Roma. Este despliegue visual coincide con un cambio relevante de look: la protagonista luce un corte bob elegante, que representa una transformaci\u00f3n simb\u00f3lica y estil\u00edstica.<\/p>\n<p class=\"paragraph\">En redes sociales, <b>Collins<\/b> indic\u00f3 que se trata de un \u201cnuevo cap\u00edtulo capilar\u201d para Emily y agradeci\u00f3 al estilista Gregory Russell por iniciar este proceso.<\/p>\n<p class=\"paragraph\">El nuevo peinado, que remite al estilo de Audrey Hepburn en <b>Vacaciones en Roma<\/b>, fue interpretado como homenaje a la actriz, cuya influencia est\u00e9tica sobre la serie ha sido una constante.<\/p>\n<p><img alt=\"Lily Collins presenta un corte\" class=\"global-image\" decoding=\"async\" fetchpriority=\"low\" height=\"1461\" loading=\"lazy\" src=\"https:\/\/www.europesays.com\/es\/wp-content\/uploads\/2025\/09\/XQTDQBVIV5HXREWQLRAFWXJPRE.jpg\" width=\"1200\"\/>Lily Collins presenta un corte bob inspirado en Audrey Hepburn, acompa\u00f1ado de cambios est\u00e9ticos que reflejan la evoluci\u00f3n del personaje (Netflix)<\/p>\n<p class=\"paragraph\">La quinta temporada de <b>Emily en Par\u00eds<\/b> combinar\u00e1 locaciones en Roma y Par\u00eds, lo que refleja que la protagonista dividir\u00e1 su tiempo entre ambas ciudades europeas.<\/p>\n<p class=\"paragraph\">De acuerdo con Netflix, <b>Emily Cooper se integra como jefa de la sede romana de Agence Grateau<\/b>, despu\u00e9s de una decisi\u00f3n dr\u00e1stica presentada en el desenlace de la cuarta temporada.<\/p>\n<p class=\"paragraph\">El arco argumental plantea nuevos desaf\u00edos profesionales y sentimentales, con la protagonista enfrentando complicaciones tanto en su vida laboral como personal.<\/p>\n<p class=\"paragraph\">Una sinopsis oficial destaca que una idea de trabajo fallida desencadena conflictos y cambios dr\u00e1sticos para Emily, tanto en el plano emocional como profesional.<\/p>\n<p class=\"paragraph\">En busca de estabilidad, la protagonista explora su vida francesa hasta que la revelaci\u00f3n de un secreto afecta su c\u00edrculo m\u00e1s cercano.<\/p>\n<p><img alt=\"El creador, Darren Star, asegura\" class=\"global-image\" decoding=\"async\" fetchpriority=\"low\" height=\"1080\" loading=\"lazy\" src=\"https:\/\/www.europesays.com\/es\/wp-content\/uploads\/2025\/09\/LNR7A7R4RFD5JKVYUZ247X2LJY.jpg\" width=\"1920\"\/>El creador, Darren Star, asegura que Par\u00eds seguir\u00e1 siendo escenario clave, pese a la nueva etapa de Emily y su trabajo temporal en Roma (Netflix)<\/p>\n<p class=\"paragraph\">La fecha exacta de estreno de los nuevos episodios a\u00fan no ha sido confirmada, aunque se prev\u00e9 que la quinta temporada llegue a <b>Netflix <\/b>a finales de 2025 o principios de 2026.<\/p>\n","protected":false},"excerpt":{"rendered":"Lucien Laviscount adelanta que la nueva entrega traer\u00e1 sorpresas imprevistas y cambios radicales en la trama y los&hellip;\n","protected":false},"author":2,"featured_media":130175,"comment_status":"","ping_status":"","sticky":false,"template":"","format":"standard","meta":{"footnotes":""},"categories":[171],"tags":[146,147,25,24,23,214],"class_list":{"0":"post-130174","1":"post","2":"type-post","3":"status-publish","4":"format-standard","5":"has-post-thumbnail","7":"category-tv","8":"tag-entertainment","9":"tag-entretenimiento","10":"tag-es","11":"tag-espana","12":"tag-spain","13":"tag-tv"},"share_on_mastodon":{"url":"","error":""},"_links":{"self":[{"href":"https:\/\/www.europesays.com\/es\/wp-json\/wp\/v2\/posts\/130174","targetHints":{"allow":["GET"]}}],"collection":[{"href":"https:\/\/www.europesays.com\/es\/wp-json\/wp\/v2\/posts"}],"about":[{"href":"https:\/\/www.europesays.com\/es\/wp-json\/wp\/v2\/types\/post"}],"author":[{"embeddable":true,"href":"https:\/\/www.europesays.com\/es\/wp-json\/wp\/v2\/users\/2"}],"replies":[{"embeddable":true,"href":"https:\/\/www.europesays.com\/es\/wp-json\/wp\/v2\/comments?post=130174"}],"version-history":[{"count":0,"href":"https:\/\/www.europesays.com\/es\/wp-json\/wp\/v2\/posts\/130174\/revisions"}],"wp:featuredmedia":[{"embeddable":true,"href":"https:\/\/www.europesays.com\/es\/wp-json\/wp\/v2\/media\/130175"}],"wp:attachment":[{"href":"https:\/\/www.europesays.com\/es\/wp-json\/wp\/v2\/media?parent=130174"}],"wp:term":[{"taxonomy":"category","embeddable":true,"href":"https:\/\/www.europesays.com\/es\/wp-json\/wp\/v2\/categories?post=130174"},{"taxonomy":"post_tag","embeddable":true,"href":"https:\/\/www.europesays.com\/es\/wp-json\/wp\/v2\/tags?post=130174"}],"curies":[{"name":"wp","href":"https:\/\/api.w.org\/{rel}","templated":true}]}}