{"id":130188,"date":"2025-09-21T19:16:08","date_gmt":"2025-09-21T19:16:08","guid":{"rendered":"https:\/\/www.europesays.com\/es\/130188\/"},"modified":"2025-09-21T19:16:08","modified_gmt":"2025-09-21T19:16:08","slug":"sanchez-viajara-a-nueva-york-para-asistir-a-la-cumbre-de-la-onu-politica","status":"publish","type":"post","link":"https:\/\/www.europesays.com\/es\/130188\/","title":{"rendered":"S\u00e1nchez viajar\u00e1 a Nueva York para asistir a la cumbre de la ONU | Pol\u00edtica"},"content":{"rendered":"<p class=\"loc\">Madrid<\/p>\n<p>El presidente del Gobierno, Pedro S\u00e1nchez, viajar\u00e1 a Nueva York para asistir a la cumbre de la ONU en la que se abordar\u00e1n temas como la guerra en Gaza o el conflicto en Ucrania. Adem\u00e1s, est\u00e1 previsto que durante esta reuni\u00f3n pa\u00edses como Francia, B\u00e9lgica o Malta reconozcan al Estado de Palestina.<\/p>\n<p>M\u00e1s informaci\u00f3n<\/p>\n<p>El presidente no intervendr\u00e1 ante la Asamblea General de Naciones Unidas, pese a que asistir\u00e1 al acto, sino que ser\u00e1 el Rey Felipe VI quien intervendr\u00e1 en nombre de Espa\u00f1a el mi\u00e9rcoles.<\/p>\n<p>Desde Moncloa han explicado que ser\u00e1 el Rey quien hable ante la ONU porque se trata del 80.\u00ba aniversario de la fundaci\u00f3n de esta organizaci\u00f3n, as\u00ed como el 70.\u00ba desde la entrada de Espa\u00f1a. Con ello, lo que busca transmitir el Ejecutivo es el compromiso al m\u00e1s alto nivel de Espa\u00f1a con el multilateralismo en un momento en que est\u00e1 siendo puesto en tela de juicio.<\/p>\n<p>No obstante, la agenda del presidente estar\u00e1 marcada por la guerra en Gaza y la defensa de la soluci\u00f3n de los dos Estados. S\u00e1nchez asistir\u00e1 tanto a la inauguraci\u00f3n el martes como a la intervenci\u00f3n de Felipe VI el mi\u00e9rcoles. <\/p>\n<p>El lunes, el presidente tiene previsto pronunciar una conferencia en la Universidad de Columbia a la que seguir\u00e1 una sesi\u00f3n de preguntas y respuestas por parte de los alumnos y un encuentro con espa\u00f1oles que estudian en el centro. En el encuentro S\u00e1nchez tratar\u00e1 de transmitir su visi\u00f3n particular del mundo actual y su apuesta por una soluci\u00f3n de dos estados para resolver el conflicto de Oriente Pr\u00f3ximo.<\/p>\n<p>Conferencia de los dos Estados<\/p>\n<p>Uno de los eventos principales de la cumbre en Nueva York ser\u00e1 la conferencia sobre la soluci\u00f3n de los dos Estados de este lunes. Organizada por Francia y Arabia Saud\u00ed, este encuentro ser\u00e1 el escenario para el reconocimiento oficial del Estado palestino por parte de varios de los miembros de la ONU.<\/p>\n<p>Sin embargo, la cita tendr\u00e1 lugar sin la presencia de la delegaci\u00f3n palestina, pues Estados Unidos ha denegado el visado a sus representantes.<\/p>\n<p>No obstante, Moncloa parece mostrar su satisfacci\u00f3n con que m\u00e1s naciones se sumen a la corriente de reconocer a Palestina como Estado, demostrando as\u00ed el compromiso internacional con esta causa.<\/p>\n","protected":false},"excerpt":{"rendered":"Madrid El presidente del Gobierno, Pedro S\u00e1nchez, viajar\u00e1 a Nueva York para asistir a la cumbre de la&hellip;\n","protected":false},"author":2,"featured_media":130189,"comment_status":"","ping_status":"","sticky":false,"template":"","format":"standard","meta":{"footnotes":""},"categories":[42],"tags":[17,18,13,14,11,61,62,63,64,19,20,9,10,15,16,12,21,22,65,66,67],"class_list":{"0":"post-130188","1":"post","2":"type-post","3":"status-publish","4":"format-standard","5":"has-post-thumbnail","7":"category-internacional","8":"tag-breaking-news","9":"tag-breakingnews","10":"tag-featured-news","11":"tag-featurednews","12":"tag-headlines","13":"tag-internacional","14":"tag-international","15":"tag-international-news","16":"tag-internationalnews","17":"tag-latest-news","18":"tag-latestnews","19":"tag-news","20":"tag-noticias","21":"tag-noticias-destacadas","22":"tag-noticiasdestacadas","23":"tag-titulares","24":"tag-ultimas-noticias","25":"tag-ultimasnoticias","26":"tag-world","27":"tag-world-news","28":"tag-worldnews"},"share_on_mastodon":{"url":"","error":""},"_links":{"self":[{"href":"https:\/\/www.europesays.com\/es\/wp-json\/wp\/v2\/posts\/130188","targetHints":{"allow":["GET"]}}],"collection":[{"href":"https:\/\/www.europesays.com\/es\/wp-json\/wp\/v2\/posts"}],"about":[{"href":"https:\/\/www.europesays.com\/es\/wp-json\/wp\/v2\/types\/post"}],"author":[{"embeddable":true,"href":"https:\/\/www.europesays.com\/es\/wp-json\/wp\/v2\/users\/2"}],"replies":[{"embeddable":true,"href":"https:\/\/www.europesays.com\/es\/wp-json\/wp\/v2\/comments?post=130188"}],"version-history":[{"count":0,"href":"https:\/\/www.europesays.com\/es\/wp-json\/wp\/v2\/posts\/130188\/revisions"}],"wp:featuredmedia":[{"embeddable":true,"href":"https:\/\/www.europesays.com\/es\/wp-json\/wp\/v2\/media\/130189"}],"wp:attachment":[{"href":"https:\/\/www.europesays.com\/es\/wp-json\/wp\/v2\/media?parent=130188"}],"wp:term":[{"taxonomy":"category","embeddable":true,"href":"https:\/\/www.europesays.com\/es\/wp-json\/wp\/v2\/categories?post=130188"},{"taxonomy":"post_tag","embeddable":true,"href":"https:\/\/www.europesays.com\/es\/wp-json\/wp\/v2\/tags?post=130188"}],"curies":[{"name":"wp","href":"https:\/\/api.w.org\/{rel}","templated":true}]}}