{"id":130194,"date":"2025-09-21T19:19:17","date_gmt":"2025-09-21T19:19:17","guid":{"rendered":"https:\/\/www.europesays.com\/es\/130194\/"},"modified":"2025-09-21T19:19:17","modified_gmt":"2025-09-21T19:19:17","slug":"el-joven-navarro-adrian-sola-destaca-en-la-victoria-del-barca-al-anotar-8-tantos","status":"publish","type":"post","link":"https:\/\/www.europesays.com\/es\/130194\/","title":{"rendered":"El joven navarro Adri\u00e1n Sola destaca en la victoria del Bar\u00e7a al anotar 8 tantos"},"content":{"rendered":"<p>                                                                 En el que ha sido su mejor encuentro con el primer equipo del Bar\u00e7a, el joven navarro <strong>Adri\u00e1n Sola Basterra<\/strong> destacaba este pasado s\u00e1bado 20 de septiembre en el primer triunfo del conjunto azulgrana como local en esta <strong>Liga Nexus Asobal<\/strong>. Los de Antonio Carlos Ortega derrotaban <strong>35-25 al Atl\u00e9tico Valladolid <\/strong>en el Palau azulgrana apenas tres d\u00edas despu\u00e9s de haber ca\u00eddo en ese mismo escenario por 21-22 en la Liga de Campeones frente a un <strong>SC Magdeburg<\/strong> que tuvo a otro navarro, en este caso <a href=\"https:\/\/www.diariodenavarra.es\/noticias\/deportes\/balonmano\/2025\/09\/19\/sergey-hernandez-historia-el-magdeburgo-660832-1051.html\" target=\"_blank\" rel=\"nofollow noopener\">el meta pamplon\u00e9s Sergey Hern\u00e1ndez, a su gran protagonista<\/a>.\u00a0<br \/>\nY es que, en el encuentro liguero, Sola -quien la pasada campa\u00f1a se convert\u00eda en el <a href=\"https:\/\/www.diariodenavarra.es\/noticias\/deportes\/balonmano\/2025\/03\/09\/sangueesino-el-segundo-debutante-joven-liga-historia-barca-640270-1051.html\" target=\"_blank\" rel=\"nofollow noopener\">segundo debutante m\u00e1s joven <\/a>en la liga nacional de la historia del Bar\u00e7a y hace apenas 10 d\u00edas anotaba un tanto en <a href=\"https:\/\/www.diariodenavarra.es\/noticias\/deportes\/balonmano\/2025\/09\/11\/el-sangueesino-adrian-sola-basterra-el-extremo-barca-liga-campeones-660058-1051.html\" target=\"_blank\" rel=\"nofollow noopener\">su primer encuentro en la Liga de Campeones<\/a>&#8211; fue capaz de convertirse en el m\u00e1ximo anotador de los cul\u00e9s. El extremo derecho anotaba 8 goles -5 de ellos ya en la primera mitad- para aprovechar a la perfecci\u00f3n la confianza que su entrenador deposit\u00f3 en \u00e9l en este primer duelo del equipo en el Palau, firmando un 88,8% de acierto con<strong> 8 dianas en 9 lanzamientos<\/strong>.<\/p>\n<p>Baz\u00e1n, al igual que el resto del equipo, aprovech\u00f3 este primer partido para ofrecer a la afici\u00f3n catalana los dos t\u00edtulos que ha conseguido por ahora esta temporada: la <strong>Supercopa Ib\u00e9rica<\/strong> y la <strong>Supercopa de Catalunya<\/strong>.<\/p>\n<p>\u00a0Por otra parte, <strong>Xavier Gonz\u00e1lez<\/strong> tambi\u00e9n destac\u00f3 en el extremo del Bidasoa, conjunto que superaba al Angel Xim\u00e9nez Puente Genil (30-36), al anotar 5 de los 6 lanzamientos que realiz\u00f3 (dos de ellos al contragolpe).\u00a0<\/p>\n<p>Otro navarro que ha disfrutado esta jornada de la victoria ha sido <strong>Josu Arzoz<\/strong>. El pivote de Zizur lograba el triunfo con el Nava frente al Cangas Frigor\u00edficos Morrazo (34-33) que entrena <strong>Quique Dom\u00ednguez<\/strong>, ex t\u00e9cnico de Anaitasuna. El internacional navarro anot\u00f3 los dos lanzamientos que realiz\u00f3.<\/p>\n<p>Peor suerte ha tenido <strong>Aitor Albizu<\/strong>, que vio como su equipo esta temporada, el Ademar, ced\u00eda un 36-39 en la visita del Granollers a Le\u00f3n. El primera l\u00ednea estell\u00e9s anot\u00f3 1 de sus 3 lanzamientos.\u00a0 Tampoco han tenido fortuna, dentro de los partidos celebrados este domingo 21 de septiembre, el pivote pamplon\u00e9s <strong>Aitor Garc\u00eda<\/strong> y el primera l\u00ednea<strong> Unai Gal\u00e1n<\/strong>, de Huarte, con el Logro\u00f1o. El conjunto riojano ha cedido su duelo en la pista del Torrelavega (29-25) sin tantos de ninguno de los navarros presentes en la convocatorio riojana.\u00a0<\/p>\n","protected":false},"excerpt":{"rendered":"En el que ha sido su mejor encuentro con el primer equipo del Bar\u00e7a, el joven navarro Adri\u00e1n&hellip;\n","protected":false},"author":2,"featured_media":130195,"comment_status":"","ping_status":"","sticky":false,"template":"","format":"standard","meta":{"footnotes":""},"categories":[278],"tags":[2722,376,168,158,25,24,375,1928,3403,9236,23,167],"class_list":{"0":"post-130194","1":"post","2":"type-post","3":"status-publish","4":"format-standard","5":"has-post-thumbnail","7":"category-balonmano","8":"tag-adrian","9":"tag-balonmano","10":"tag-deportes","11":"tag-el","12":"tag-es","13":"tag-espana","14":"tag-handball","15":"tag-joven","16":"tag-navarro","17":"tag-sola","18":"tag-spain","19":"tag-sports"},"share_on_mastodon":{"url":"","error":""},"_links":{"self":[{"href":"https:\/\/www.europesays.com\/es\/wp-json\/wp\/v2\/posts\/130194","targetHints":{"allow":["GET"]}}],"collection":[{"href":"https:\/\/www.europesays.com\/es\/wp-json\/wp\/v2\/posts"}],"about":[{"href":"https:\/\/www.europesays.com\/es\/wp-json\/wp\/v2\/types\/post"}],"author":[{"embeddable":true,"href":"https:\/\/www.europesays.com\/es\/wp-json\/wp\/v2\/users\/2"}],"replies":[{"embeddable":true,"href":"https:\/\/www.europesays.com\/es\/wp-json\/wp\/v2\/comments?post=130194"}],"version-history":[{"count":0,"href":"https:\/\/www.europesays.com\/es\/wp-json\/wp\/v2\/posts\/130194\/revisions"}],"wp:featuredmedia":[{"embeddable":true,"href":"https:\/\/www.europesays.com\/es\/wp-json\/wp\/v2\/media\/130195"}],"wp:attachment":[{"href":"https:\/\/www.europesays.com\/es\/wp-json\/wp\/v2\/media?parent=130194"}],"wp:term":[{"taxonomy":"category","embeddable":true,"href":"https:\/\/www.europesays.com\/es\/wp-json\/wp\/v2\/categories?post=130194"},{"taxonomy":"post_tag","embeddable":true,"href":"https:\/\/www.europesays.com\/es\/wp-json\/wp\/v2\/tags?post=130194"}],"curies":[{"name":"wp","href":"https:\/\/api.w.org\/{rel}","templated":true}]}}