{"id":130200,"date":"2025-09-21T19:23:08","date_gmt":"2025-09-21T19:23:08","guid":{"rendered":"https:\/\/www.europesays.com\/es\/130200\/"},"modified":"2025-09-21T19:23:08","modified_gmt":"2025-09-21T19:23:08","slug":"la-pregunta-que-todo-el-mundo-se-hace","status":"publish","type":"post","link":"https:\/\/www.europesays.com\/es\/130200\/","title":{"rendered":"La pregunta que todo el mundo se hace.."},"content":{"rendered":"<p class=\"L6-news-detail__text\"><b>Roger Federer<\/b> est\u00e1 viviendo estos d\u00edas la celebraci\u00f3n de &#8216;su torneo&#8217;. El suizo no se ha querido perder nada de la <b><a title=\"Laver Cup\" href=\"https:\/\/www.lasexta.com\/noticias\/deportes\/tenis\/carismatico-momento-alcaraz-federer-laver-cup-todo-que-hace-hace_2025092068ce9ff5394a8138739241e9.html\" target=\"_blank\" rel=\"nofollow noopener\">Laver Cup<\/a><\/b> que naci\u00f3 a modo de homenaje hace unos a\u00f1os por su retirada. El equipo del <b>Resto del Mundo<\/b> tiene muy encarrilado el t\u00edtulo y solo una remontada soberbia del cuadro europeo evitar\u00eda que el equipo dirigido por <b>Andr\u00e9 Agassi<\/b> levantara el trofeo.<\/p>\n<p class=\"L6-news-detail__text\"><b><a title=\"Carlos Alcaraz\" href=\"https:\/\/www.lasexta.com\/noticias\/deportes\/tenis\/inexplicable-maleficio-que-persigue-carlos-alcaraz-cada-vez-que-gana-grand-slam_2025092168d01c2f1b05386b62aaf908.html\" target=\"_blank\" rel=\"nofollow noopener\">Carlos Alcaraz<\/a><\/b> ha jugado un total de dos partidos. Gan\u00f3 el primero, en dobles, junto a <b>Jakub Mensik<\/b> pero sucumbi\u00f3 en su debut en individuales ante Taylor Fritz con un resultado tan sorprendente como contundente, 6-3 y 6-2 para el estadounidense.<\/p>\n<p class=\"L6-news-detail__text\">Carlitos viene de coronarse en el US Open ante <b>Jannik Sinner<\/b>. El espa\u00f1ol y el italiano son claros dominadores del panorama del tenis mundial. <b>Federer<\/b> ha opinado sobre la superioridad que tienen Jannik y Carlitos con respecto al resto de tenistas. Algo parecido a lo que sufr\u00eda \u00e9l con <b>Rafa Nadal<\/b> hasta que apareci\u00f3 <b><a title=\"Novak Djokovic\" href=\"https:\/\/www.lasexta.com\/noticias\/deportes\/tenis\/confesion-alcaraz-siente-presion-superar-nadal-djokovic-federer-disfruto_2025091968cd4438a2dd1a7e0d0bb397.html\" target=\"_blank\" rel=\"nofollow noopener\">Novak Djokovic<\/a><\/b>.<\/p>\n<p class=\"L6-news-detail__text\">Es precisamente eso lo que se pregunta el helv\u00e9tico: \u00bfaparecer\u00e1 alguien que les pueda competir a los dos mejores tenistas del momento?: \u00abTodos sab\u00edamos que iban a ser buenos. Todos sab\u00edamos que iban a ser muy buenos. Pero <b>nadie se esperaba este dominio<\/b> tan pronto\u00bb.<\/p>\n<p class=\"L6-news-detail__text\">\u00abTengo que reconocer que es impresionante. Es espectacular para el tenis que est\u00e9n jugando una y otra final entre ellos en los mayores escenarios de este deporte. Ya se <b>han construido un nombre<\/b> y ahora la siguiente pregunta que nos hacemos es qui\u00e9n ser\u00e1 el siguiente. Sabemos que Novak ya ha hecho una carrera legendaria pero no <b>sabemos qui\u00e9n ser\u00e1 el pr\u00f3ximo<\/b> que se una a ese grupo de \u00e9lite\u00bb, explica Federer en unas declaraciones para &#8216;Tennis Channel&#8217;.<\/p>\n<p class=\"L6-news-detail__text\">A\u00fan as\u00ed, Federer no tiene claro que vaya a aparecer alguien: \u00abVa a <b>ser dif\u00edcil y va a llevar algo de tiempo<\/b>. No sabemos cuanto tiempo van a seguir haciendo esto porque yo he estado ah\u00ed, s\u00e9 lo dif\u00edcil que es y ellos hacen que <b>parezca f\u00e1cil<\/b>\u00ab.<\/p>\n<p class=\"L6-support-news-video__title\">El Cafelito<\/p>\n<p>            <a href=\"https:\/\/www.lasexta.com\/noticias\/deportes\/motor\/experiencia-alex-marquez-marc-como-companero-repente-hay-mucha-presion-tsunami_2025091868cbbdbf1b05386b629ff243.html\" class=\"L6-news__link\" rel=\"nofollow noopener\" target=\"_blank\"><br \/>\n                La experiencia de Alex M\u00e1rquez con Marc como compa\u00f1ero: \u00abDe repente hay mucha presi\u00f3n&#8230; es un tsunami\u00bb<\/p>\n<p class=\"recirculation-video-desc\">El piloto acude a &#8216;El Cafelito&#8217; de Josep Pedrerol y repasa la situaci\u00f3n de Pecco Bagnaia y c\u00f3mo es Marc como compa\u00f1ero de equipo.<\/p>\n<p>            <\/a><\/p>\n","protected":false},"excerpt":{"rendered":"Roger Federer est\u00e1 viviendo estos d\u00edas la celebraci\u00f3n de &#8216;su torneo&#8217;. El suizo no se ha querido perder&hellip;\n","protected":false},"author":2,"featured_media":101490,"comment_status":"","ping_status":"","sticky":false,"template":"","format":"standard","meta":{"footnotes":""},"categories":[274],"tags":[168,25,24,23,167,327,326],"class_list":{"0":"post-130200","1":"post","2":"type-post","3":"status-publish","4":"format-standard","5":"has-post-thumbnail","7":"category-tenis","8":"tag-deportes","9":"tag-es","10":"tag-espana","11":"tag-spain","12":"tag-sports","13":"tag-tenis","14":"tag-tennis"},"share_on_mastodon":{"url":"","error":""},"_links":{"self":[{"href":"https:\/\/www.europesays.com\/es\/wp-json\/wp\/v2\/posts\/130200","targetHints":{"allow":["GET"]}}],"collection":[{"href":"https:\/\/www.europesays.com\/es\/wp-json\/wp\/v2\/posts"}],"about":[{"href":"https:\/\/www.europesays.com\/es\/wp-json\/wp\/v2\/types\/post"}],"author":[{"embeddable":true,"href":"https:\/\/www.europesays.com\/es\/wp-json\/wp\/v2\/users\/2"}],"replies":[{"embeddable":true,"href":"https:\/\/www.europesays.com\/es\/wp-json\/wp\/v2\/comments?post=130200"}],"version-history":[{"count":0,"href":"https:\/\/www.europesays.com\/es\/wp-json\/wp\/v2\/posts\/130200\/revisions"}],"wp:featuredmedia":[{"embeddable":true,"href":"https:\/\/www.europesays.com\/es\/wp-json\/wp\/v2\/media\/101490"}],"wp:attachment":[{"href":"https:\/\/www.europesays.com\/es\/wp-json\/wp\/v2\/media?parent=130200"}],"wp:term":[{"taxonomy":"category","embeddable":true,"href":"https:\/\/www.europesays.com\/es\/wp-json\/wp\/v2\/categories?post=130200"},{"taxonomy":"post_tag","embeddable":true,"href":"https:\/\/www.europesays.com\/es\/wp-json\/wp\/v2\/tags?post=130200"}],"curies":[{"name":"wp","href":"https:\/\/api.w.org\/{rel}","templated":true}]}}