{"id":130209,"date":"2025-09-21T19:31:12","date_gmt":"2025-09-21T19:31:12","guid":{"rendered":"https:\/\/www.europesays.com\/es\/130209\/"},"modified":"2025-09-21T19:31:12","modified_gmt":"2025-09-21T19:31:12","slug":"mika-se-arrodilla-tras-escuchar-el-enorme-talento-de-esta-talent-eligeme","status":"publish","type":"post","link":"https:\/\/www.europesays.com\/es\/130209\/","title":{"rendered":"Mika se arrodilla tras escuchar el enorme talento de esta talent: \u201cEl\u00edgeme\u201d"},"content":{"rendered":"<p><b>Nela <\/b>ha revolucionado el plat\u00f3 de<b> La Voz<\/b> con su actuaci\u00f3n. <b>Pablo L\u00f3pez<\/b> se ha quedado tan prendado de su voz que <b>ha bloqueado a Sebasti\u00e1n Yatra<\/b> y <b>superbloqueado a Mal\u00fa<\/b> para quitarse rivales de encima.<\/p>\n<p>Antes de que <b>Nela <\/b>pudiese elegir entre Mika y Pablo L\u00f3pez, la talent nos ha regalado un <b>momento musical<\/b> interpretando <b><a title=\"\u2018Someone Like You\u2019\" href=\"https:\/\/www.antena3.com\/programas\/la-voz\/magia-nela-emociona-someone-like-you-junto-pablo-lopez-piano_2025091968cdbebb1b05386b62a66610.html\" target=\"_blank\" rel=\"nofollow noopener\">\u2018Someone Like You\u2019<\/a><\/b> de Adele, con el coach que tanto la deseaba al piano.<\/p>\n<p><b>Mika <\/b>no ha podido evitar <b>arrodillarse <\/b>en cuanto <b>Nela <\/b>ha terminado de cantar para <b>pedirle <\/b>que se vaya a <b>su equipo<\/b>, algo con lo que la talent no contaba. \u201c\u00bfD\u00f3nde estoy? \u00bfEs esto una nube?\u201d, pensaba la cantante.<\/p>\n<p>Tal y como tem\u00eda <b>Pablo L\u00f3pez<\/b> despu\u00e9s de este momento, <b>Nela <\/b>ha decidido dejarse llevar por sus sentimientos y <b>se ha ido con Mika<\/b>. \u00a1Revive este momento \u00fanico del programa d\u00e1ndole play al v\u00eddeo de arriba!<\/p>\n<p>   <img decoding=\"async\" title=\"Sebasti\u00e1n Yatra\" alt=\"Sebasti\u00e1n Yatra\" width=\"480\" height=\"270\" src=\"https:\/\/www.europesays.com\/es\/wp-content\/uploads\/2025\/09\/sebastian-yatra_70.jpg\" loading=\"lazy\" class=\"lazy\"\/><\/p>\n","protected":false},"excerpt":{"rendered":"Nela ha revolucionado el plat\u00f3 de La Voz con su actuaci\u00f3n. Pablo L\u00f3pez se ha quedado tan prendado&hellip;\n","protected":false},"author":2,"featured_media":130210,"comment_status":"","ping_status":"","sticky":false,"template":"","format":"standard","meta":{"footnotes":""},"categories":[171],"tags":[146,147,25,24,23,214],"class_list":{"0":"post-130209","1":"post","2":"type-post","3":"status-publish","4":"format-standard","5":"has-post-thumbnail","7":"category-tv","8":"tag-entertainment","9":"tag-entretenimiento","10":"tag-es","11":"tag-espana","12":"tag-spain","13":"tag-tv"},"share_on_mastodon":{"url":"","error":""},"_links":{"self":[{"href":"https:\/\/www.europesays.com\/es\/wp-json\/wp\/v2\/posts\/130209","targetHints":{"allow":["GET"]}}],"collection":[{"href":"https:\/\/www.europesays.com\/es\/wp-json\/wp\/v2\/posts"}],"about":[{"href":"https:\/\/www.europesays.com\/es\/wp-json\/wp\/v2\/types\/post"}],"author":[{"embeddable":true,"href":"https:\/\/www.europesays.com\/es\/wp-json\/wp\/v2\/users\/2"}],"replies":[{"embeddable":true,"href":"https:\/\/www.europesays.com\/es\/wp-json\/wp\/v2\/comments?post=130209"}],"version-history":[{"count":0,"href":"https:\/\/www.europesays.com\/es\/wp-json\/wp\/v2\/posts\/130209\/revisions"}],"wp:featuredmedia":[{"embeddable":true,"href":"https:\/\/www.europesays.com\/es\/wp-json\/wp\/v2\/media\/130210"}],"wp:attachment":[{"href":"https:\/\/www.europesays.com\/es\/wp-json\/wp\/v2\/media?parent=130209"}],"wp:term":[{"taxonomy":"category","embeddable":true,"href":"https:\/\/www.europesays.com\/es\/wp-json\/wp\/v2\/categories?post=130209"},{"taxonomy":"post_tag","embeddable":true,"href":"https:\/\/www.europesays.com\/es\/wp-json\/wp\/v2\/tags?post=130209"}],"curies":[{"name":"wp","href":"https:\/\/api.w.org\/{rel}","templated":true}]}}